{"id":3024,"date":"2019-11-05T15:14:18","date_gmt":"2019-11-05T14:14:18","guid":{"rendered":"https:\/\/venezia.webdiocesi.it\/pastorale-giovanile\/?p=3024"},"modified":"2019-12-06T09:56:06","modified_gmt":"2019-12-06T08:56:06","slug":"pellegrinaggio-dei-giovani-alla-madonna-della-salute-2019","status":"publish","type":"post","link":"https:\/\/www.patriarcatovenezia.it\/pastorale-giovanile\/2019\/11\/05\/pellegrinaggio-dei-giovani-alla-madonna-della-salute-2019\/","title":{"rendered":"Pellegrinaggio dei giovani alla Madonna della Salute 2019"},"content":{"rendered":"<hr \/>\n<p>Cari amici,<\/p>\n<p>\u00e8 ormai prossimo l\u2019appuntamento del Pellegrinaggio dei giovani alla Madonna della Salute. La sera del <strong>20 novembre<\/strong> ci ritroveremo in <strong>Piazza San Marco alle 18.15<\/strong> per l\u2019<strong>accoglienza<\/strong> dei giovani e la distribuzione del materiale in modo da iniziare il gesto alle 18.30.<\/p>\n<p>Come potrete vedere nella locandina allegata, quest\u2019anno il titolo del Pellegrinaggio sar\u00e0 <strong><em>Madre, fiducia nostra<\/em><\/strong>.<\/p>\n<p>L\u2019intento \u00e8 quello di vivere il cammino alla Madonna della Salute in sintonia con le <strong>sollecitazioni<\/strong> che ci giungono dalla proposta incentrata, in questo <strong>anno pastorale<\/strong>, sul <strong>Battesimo<\/strong> e sulla <strong>missione<\/strong>. Nei misteri dell\u2019Annunciazione e della Visitazione ripercorriamo la vicenda di Maria che, nella quotidianit\u00e0 di una vita piena di domande e di progetti, dubbi e speranze, \u00e8 raggiunta dal Mistero di Dio che la abbraccia e la apre ad un\u2019esistenza prima impensabile. Nel cuore di Maria, totalmente consegnata a questo Mistero si accende dunque una fiducia nuova: si accende una speranza che rende la vita pi\u00f9 bella e pi\u00f9 vera. A ben vedere, \u00e8 quanto accade anche nella vicenda di <em>Atti 8,26-40<\/em>, presa quale punto di riferimento per il presente anno pastorale. In essa vediamo come le domande dell\u2019eunuco trovano risposta grazie all\u2019incontro inatteso e imprevisto con il diacono Filippo. Un incontro che ricorda a noi il giorno in cui tutto \u00e8 iniziato: il giorno del nostro Battesimo. Il giorno in cui il Mistero di Cristo ha abbracciato la nostra vita consegnandola a quella fedelt\u00e0 che \u00e8 solo di Dio e, dunque, aprendola alla possibilit\u00e0 di una fiducia sempre nuova. Ecco, cari amici, la certezza che tutto il mondo attende e che ogni battezzato \u00e8 chiamato a comunicare. \u00c8 la naturale testimonianza di questa vita nuova e si chiama missione.<\/p>\n<p>Per sottolineare questo aspetto, per aiutarci cio\u00e8 a comprendere il naturale legame che unisce il Battesimo e la vocazione missionaria di ogni cristiano, insieme a noi e al Patriarca Francesco camminer\u00e0 <strong>Suor Maria Angela Bertelli<\/strong>, missionaria Saveriana a lungo impegnata in Africa e in Thailandia dove ha fondato, a Bangkok, la Casa degli Angeli. A lei chiederemo, una volta giunti ai piedi dell\u2019icona della Madonna della Salute, una testimonianza sulla sua vocazione\u2026 motivo per cui vi invitiamo caldamente a vedere insieme ai vostri gruppi \u2013 <strong>scaricandolo dal sito della PGVE<\/strong> \u2013 il <strong><a href=\"https:\/\/venezia.webdiocesi.it\/pastorale-giovanile\/s-videogallery\/pellegrinaggio-salute-2019-suor-angela\/\">video dell\u2019intervista rilasciata dalla stessa Suor Maria Angela a Monica Mondo su TV2000<\/a> e il testo di Atti 8,26-40<\/strong>. Pu\u00f2 essere un\u2019occasione davvero preziosa per prepararsi a vivere al meglio con i giovani il Pellegrinaggio.<\/p>\n<p>In tal senso, \u00e8 giusto anche ricordare che quest\u2019anno <strong>il Pellegrinaggio \u00e8 organizzato dalla PGVE insieme all\u2019Ufficio Missionario. <\/strong>A tal fine non mancher\u00e0 materiale utile alla sensibilizzazione dei giovani alle missioni.<\/p>\n<p>A presto!<\/p>\n<p style=\"text-align: right\"><em>don Francesco Marchesi<\/em><\/p>\n<p style=\"text-align: right\"><em>don Paolo Ferrazzo<\/em><\/p>\n<hr \/>\n<h3 style=\"text-align: left\"><strong><a href=\"https:\/\/venezia.webdiocesi.it\/pastorale-giovanile\/s-videogallery\/pellegrinaggio-salute-2019-suor-angela\/\">LA TESTIMONE suor Maria Angela Bertelli &#8211; video intervista<\/a><\/strong><\/h3>\n<hr \/>\n<h3><span style=\"color: #000080\"><strong>ATTENZIONE!!! Quest&#8217;anno non arriveranno locandine nelle parrocchie &gt;&gt;&gt; aiutateci a promuovere l&#8217;evento tramite i social \ud83d\ude09<\/strong><\/span><\/h3>\n<hr \/>\n<p><strong>MATERIALE<\/strong><\/p>\n<ul>\n<li><strong><a href=\"https:\/\/venezia.webdiocesi.it\/pastorale-giovanile\/2019\/11\/18\/pellegrinaggio-salute-variazione-percorso\/\">Pellegrinaggio Salute: variazione percorso<\/a><\/strong><\/li>\n<li><strong><a href=\"https:\/\/venezia.webdiocesi.it\/pastorale-giovanile\/2019\/11\/18\/preghiera-di-affidamento-per-il-pellegrinaggio-alla-salute\/\">Preghiera di affidamento per il Pellegrinaggio alla Salute<\/a><\/strong><\/li>\n<li><strong><a href=\"https:\/\/venezia.webdiocesi.it\/pastorale-giovanile\/2019\/11\/22\/pellegrinaggio-dei-giovani-alla-madonna-della-salute-testo-introduzione\/\">Pellegrinaggio dei giovani alla Madonna della Salute &#8211; testo introduzione<\/a><\/strong><\/li>\n<li><strong><a href=\"https:\/\/venezia.webdiocesi.it\/pastorale-giovanile\/2019\/11\/29\/testimonianza-di-sr-angela-alla-salute\/\">Testimonianza di sr Angela alla Salute<\/a><\/strong><\/li>\n<li><strong><a style=\"font-weight: 400\" href=\"https:\/\/venezia.webdiocesi.it\/pastorale-giovanile\/2019\/12\/02\/franz-jagerstatter-il-testimone-scelto-per-i-giovani-dal-patriarca-alla-salute\/\">Franz J\u00e4gerst\u00e4tter, il testimone scelto dal Patriarca per i giovani alla Salute<\/a><\/strong><\/li>\n<li><strong><a href=\"https:\/\/venezia.webdiocesi.it\/pastorale-giovanile\/2019\/12\/06\/franz-jagerstatter-lintervento-del-patriarca-al-pellegrinaggio-alla-salute\/\">Franz J\u00e4gerst\u00e4tter: intervento del Patriarca al Pellegrinaggio alla Salute<\/a><\/strong><\/li>\n<li><strong><a href=\"https:\/\/venezia.webdiocesi.it\/pastorale-giovanile\/s-photogallery\/pellegrinaggio-alla-salute-2019-photogallery\/\">Pellegrinaggio alla Salute &#8211; photogallery<\/a><\/strong><\/li>\n<li><strong><a href=\"https:\/\/venezia.webdiocesi.it\/pastorale-giovanile\/2019\/11\/22\/pellegrinaggio-dei-giovani-alla-madonna-della-salute-2019-foto\/\">Pellegrinaggio dei giovani alla Madonna della Salute 2019 &#8211; foto<\/a><\/strong><\/li>\n<\/ul>\n","protected":false},"excerpt":{"rendered":"<p>Cari amici, \u00e8 ormai prossimo l\u2019appuntamento del Pellegrinaggio dei giovani alla Madonna della Salute. La sera del 20 novembre ci ritroveremo in Piazza San Marco alle 18.15 per l\u2019accoglienza dei giovani e la distribuzione del materiale in modo da iniziare il gesto alle 18.30. Come potrete vedere nella locandina allegata, quest\u2019anno il titolo del Pellegrinaggio [&hellip;]<\/p>\n","protected":false},"author":0,"featured_media":3022,"comment_status":"closed","ping_status":"closed","sticky":false,"template":"","format":"standard","meta":{"_acf_changed":false,"ip_address":"","user_agent":"","level":"","revision":"","cookie_id":"","page_referer":"","html_form":"","footnotes":""},"categories":[306,88,307,1,108,311,312],"tags":[],"class_list":["post-3024","post","type-post","status-publish","format-standard","has-post-thumbnail","hentry","category-adolescenti","category-attivita","category-giovani","category-news","category-pellegrinaggio-salute","category-pgve","category-spiritualita"],"acf":[],"_links":{"self":[{"href":"https:\/\/www.patriarcatovenezia.it\/pastorale-giovanile\/wp-json\/wp\/v2\/posts\/3024"}],"collection":[{"href":"https:\/\/www.patriarcatovenezia.it\/pastorale-giovanile\/wp-json\/wp\/v2\/posts"}],"about":[{"href":"https:\/\/www.patriarcatovenezia.it\/pastorale-giovanile\/wp-json\/wp\/v2\/types\/post"}],"author":[{"embeddable":true,"href":"https:\/\/www.patriarcatovenezia.it\/pastorale-giovanile\/wp-json\/wp\/v2\/users\/10"}],"replies":[{"embeddable":true,"href":"https:\/\/www.patriarcatovenezia.it\/pastorale-giovanile\/wp-json\/wp\/v2\/comments?post=3024"}],"version-history":[{"count":3,"href":"https:\/\/www.patriarcatovenezia.it\/pastorale-giovanile\/wp-json\/wp\/v2\/posts\/3024\/revisions"}],"predecessor-version":[{"id":3095,"href":"https:\/\/www.patriarcatovenezia.it\/pastorale-giovanile\/wp-json\/wp\/v2\/posts\/3024\/revisions\/3095"}],"wp:featuredmedia":[{"embeddable":true,"href":"https:\/\/www.patriarcatovenezia.it\/pastorale-giovanile\/wp-json\/wp\/v2\/media\/3022"}],"wp:attachment":[{"href":"https:\/\/www.patriarcatovenezia.it\/pastorale-giovanile\/wp-json\/wp\/v2\/media?parent=3024"}],"wp:term":[{"taxonomy":"category","embeddable":true,"href":"https:\/\/www.patriarcatovenezia.it\/pastorale-giovanile\/wp-json\/wp\/v2\/categories?post=3024"},{"taxonomy":"post_tag","embeddable":true,"href":"https:\/\/www.patriarcatovenezia.it\/pastorale-giovanile\/wp-json\/wp\/v2\/tags?post=3024"}],"curies":[{"name":"wp","href":"https:\/\/api.w.org\/{rel}","templated":true}]}}