{"id":3003,"date":"2019-10-28T08:05:17","date_gmt":"2019-10-28T07:05:17","guid":{"rendered":"https:\/\/venezia.webdiocesi.it\/pastorale-giovanile\/?p=3003"},"modified":"2019-10-28T08:05:17","modified_gmt":"2019-10-28T07:05:17","slug":"siamo-tutti-irresponsabili-vivere-la-responsabilita-oggi","status":"publish","type":"post","link":"https:\/\/www.patriarcatovenezia.it\/pastorale-giovanile\/2019\/10\/28\/siamo-tutti-irresponsabili-vivere-la-responsabilita-oggi\/","title":{"rendered":"Siamo tutti (ir)responsabili?: vivere la responsabilit\u00e0 oggi"},"content":{"rendered":"<div class=\"\">\n<p class=\"_1mf _1mj\"><span>Iniziativa rivolta in particolare ai giovani dal titolo &#8220;Siamo tutti (ir)responsabili?: vivere la responsabilit\u00e0 oggi&#8221; &#8211; Incontro con don Tony Drazza, assistente nazionale del settore giovani di Azione Cattolica.<\/span><\/p>\n<p class=\"_1mf _1mj\">Don Tony aiuter\u00e0 a riflettere sul tema della &#8220;responsabilit\u00e0&#8221;, sulla crisi di responsabilit\u00e0 che coinvolge molti ambiti della vita di tutti i giorni. L\u2019incontro \u00e8 aperto a tutti sia aderenti all\u2019A.C. che non aderenti (educatori, capi scout, giovani che si stanno impegnando nel servizio&#8230;).<\/p>\n<\/div>\n<div class=\"_1mf _1mj\">\n<p><span class=\"_5zk7\"><span>#danonperdere<\/span><\/span> <span class=\"_5zk7\"><span>#responsabilita<\/span><\/span> <span class=\"_5zk7\"><span>#giovani<\/span><\/span><\/p>\n<\/div>\n<p><a href=\"https:\/\/www.acvenezia.net\/home\/siamo-tutti-irresponsabili-vivere-la-responsabilita-oggi\/\">Info serata<\/a><\/p>\n<div class=\"\"><\/div>\n<div class=\"\">\n<div class=\"_1mf _1mj\"><\/div>\n<\/div>\n","protected":false},"excerpt":{"rendered":"<p>Iniziativa rivolta in particolare ai giovani dal titolo &#8220;Siamo tutti (ir)responsabili?: vivere la responsabilit\u00e0 oggi&#8221; &#8211; Incontro con don Tony Drazza, assistente nazionale del settore giovani di Azione Cattolica. Don Tony aiuter\u00e0 a riflettere sul tema della &#8220;responsabilit\u00e0&#8221;, sulla crisi di responsabilit\u00e0 che coinvolge molti ambiti della vita di tutti i giorni. L\u2019incontro \u00e8 aperto [&hellip;]<\/p>\n","protected":false},"author":0,"featured_media":3004,"comment_status":"closed","ping_status":"closed","sticky":false,"template":"","format":"standard","meta":{"_acf_changed":false,"ip_address":"","user_agent":"","level":"","revision":"","cookie_id":"","page_referer":"","html_form":"","footnotes":""},"categories":[1],"tags":[],"class_list":["post-3003","post","type-post","status-publish","format-standard","has-post-thumbnail","hentry","category-news"],"acf":[],"_links":{"self":[{"href":"https:\/\/www.patriarcatovenezia.it\/pastorale-giovanile\/wp-json\/wp\/v2\/posts\/3003"}],"collection":[{"href":"https:\/\/www.patriarcatovenezia.it\/pastorale-giovanile\/wp-json\/wp\/v2\/posts"}],"about":[{"href":"https:\/\/www.patriarcatovenezia.it\/pastorale-giovanile\/wp-json\/wp\/v2\/types\/post"}],"author":[{"embeddable":true,"href":"https:\/\/www.patriarcatovenezia.it\/pastorale-giovanile\/wp-json\/wp\/v2\/users\/10"}],"replies":[{"embeddable":true,"href":"https:\/\/www.patriarcatovenezia.it\/pastorale-giovanile\/wp-json\/wp\/v2\/comments?post=3003"}],"version-history":[{"count":3,"href":"https:\/\/www.patriarcatovenezia.it\/pastorale-giovanile\/wp-json\/wp\/v2\/posts\/3003\/revisions"}],"predecessor-version":[{"id":3007,"href":"https:\/\/www.patriarcatovenezia.it\/pastorale-giovanile\/wp-json\/wp\/v2\/posts\/3003\/revisions\/3007"}],"wp:featuredmedia":[{"embeddable":true,"href":"https:\/\/www.patriarcatovenezia.it\/pastorale-giovanile\/wp-json\/wp\/v2\/media\/3004"}],"wp:attachment":[{"href":"https:\/\/www.patriarcatovenezia.it\/pastorale-giovanile\/wp-json\/wp\/v2\/media?parent=3003"}],"wp:term":[{"taxonomy":"category","embeddable":true,"href":"https:\/\/www.patriarcatovenezia.it\/pastorale-giovanile\/wp-json\/wp\/v2\/categories?post=3003"},{"taxonomy":"post_tag","embeddable":true,"href":"https:\/\/www.patriarcatovenezia.it\/pastorale-giovanile\/wp-json\/wp\/v2\/tags?post=3003"}],"curies":[{"name":"wp","href":"https:\/\/api.w.org\/{rel}","templated":true}]}}