{"id":2866,"date":"2019-06-27T12:28:49","date_gmt":"2019-06-27T10:28:49","guid":{"rendered":"https:\/\/venezia.webdiocesi.it\/pastorale-giovanile\/?p=2866"},"modified":"2019-06-27T12:28:49","modified_gmt":"2019-06-27T10:28:49","slug":"campi-estate-liberi-presso-cittadella-di-assisi","status":"publish","type":"post","link":"https:\/\/www.patriarcatovenezia.it\/pastorale-giovanile\/2019\/06\/27\/campi-estate-liberi-presso-cittadella-di-assisi\/","title":{"rendered":"Campi &#8220;Estate liberi&#8221; presso Cittadella di Assisi"},"content":{"rendered":"<p>Da alcuni anni a questa parte la Pro Civitate Christiana ha aderito al progetto Estate Liberi, promosso da <em>Libera associazioni nomi numeri contro le mafie<\/em>. Si tratta di un progetto che abbraccia tutto il territorio italiano e si articola in diversi campi di formazione e di impegno a cui prendono parte ogni anno migliaia di persone, giovani e meno giovani, in particolare studenti delle scuole superiori e dell\u2019universit\u00e0. Ogni campo ha una sua peculiarit\u00e0 data dal territorio nel quale si inserisce, dal bene nel quale si svolgono le attivit\u00e0, dal tipo di cooperativa o di associazione che gestisce il bene\u2026<\/p>\n<p>Ogni campo ha un racconto particolare da comunicare ai partecipanti, una storia da fare conoscere, una testimonianza di resistenza alle mafie e di promozione di una cultura alternativa a queste che chiede ai partecipanti di essere non solo ascoltata, ma anche emulata. A tal proposito, ad Assisi, l\u2019esperienza e la spiritualit\u00e0 di Francesco, il \u201cpoverello\u201d, ci parlano in modo forte di quel cambiamento che noi tutti auspichiamo, dall\u2019indifferenza alla solidariet\u00e0, dall\u2019ingiustizia alla giustizia, dal disumano all\u2019umano, dall\u2019egoismo dell\u2019\u201cio\u201d alla condivisione della fraternit\u00e0 (del \u201cnoi\u201d), dal degrado ecologico ed ambientale alla cura e alla salvaguardia del creato. In un territorio quale quello umbro, da qualche anno diventato campo di azione delle mafie, occorre fare memoria di quel giovane assisano che centinaia di anni fa con il suo esempio innesc\u00f2 una vera e propria rivoluzione culturale che riusc\u00ec a destabilizzare il sistema corrotto interno alla chiesa.<\/p>\n<p>L\u2019esperienza di Francesco nella storia \u00e8 stata ispiratrice di tanti movimenti ed associazioni tra cui la Pro Civitate Christiana che da 80 anni ha il suo centro proprio ad Assisi, in Cittadella, luogo che ha caratterizzato l\u2019impegno dei tanti volontari, i quali da decenni anni hanno promosso, in diversi modi e a pi\u00f9 livelli, la cultura del dialogo e dell\u2019incontro, elementi pi\u00f9 che mai necessari nel momento storico attuale, nel quale i muri del pregiudizio sembrano avere la meglio.<\/p>\n<p>Alla luce di tutto ci\u00f2 Estate Liberi ad Assisi si presenta come una proposta molto utile ed arricchente, in particolare per il percorso formativo dei giovani.<\/p>\n<p>In Cittadella, a Luglio, si terranno due campi di Estate Liberi aperti ai maggiorenni. La prima settimana di campo andr\u00e0 dal 13 al 20 luglio, la seconda dal 21 al 28 luglio.<br \/>\nPer informazioni e iscrizioni visitare il sito di Libera cliccando su questi link:<\/p>\n<p><a href=\"http:\/\/www.libera.it\/schede-967-campo_per_singoli_ad_assisi?fbclid=IwAR0R5brsHrFmA_w0RysqrgsAGTIT--PP2pgqnbVmrJbwLvq4SdsU6nFWm2I\">http:\/\/www.libera.it\/schede-967-campo_per_singoli_ad_assisi<\/a><\/p>\n<p><a href=\"http:\/\/www.libera.it\/schede-968-campo_per_singoli_ad_assisi?fbclid=IwAR2b9FRd2b3hHW-4PhQcbw1jAiFR1U1BZcGCyQbDQ7iyeMPIknv_8MWnN5I\">http:\/\/www.libera.it\/schede-968-campo_per_singoli_ad_assisi<\/a><\/p>\n","protected":false},"excerpt":{"rendered":"<p>Da alcuni anni a questa parte la Pro Civitate Christiana ha aderito al progetto Estate Liberi, promosso da Libera associazioni nomi numeri contro le mafie. Si tratta di un progetto che abbraccia tutto il territorio italiano e si articola in diversi campi di formazione e di impegno a cui prendono parte ogni anno migliaia di [&hellip;]<\/p>\n","protected":false},"author":0,"featured_media":2867,"comment_status":"closed","ping_status":"closed","sticky":false,"template":"","format":"standard","meta":{"_acf_changed":false,"ip_address":"","user_agent":"","level":"","revision":"","cookie_id":"","page_referer":"","html_form":"","footnotes":""},"categories":[307,1],"tags":[],"class_list":["post-2866","post","type-post","status-publish","format-standard","has-post-thumbnail","hentry","category-giovani","category-news"],"acf":[],"_links":{"self":[{"href":"https:\/\/www.patriarcatovenezia.it\/pastorale-giovanile\/wp-json\/wp\/v2\/posts\/2866"}],"collection":[{"href":"https:\/\/www.patriarcatovenezia.it\/pastorale-giovanile\/wp-json\/wp\/v2\/posts"}],"about":[{"href":"https:\/\/www.patriarcatovenezia.it\/pastorale-giovanile\/wp-json\/wp\/v2\/types\/post"}],"author":[{"embeddable":true,"href":"https:\/\/www.patriarcatovenezia.it\/pastorale-giovanile\/wp-json\/wp\/v2\/users\/10"}],"replies":[{"embeddable":true,"href":"https:\/\/www.patriarcatovenezia.it\/pastorale-giovanile\/wp-json\/wp\/v2\/comments?post=2866"}],"version-history":[{"count":2,"href":"https:\/\/www.patriarcatovenezia.it\/pastorale-giovanile\/wp-json\/wp\/v2\/posts\/2866\/revisions"}],"predecessor-version":[{"id":2869,"href":"https:\/\/www.patriarcatovenezia.it\/pastorale-giovanile\/wp-json\/wp\/v2\/posts\/2866\/revisions\/2869"}],"wp:featuredmedia":[{"embeddable":true,"href":"https:\/\/www.patriarcatovenezia.it\/pastorale-giovanile\/wp-json\/wp\/v2\/media\/2867"}],"wp:attachment":[{"href":"https:\/\/www.patriarcatovenezia.it\/pastorale-giovanile\/wp-json\/wp\/v2\/media?parent=2866"}],"wp:term":[{"taxonomy":"category","embeddable":true,"href":"https:\/\/www.patriarcatovenezia.it\/pastorale-giovanile\/wp-json\/wp\/v2\/categories?post=2866"},{"taxonomy":"post_tag","embeddable":true,"href":"https:\/\/www.patriarcatovenezia.it\/pastorale-giovanile\/wp-json\/wp\/v2\/tags?post=2866"}],"curies":[{"name":"wp","href":"https:\/\/api.w.org\/{rel}","templated":true}]}}