{"id":2846,"date":"2019-05-30T08:45:52","date_gmt":"2019-05-30T06:45:52","guid":{"rendered":"https:\/\/venezia.webdiocesi.it\/pastorale-giovanile\/?p=2846"},"modified":"2019-05-30T08:46:23","modified_gmt":"2019-05-30T06:46:23","slug":"sono-aperte-le-iscrizioni-alla-facolta-teologica-del-triveneto-per-lanno-accademico-2019-2020","status":"publish","type":"post","link":"https:\/\/www.patriarcatovenezia.it\/pastorale-giovanile\/2019\/05\/30\/sono-aperte-le-iscrizioni-alla-facolta-teologica-del-triveneto-per-lanno-accademico-2019-2020\/","title":{"rendered":"Sono aperte le iscrizioni alla Facolt\u00e0 teologica del Triveneto per l\u2019anno accademico 2019\/2020"},"content":{"rendered":"<p>L\u2019offerta formativa, nel suo complesso, \u00e8 mirata a preparare <strong>insegnanti di religione<\/strong>, a qualificare e aggiornare <strong>persone che<\/strong> <strong>operano a livello educativo <\/strong>nei diversi ambiti pastorali della comunit\u00e0 cristiana e in quelli della societ\u00e0 civile.<\/p>\n<p>Due i percorsi di studio disponibili: <strong>Teologia<\/strong> (nei tre gradi del baccalaureato, licenza e dottorato) e <strong>Scienze religiose<\/strong> (laurea e laurea magistrale).<\/p>\n<p>Possibilit\u00e0 di iscriversi a singoli corsi come uditori.<\/p>\n<p><em>Fra le novit\u00e0:<\/em> un corso di Teologia della missione; l\u2019attenzione a temi attuali quali <em>la citt\u00e0<\/em> e la pastorale nella dimensione urbana del vivere, e <em>la conversione<\/em> tra religione, spiritualit\u00e0 e stili di vita.<\/p>\n<p>&nbsp;<\/p>\n<p>Ulteriori informazioni al link: <a href=\"http:\/\/www.fttr.it\/aa-20192020-i-percorsi-universitari-di-teologia-e-scienze-religiose-della-fttr\/\">http:\/\/www.fttr.it\/aa-20192020-i-percorsi-universitari-di-teologia-e-scienze-religiose-della-fttr\/<\/a> ) e in allegato i depliant dei diversi cicli di studio:<\/p>\n<ul>\n<li><strong><a href=\"https:\/\/venezia.webdiocesi.it\/pastorale-giovanile\/wp-content\/uploads\/sites\/6\/2019\/05\/cs-20_2019-iscrizioni-fttr-2019-2020-novit\u00e0.docx\">cs 20_2019 iscrizioni fttr 2019-2020 novit\u00e0<\/a><\/strong><\/li>\n<li><strong><a href=\"https:\/\/venezia.webdiocesi.it\/pastorale-giovanile\/wp-content\/uploads\/sites\/6\/2019\/05\/FTTR-1baccalaureato-2019-20.pdf\">FTTR 1baccalaureato 2019-20<\/a><\/strong><\/li>\n<li><strong><a href=\"https:\/\/venezia.webdiocesi.it\/pastorale-giovanile\/wp-content\/uploads\/sites\/6\/2019\/05\/FTTR-2licenza-2019-20.pdf\">FTTR 2licenza 2019-20<\/a><\/strong><\/li>\n<li><strong><a href=\"https:\/\/venezia.webdiocesi.it\/pastorale-giovanile\/wp-content\/uploads\/sites\/6\/2019\/05\/FTTR-3dottorato.pdf\">FTTR 3dottorato<\/a><\/strong><\/li>\n<li><strong><a href=\"https:\/\/venezia.webdiocesi.it\/pastorale-giovanile\/wp-content\/uploads\/sites\/6\/2019\/05\/FTTR-locandina-2019-20.pdf\">FTTR locandina 2019-20<\/a><\/strong><\/li>\n<li><strong><a href=\"https:\/\/venezia.webdiocesi.it\/pastorale-giovanile\/wp-content\/uploads\/sites\/6\/2019\/05\/FTTR_depliant-generale-2019-20.pdf\">FTTR_depliant generale 2019-20<\/a><\/strong><\/li>\n<\/ul>\n<hr \/>\n<p style=\"text-align: center\">COMUNICATO STAMPA 20\/2019<\/p>\n<p style=\"text-align: center\">Padova, 29 maggio 2019<\/p>\n<p><strong>\u00a0<\/strong><\/p>\n<p><strong>FACOLT\u00c0 TEOLOGICA DEL TRIVENETO<\/strong><\/p>\n<p><strong>Percorsi di qualificazione e aggiornamento per laici\/che, religiosi\/e, diaconi e presbiteri<\/strong><\/p>\n<p><strong>\u00a0<\/strong><\/p>\n<p><strong>Nella sede centrale di Padova \u00e8 possibile conseguire i titoli di baccalaureato (primo ciclo),\u00a0<\/strong><strong>di licenza (secondo ciclo) \u2013 nelle due specializzazioni: teologia pastorale e teologia spirituale \u2013\u00a0<\/strong><strong>e di dottorato (terzo ciclo).<\/strong><\/p>\n<p><strong>Possibilit\u00e0 di approfondire singoli temi per la formazione personale e proposta di corsi riconosciuti dal Miur per l\u2019aggiornamento dei docenti. <em>Iscrizioni anche come uditori<\/em>.<\/strong><\/p>\n<p><strong>Fra le novit\u00e0: un corso di <em>Teologia della missione<\/em>; l\u2019attenzione alla <em>citt\u00e0<\/em> e alla pastorale nella dimensione urbana del vivere, e alla <em>conversione<\/em> tra religione, spiritualit\u00e0 e stili di vita. <\/strong><\/p>\n<p><strong>\u00a0<\/strong><\/p>\n<p><strong>Sono aperte le iscrizioni all\u2019anno accademico 2019\/2020<\/strong><\/p>\n<p><strong>\u00a0<\/strong><\/p>\n<ol>\n<li><strong> Primo ciclo.<\/strong> Il <strong>percorso istituzionale<\/strong> (info: <a href=\"http:\/\/www.fttr.it\/offerta-formativa\/percorso-di-teologia\/ciclo-istituzionale\/presentazione-1-ciclo\/\">www.fttr.it\/offerta-formativa\/percorso-di-teologia\/ciclo-istituzionale\/presentazione-1-ciclo\/<\/a>) presenta per l\u2019anno accademico 2019\/2020 due novit\u00e0. Innanzitutto un <strong>corso di Teologia della missione<\/strong>, che nasce nel contesto del mese missionario straordinario indetto da papa Francesco per ottobre 2019 con l\u2019intento di \u00abrisvegliare la consapevolezza della <em>missio ad gentes<\/em> e riprendere con nuovo slancio la responsabilit\u00e0 dell\u2019annuncio del Vangelo\u00bb. Si tratta di un corso complementare di 24 ore complessive (2 ore a settimana, nel primo semestre), a cui \u00e8 possibile iscriversi come uditori; \u00e8 aperto a <strong>coloro che in vario modo gravitano nell\u2019ambito missionario<\/strong>, come collaboratori degli uffici diocesani o animatori per la sensibilizzazione missionaria nelle parrocchie, e a tutte le persone interessate al tema.<\/li>\n<\/ol>\n<p>Da ottobre, inoltre, alcuni corsi \u2013 Teologia della missione, Teologia morale sociale, Teologia morale familiare e Didattica Irc \u2013 saranno <strong>validi per l\u2019aggiornamento e la formazione dei docenti <\/strong>delle scuole di ogni ordine e grado, in quanto la Facolt\u00e0 \u00e8 ente accreditato presso il <strong>Miur<\/strong> ai sensi della Direttiva 170\/2016 (iscrizioni ai corsi tramite la piattaforma SOFIA).<\/p>\n<ul>\n<li>Per approfondire: <a href=\"http:\/\/www.fttr.it\/primo-ciclo-un-punto-di-vista-diverso-sul-mondo\/\">http:\/\/www.fttr.it\/primo-ciclo-un-punto-di-vista-diverso-sul-mondo\/<\/a><\/li>\n<\/ul>\n<ol start=\"2\">\n<li><strong> Secondo ciclo.<\/strong> La proposta formativa del <strong>percorso di licenza<\/strong> (specializzazione in <strong><em>Teologia pastorale<\/em><\/strong> e, in collaborazione con l\u2019Istituto teologico sant\u2019Antonio dottore di Padova, <strong><em>Teologia spirituale<\/em><\/strong> \u2013 info: <a href=\"http:\/\/www.fttr.it\/offerta-formativa\/percorso-di-teologia\/ciclo-di-licenza-2\/secondo-ciclo-presentazione\">www.fttr.it\/offerta-formativa\/percorso-di-teologia\/ciclo-di-licenza-2\/secondo-ciclo-presentazione<\/a>) sar\u00e0 caratterizzata da temi di attualit\u00e0 pastorale e culturale.<\/li>\n<\/ol>\n<p>In particolare, si segnalano i <strong>due seminari-laboratori <\/strong>annuali.<\/p>\n<ol>\n<li><strong><em> \u00abRaggiungere con la parola di Ges\u00f9 i nuclei pi\u00f9 profondi dell\u2019anima delle citt\u00e0 (EG 74): una sfida per l\u2019evangelizzazione<\/em><\/strong> (indirizzo pastorale)<\/li>\n<\/ol>\n<p>Il percorso di studio, coordinato dai proff. <strong>Ezio Falavegna<\/strong> e <strong>Dario Vivian<\/strong>, porta l\u2019attenzione sul tema della citt\u00e0 e della pastorale nella dimensione urbana del vivere.<\/p>\n<p>Evangelii gaudium <em>trova un ambito di confronto sfidante e insieme promettente nelle citt\u00e0, che determinano la mentalit\u00e0 di donne e uomini del nostro tempo. L\u2019urbanizzazione \u00e8 infatti un fenomeno che segna anche quanti non abitano nelle metropoli. Gli stili di vita, infatti, sono sempre pi\u00f9 improntati alle modalit\u00e0 urbane di abitare gli spazi e ritmare i tempi. In questo hanno un ruolo non indifferente la rete e il mondo dei social, in particolare per quanto riguarda l\u2019universo giovanile.<\/em><\/p>\n<p><em>Il seminario-laboratorio intende avvalersi di contributi interdisciplinari di docenti ed esperti, che costituiscono la prima parte del corso. Sulla base di queste riflessioni si avvier\u00e0 il percorso della seconda parte, che procede con un\u2019attenzione prevalente alle prassi. Su di esse, infatti, si articola il lavoro seminariale dei partecipanti, divisi in gruppi, chiamati ad elaborarne una lettura critica per ricavare indicazioni pastorali utili ad assumere la sfida delineata da papa Francesco: raggiungere con l\u2019evangelo i nuclei pi\u00f9 profondi dell\u2019anima delle citt\u00e0.<\/em><\/p>\n<p>Nel percorso di attenzione verso il tema della citt\u00e0 si pone anche il <strong>corso di liturgia<\/strong> \u201cCelebrare il mistero di Cristo nel contesto ecclesiale urbano\u201d, tenuto dal prof. <strong>Gianandrea Di Donna<\/strong>.<\/p>\n<ul>\n<li>Per approfondire: <a href=\"http:\/\/www.fttr.it\/secondo-ciclo-tp-culture-urbane-sfida-per-levangelizzazione\/\">http:\/\/www.fttr.it\/secondo-ciclo-tp-culture-urbane-sfida-per-levangelizzazione\/<\/a><\/li>\n<\/ul>\n<ol>\n<li><strong><em> Conversioni e conversione. Pensare la conversione oggi tra religione, spiritualit\u00e0 e stili di vita <\/em><\/strong>(indirizzo spirituale)<\/li>\n<\/ol>\n<p>Il percorso, coordinato dai proff. <strong>Giuseppe Quaranta <\/strong>e<strong> Ugo Sartorio<\/strong>, si soffermer\u00e0 sul tema del convertirsi, un fenomeno non pi\u00f9 prettamente religioso, ma ormai trasversale, dalla professione allo stile di vita, secondo la logica della sperimentazione e dell\u2019adesione con diritto di permuta.<\/p>\n<p><em>Mentre nei secoli della cristianit\u00e0 si parlava della conversione in prospettiva prevalentemente missionaria e, in via eccezionale, in rapporto a grandi figure di convertiti, da qualche tempo si sta profilando una figura inedita di convertito. Nell\u2019ambito delle scienze umane e sociali, ad esempio, si parla di <\/em>conversion careers<em> per riferimento al fatto che i soggetti del dopo-religione sono tentati di convertirsi in tutte le direzioni, attirati non tanto dalla <\/em>conversione<em> (una volta per tutte), quanto piuttosto dal <\/em>convertirsi<em> (il sempre di nuovo cambiare condizione). A livello religioso, poi, aumentano le conversioni da una religione all\u2019altra, cos\u00ec come eventi di risveglio e di rinascita all\u2019interno della stessa tradizione religiosa (si pensi ai <\/em>born again<em>); per non parlare dei nuovi movimenti religiosi e di fenomeni come il <\/em>brainwashing<em> e la deprogrammazione. Un tema che la teologia spirituale poteva affrontare, fino a non molti anni fa, in maniera lineare senza uscire dai suoi confini, esige oggi un approccio decisamente interdisciplinare.<\/em><\/p>\n<ul>\n<li>Per approfondire: <a href=\"http:\/\/www.fttr.it\/secondo-ciclo-ts-convertirsi-oggi-tra-religione-spiritualita-e-stili-di-vita\/\">http:\/\/www.fttr.it\/secondo-ciclo-ts-convertirsi-oggi-tra-religione-spiritualita-e-stili-di-vita\/<\/a><\/li>\n<\/ul>\n<p>&nbsp;<\/p>\n<p>Oltre ai seminari, il ciclo di licenza offre <u>una variet\u00e0 di corsi che, come i seminari-laboratori, sono proposti anche singolarmente per la formazione e l\u2019aggiornamento dei presbiteri e degli operatori pastorali e dei laici<\/u> che desiderino approfondire un\u2019identit\u00e0 credente capace di affrontare la complessit\u00e0 culturale attuale.<\/p>\n<ol start=\"3\">\n<li><strong> Terzo ciclo.<\/strong> Per chi intenda completare la formazione teologica, la Facolt\u00e0 offre il <strong>ciclo di dottorato<\/strong> (<a href=\"http:\/\/www.fttr.it\/offerta-formativa\/percorso-di-teologia\/ciclo-di-dottorato\/presentazione-3-ciclo\/\">www.fttr.it\/offerta-formativa\/percorso-di-teologia\/ciclo-di-dottorato\/presentazione-3-ciclo\/<\/a>): un vero laboratorio di pensiero dove lo studente pu\u00f2 sviluppare un contributo originale e creativo nell\u2019ambito della teologia. Il titolo di dottorato abilita all\u2019insegnamento e alla ricerca presso facolt\u00e0 ecclesiastiche e istituti teologici a livello universitario.<\/li>\n<\/ol>\n<hr \/>\n<h3 style=\"text-align: center\"><em>Per informazioni:<\/em> Segreteria generale, via del Seminario, 7 \u2013 35122 Padova, tel. 049-664116<\/h3>\n<h3 style=\"text-align: center\"><a href=\"mailto:segreteria@fttr.it\">segreteria@fttr.it<\/a> \u2013 <a href=\"http:\/\/www.fttr.it\">www.fttr.it<\/a><\/h3>\n<h3 style=\"text-align: center\">Facebook<em>\u00a0 <\/em><a href=\"https:\/\/www.facebook.com\/facoltateologicatriveneto\/\">@facoltateologicatriveneto<\/a> &#8211; Twitter @fac_teol_triven<\/h3>\n<hr \/>\n<h3 style=\"text-align: center\"><strong>Le ISCRIZIONI alla Facolt\u00e0 teologica del Triveneto sono aperte<\/strong><\/h3>\n<h3 style=\"text-align: center\"><strong>FINO A FINE SETTEMBRE<\/strong><\/h3>\n<h3 style=\"text-align: center\"><strong>(tranne il periodo di chiusura della segreteria, dal 22 luglio al 26 agosto)<\/strong><\/h3>\n","protected":false},"excerpt":{"rendered":"<p>L\u2019offerta formativa, nel suo complesso, \u00e8 mirata a preparare insegnanti di religione, a qualificare e aggiornare persone che operano a livello educativo nei diversi ambiti pastorali della comunit\u00e0 cristiana e in quelli della societ\u00e0 civile. Due i percorsi di studio disponibili: Teologia (nei tre gradi del baccalaureato, licenza e dottorato) e Scienze religiose (laurea e [&hellip;]<\/p>\n","protected":false},"author":0,"featured_media":2853,"comment_status":"closed","ping_status":"closed","sticky":false,"template":"","format":"standard","meta":{"_acf_changed":false,"ip_address":"","user_agent":"","level":"","revision":"","cookie_id":"","page_referer":"","html_form":"","footnotes":""},"categories":[307,1],"tags":[],"class_list":["post-2846","post","type-post","status-publish","format-standard","has-post-thumbnail","hentry","category-giovani","category-news"],"acf":[],"_links":{"self":[{"href":"https:\/\/www.patriarcatovenezia.it\/pastorale-giovanile\/wp-json\/wp\/v2\/posts\/2846"}],"collection":[{"href":"https:\/\/www.patriarcatovenezia.it\/pastorale-giovanile\/wp-json\/wp\/v2\/posts"}],"about":[{"href":"https:\/\/www.patriarcatovenezia.it\/pastorale-giovanile\/wp-json\/wp\/v2\/types\/post"}],"author":[{"embeddable":true,"href":"https:\/\/www.patriarcatovenezia.it\/pastorale-giovanile\/wp-json\/wp\/v2\/users\/10"}],"replies":[{"embeddable":true,"href":"https:\/\/www.patriarcatovenezia.it\/pastorale-giovanile\/wp-json\/wp\/v2\/comments?post=2846"}],"version-history":[{"count":2,"href":"https:\/\/www.patriarcatovenezia.it\/pastorale-giovanile\/wp-json\/wp\/v2\/posts\/2846\/revisions"}],"predecessor-version":[{"id":2855,"href":"https:\/\/www.patriarcatovenezia.it\/pastorale-giovanile\/wp-json\/wp\/v2\/posts\/2846\/revisions\/2855"}],"wp:featuredmedia":[{"embeddable":true,"href":"https:\/\/www.patriarcatovenezia.it\/pastorale-giovanile\/wp-json\/wp\/v2\/media\/2853"}],"wp:attachment":[{"href":"https:\/\/www.patriarcatovenezia.it\/pastorale-giovanile\/wp-json\/wp\/v2\/media?parent=2846"}],"wp:term":[{"taxonomy":"category","embeddable":true,"href":"https:\/\/www.patriarcatovenezia.it\/pastorale-giovanile\/wp-json\/wp\/v2\/categories?post=2846"},{"taxonomy":"post_tag","embeddable":true,"href":"https:\/\/www.patriarcatovenezia.it\/pastorale-giovanile\/wp-json\/wp\/v2\/tags?post=2846"}],"curies":[{"name":"wp","href":"https:\/\/api.w.org\/{rel}","templated":true}]}}