{"id":2781,"date":"2019-02-14T09:01:56","date_gmt":"2019-02-14T08:01:56","guid":{"rendered":"https:\/\/venezia.webdiocesi.it\/pastorale-giovanile\/?p=2781"},"modified":"2019-02-14T09:02:58","modified_gmt":"2019-02-14T08:02:58","slug":"2781","status":"publish","type":"post","link":"https:\/\/www.patriarcatovenezia.it\/pastorale-giovanile\/2019\/02\/14\/2781\/","title":{"rendered":"Pastorale vocazionale"},"content":{"rendered":"<hr \/>\n<p>Il Signore non smette mai di chiamare nelle nostre comunit\u00e0 i futuri pastori della nostra Chiesa diocesana e la bellezza della vita consacrata pu\u00f2 conquistare il cuore anche di chi non ha l&#8217;occasione di incontrarla spesso.<\/p>\n<p>Per i GIOVANI DELLE SUPERIORI c&#8217;\u00e8 la possibilit\u00e0 di frequentare la Comunit\u00e0 San Giovanni, momenti di residenza nei fine settimana (dalle 18 di sabato alla domenica mattina) presso il\u00a0<a class=\"profileLink\" href=\"http:\/\/www.seminariovenezia.it\">Seminario Patriarcale di Venezia<\/a>\u00a0e una piccola regola di vita spirituale.<\/p>\n<p><span class=\"text_exposed_show\">Dall&#8217;11 al 18 agosto presso Villa Maria Ausiliatrice a S. Vito di Cadore la proposta della Settimana Vocazionale per i GIOVANI DELLE SUPERIORI E UNIVERSITARI che desiderano interrogarsi per una settimana sulla seria possibilit\u00e0 di dedicare la propria vita al Signore nel sacerdozio.<\/span><\/p>\n<div class=\"text_exposed_show\">\n<p>Per informazioni contattare il seminarista incaricato\u00a0Lorenzo 3482470131 o scrivere a chierichetti@patriarcatovenezia.it.<\/p>\n<\/div>\n<p>&nbsp;<\/p>\n<p><a href=\"https:\/\/venezia.webdiocesi.it\/pastorale-giovanile\/wp-content\/uploads\/sites\/6\/2019\/02\/Campo-Giovani_Pagina_1.jpg\" data-rel=\"lightbox-image-0\" data-rl_title=\"\" data-rl_caption=\"\" title=\"\"><img loading=\"lazy\" decoding=\"async\" class=\"aligncenter wp-image-2783 size-medium\" src=\"https:\/\/venezia.webdiocesi.it\/pastorale-giovanile\/wp-content\/uploads\/sites\/6\/2019\/02\/Campo-Giovani_Pagina_1-300x212.jpg\" alt=\"\" width=\"300\" height=\"212\" srcset=\"https:\/\/www.patriarcatovenezia.it\/pastorale-giovanile\/wp-content\/uploads\/sites\/6\/2019\/02\/Campo-Giovani_Pagina_1-300x212.jpg 300w, https:\/\/www.patriarcatovenezia.it\/pastorale-giovanile\/wp-content\/uploads\/sites\/6\/2019\/02\/Campo-Giovani_Pagina_1-768x543.jpg 768w, https:\/\/www.patriarcatovenezia.it\/pastorale-giovanile\/wp-content\/uploads\/sites\/6\/2019\/02\/Campo-Giovani_Pagina_1-1024x724.jpg 1024w, https:\/\/www.patriarcatovenezia.it\/pastorale-giovanile\/wp-content\/uploads\/sites\/6\/2019\/02\/Campo-Giovani_Pagina_1-360x255.jpg 360w, https:\/\/www.patriarcatovenezia.it\/pastorale-giovanile\/wp-content\/uploads\/sites\/6\/2019\/02\/Campo-Giovani_Pagina_1-1320x933.jpg 1320w\" sizes=\"(max-width: 300px) 100vw, 300px\" \/><\/a> <a href=\"https:\/\/venezia.webdiocesi.it\/pastorale-giovanile\/wp-content\/uploads\/sites\/6\/2019\/02\/Campo-Giovani_Pagina_2.jpg\" data-rel=\"lightbox-image-1\" data-rl_title=\"\" data-rl_caption=\"\" title=\"\"><img loading=\"lazy\" decoding=\"async\" class=\"size-medium wp-image-2784 aligncenter\" src=\"https:\/\/venezia.webdiocesi.it\/pastorale-giovanile\/wp-content\/uploads\/sites\/6\/2019\/02\/Campo-Giovani_Pagina_2-300x212.jpg\" alt=\"\" width=\"300\" height=\"212\" srcset=\"https:\/\/www.patriarcatovenezia.it\/pastorale-giovanile\/wp-content\/uploads\/sites\/6\/2019\/02\/Campo-Giovani_Pagina_2-300x212.jpg 300w, https:\/\/www.patriarcatovenezia.it\/pastorale-giovanile\/wp-content\/uploads\/sites\/6\/2019\/02\/Campo-Giovani_Pagina_2-768x542.jpg 768w, https:\/\/www.patriarcatovenezia.it\/pastorale-giovanile\/wp-content\/uploads\/sites\/6\/2019\/02\/Campo-Giovani_Pagina_2-1024x722.jpg 1024w, https:\/\/www.patriarcatovenezia.it\/pastorale-giovanile\/wp-content\/uploads\/sites\/6\/2019\/02\/Campo-Giovani_Pagina_2-360x254.jpg 360w, https:\/\/www.patriarcatovenezia.it\/pastorale-giovanile\/wp-content\/uploads\/sites\/6\/2019\/02\/Campo-Giovani_Pagina_2-1320x931.jpg 1320w\" sizes=\"(max-width: 300px) 100vw, 300px\" \/><\/a><\/p>\n","protected":false},"excerpt":{"rendered":"<p>Il Signore non smette mai di chiamare nelle nostre comunit\u00e0 i futuri pastori della nostra Chiesa diocesana e la bellezza della vita consacrata pu\u00f2 conquistare il cuore anche di chi non ha l&#8217;occasione di incontrarla spesso. Per i GIOVANI DELLE SUPERIORI c&#8217;\u00e8 la possibilit\u00e0 di frequentare la Comunit\u00e0 San Giovanni, momenti di residenza nei fine [&hellip;]<\/p>\n","protected":false},"author":0,"featured_media":2783,"comment_status":"closed","ping_status":"closed","sticky":false,"template":"","format":"standard","meta":{"_acf_changed":false,"ip_address":"","user_agent":"","level":"","revision":"","cookie_id":"","page_referer":"","html_form":"","footnotes":""},"categories":[306,307,1,110],"tags":[],"class_list":["post-2781","post","type-post","status-publish","format-standard","has-post-thumbnail","hentry","category-adolescenti","category-giovani","category-news","category-vocazioni"],"acf":[],"_links":{"self":[{"href":"https:\/\/www.patriarcatovenezia.it\/pastorale-giovanile\/wp-json\/wp\/v2\/posts\/2781"}],"collection":[{"href":"https:\/\/www.patriarcatovenezia.it\/pastorale-giovanile\/wp-json\/wp\/v2\/posts"}],"about":[{"href":"https:\/\/www.patriarcatovenezia.it\/pastorale-giovanile\/wp-json\/wp\/v2\/types\/post"}],"author":[{"embeddable":true,"href":"https:\/\/www.patriarcatovenezia.it\/pastorale-giovanile\/wp-json\/wp\/v2\/users\/10"}],"replies":[{"embeddable":true,"href":"https:\/\/www.patriarcatovenezia.it\/pastorale-giovanile\/wp-json\/wp\/v2\/comments?post=2781"}],"version-history":[{"count":3,"href":"https:\/\/www.patriarcatovenezia.it\/pastorale-giovanile\/wp-json\/wp\/v2\/posts\/2781\/revisions"}],"predecessor-version":[{"id":2787,"href":"https:\/\/www.patriarcatovenezia.it\/pastorale-giovanile\/wp-json\/wp\/v2\/posts\/2781\/revisions\/2787"}],"wp:featuredmedia":[{"embeddable":true,"href":"https:\/\/www.patriarcatovenezia.it\/pastorale-giovanile\/wp-json\/wp\/v2\/media\/2783"}],"wp:attachment":[{"href":"https:\/\/www.patriarcatovenezia.it\/pastorale-giovanile\/wp-json\/wp\/v2\/media?parent=2781"}],"wp:term":[{"taxonomy":"category","embeddable":true,"href":"https:\/\/www.patriarcatovenezia.it\/pastorale-giovanile\/wp-json\/wp\/v2\/categories?post=2781"},{"taxonomy":"post_tag","embeddable":true,"href":"https:\/\/www.patriarcatovenezia.it\/pastorale-giovanile\/wp-json\/wp\/v2\/tags?post=2781"}],"curies":[{"name":"wp","href":"https:\/\/api.w.org\/{rel}","templated":true}]}}