{"id":2603,"date":"2018-09-17T12:21:33","date_gmt":"2018-09-17T10:21:33","guid":{"rendered":"https:\/\/venezia.webdiocesi.it\/pastorale-giovanile\/?p=2603"},"modified":"2018-09-17T12:21:33","modified_gmt":"2018-09-17T10:21:33","slug":"gfd-2018","status":"publish","type":"post","link":"https:\/\/www.patriarcatovenezia.it\/pastorale-giovanile\/2018\/09\/17\/gfd-2018\/","title":{"rendered":"GFD 2018"},"content":{"rendered":"<hr \/>\n<p>Il Patriarca Francesco domenica 30 settembre ci parler\u00e0 del Kerygma, l&#8217;annuncio di Cristo morto e risorto per la nostra salvezza. \u00c8 il cuore del nostro essere cristiani e del nostro servizio!<\/p>\n<p><strong>Ci sar\u00e0 un tavolo pastorale specifico su &#8220;Giovani e vocazione&#8221; rivolto in particolare agli educatori<\/strong> ma aperto a tutti.<\/p>\n<p>Una Giornata per incontrarsi, confrontarsi, crescere come singoli e come Chiesa di Venezia.<\/p>\n<p><a href=\"https:\/\/venezia.webdiocesi.it\/site\/lamore-di-cristo-ci-possiede-il-kerigma-primo-annuncio-al-centro-della-giornata-formativa-diocesana-del-30-settembre-tutte-le-informazioni-e-le-indicazioni-utili\/\"><strong>Indicazioni utili<\/strong><\/a><\/p>\n","protected":false},"excerpt":{"rendered":"<p>Il Patriarca Francesco domenica 30 settembre ci parler\u00e0 del Kerygma, l&#8217;annuncio di Cristo morto e risorto per la nostra salvezza. \u00c8 il cuore del nostro essere cristiani e del nostro servizio! Ci sar\u00e0 un tavolo pastorale specifico su &#8220;Giovani e vocazione&#8221; rivolto in particolare agli educatori ma aperto a tutti. Una Giornata per incontrarsi, confrontarsi, [&hellip;]<\/p>\n","protected":false},"author":0,"featured_media":2604,"comment_status":"closed","ping_status":"closed","sticky":false,"template":"","format":"standard","meta":{"_acf_changed":false,"ip_address":"","user_agent":"","level":"","revision":"","cookie_id":"","page_referer":"","html_form":"","footnotes":""},"categories":[1,311],"tags":[],"class_list":["post-2603","post","type-post","status-publish","format-standard","has-post-thumbnail","hentry","category-news","category-pgve"],"acf":[],"_links":{"self":[{"href":"https:\/\/www.patriarcatovenezia.it\/pastorale-giovanile\/wp-json\/wp\/v2\/posts\/2603"}],"collection":[{"href":"https:\/\/www.patriarcatovenezia.it\/pastorale-giovanile\/wp-json\/wp\/v2\/posts"}],"about":[{"href":"https:\/\/www.patriarcatovenezia.it\/pastorale-giovanile\/wp-json\/wp\/v2\/types\/post"}],"author":[{"embeddable":true,"href":"https:\/\/www.patriarcatovenezia.it\/pastorale-giovanile\/wp-json\/wp\/v2\/users\/10"}],"replies":[{"embeddable":true,"href":"https:\/\/www.patriarcatovenezia.it\/pastorale-giovanile\/wp-json\/wp\/v2\/comments?post=2603"}],"version-history":[{"count":1,"href":"https:\/\/www.patriarcatovenezia.it\/pastorale-giovanile\/wp-json\/wp\/v2\/posts\/2603\/revisions"}],"predecessor-version":[{"id":2605,"href":"https:\/\/www.patriarcatovenezia.it\/pastorale-giovanile\/wp-json\/wp\/v2\/posts\/2603\/revisions\/2605"}],"wp:featuredmedia":[{"embeddable":true,"href":"https:\/\/www.patriarcatovenezia.it\/pastorale-giovanile\/wp-json\/wp\/v2\/media\/2604"}],"wp:attachment":[{"href":"https:\/\/www.patriarcatovenezia.it\/pastorale-giovanile\/wp-json\/wp\/v2\/media?parent=2603"}],"wp:term":[{"taxonomy":"category","embeddable":true,"href":"https:\/\/www.patriarcatovenezia.it\/pastorale-giovanile\/wp-json\/wp\/v2\/categories?post=2603"},{"taxonomy":"post_tag","embeddable":true,"href":"https:\/\/www.patriarcatovenezia.it\/pastorale-giovanile\/wp-json\/wp\/v2\/tags?post=2603"}],"curies":[{"name":"wp","href":"https:\/\/api.w.org\/{rel}","templated":true}]}}