{"id":2542,"date":"2018-08-29T09:32:16","date_gmt":"2018-08-29T07:32:16","guid":{"rendered":"https:\/\/venezia.webdiocesi.it\/pastorale-giovanile\/?p=2542"},"modified":"2018-08-29T09:32:16","modified_gmt":"2018-08-29T07:32:16","slug":"pastorale-giovanile-in-diocesi-di-venezia-le-tappe-del-prossimo-anno","status":"publish","type":"post","link":"https:\/\/www.patriarcatovenezia.it\/pastorale-giovanile\/2018\/08\/29\/pastorale-giovanile-in-diocesi-di-venezia-le-tappe-del-prossimo-anno\/","title":{"rendered":"Pastorale giovanile in diocesi di Venezia: le tappe del prossimo anno"},"content":{"rendered":"<hr \/>\n<p>Lasciarsi \u00abprovocare profondamente dall\u2019invito gioioso alla santit\u00e0. Nel cammino di quest\u2019anno pastorale ci lasceremo provocare profondamente dall\u2019invito gioioso alla santit\u00e0 che Papa Francesco ha rivolto a tutta la Chiesa nella lettera Gaudete et exsultate\u00bb.<br \/>\n\u00c8 l\u2019obiettivo di fondo dei prossimi passi proposti dalla Pastorale giovanile diocesana che ha gi\u00e0 trasmesso, proprio in questi giorni, le sue linee e i suoi programmi di itinerario per l\u2019anno pastorale 2018\/19.<\/p>\n<p>Scrive infatti il coordinatore don Fabrizio Favaro: \u00abNon si tratta di escogitare qualche percorso nuovo, ma piuttosto di riscoprire ed esplicitare sempre il dono gratuito dell\u2019annuncio del Vangelo \u2013 del kerygma pasquale \u2013 e della fede che abbiamo ricevuto nel Battesimo. La proposta della vita cristiana non \u00e8 infatti primariamente un progetto morale ma la continua riproposta dell\u2019amore gratuito di Dio, la sua chiamata alla pienezza della vita. Sinteticamente possiamo esprimere questa proposta-itinerario attorno a tre parole: annuncio, fede, testimonianza\u00bb.<\/p>\n<p>Per quanto riguarda il metodo, continua, \u00abogni proposta e cammino vanno pensati prima di tutto per gli educatori perch\u00e9 sono chiamati a essere i primi che umilmente accolgono e cercano di vivere il Vangelo mettendosi in gioco personalmente e lasciandosi coinvolgere dalla persona di Ges\u00f9 Cristo. Infatti, solo chi si lascia formare pu\u00f2 a sua volta formare, solo chi segue il Signore pu\u00f2 condurre altri da Lui\u00bb.<br \/>\nVengono, quindi, riproposte alcune priorit\u00e0 fondamentali: la vita spirituale (che non \u00e8 una \u00abvariabile opinabile\u00bb), la dimensione ecclesiale e il sentirsi parte viva di una Chiesa locale, la grande cura nella formazione e la solidit\u00e0 dei contenuti trasmessi per il cammino di fede (\u00absono elemento di seriet\u00e0 e la prima carit\u00e0 che dobbiamo esigere e offrire\u00bb).<\/p>\n<p>In tale contesto emergono poi le varie tappe dell\u2019anno, sar\u00e0 segnato dal Sinodo dei Vescovi in ottobre su \u201cGiovani, fede e discernimento vocazionale\u201d e poi dalla Giornata Mondiale del Giovani che si terr\u00e0 a Panama dal 22 al 27 gennaio 2019.<br \/>\nA livello veneziano ecco gli appuntamenti definiti \u00abnecessari e decisivi\u00bb: domenica 30 settembre 2018, presso l\u2019Istituto San Marco alla Gazzera, la giornata formativa comune d\u2019inizio anno (con mandato agli evangelizzatori); mercoled\u00ec 17 ottobre 2018, alle ore 20.30, presso il Centro pastorale card. Urbani di Zelarino, una serata di formazione per educatori e apertura dell\u2019itinerario di pastorale giovanile; la sera di marted\u00ec 20 novembre a Venezia il pellegrinaggio dei giovani alla Madonna della Salute (sul tema\u201cMaria, donna forte nella fede\u201d), la sera di venerd\u00ec 5 aprile 2019 la Via Crucis diocesana (sul tema \u201cBeati voi\u2026\u201d) e, infine, a maggio una serata speciale per la conclusione dell\u2019anno pastorale.<\/p>\n<p>Gli appuntamenti diocesani della Salute e della Via Crucis saranno, inoltre, arricchiti dalla presenza di testimoni delle Chiese perseguitate attraverso la collaborazione dell\u2019Associazione \u201cAiuto alla Chiesa che soffre\u201d, con l\u2019invito anche a compiere alcuni \u201cgesti\u201d per \u00abricordare a tutti il dramma della persecuzione nei confronti dei fratelli cristiani ancora presente in molte parti del mondo e il germe di fecondit\u00e0 che il loro sacrificio costituisce per tutti noi\u00bb.<\/p>\n<p>La Pastorale giovanile diocesana, infine, raccomanda e propone con insistenza la partecipazione dei giovani alla Scuola di preghiera mensile e agli esercizi spirituali diocesani \u00abcome segni della priorit\u00e0 della vita spirituale e del legame intimo di amicizia con il Signore\u00bb.<\/p>\n<p style=\"text-align: right\">(A.P. &#8211; <a href=\"http:\/\/www.genteveneta.it\/diocesi\/7547\/\">Gente Veneta<\/a>)<\/p>\n","protected":false},"excerpt":{"rendered":"<p>Lasciarsi \u00abprovocare profondamente dall\u2019invito gioioso alla santit\u00e0. Nel cammino di quest\u2019anno pastorale ci lasceremo provocare profondamente dall\u2019invito gioioso alla santit\u00e0 che Papa Francesco ha rivolto a tutta la Chiesa nella lettera Gaudete et exsultate\u00bb. \u00c8 l\u2019obiettivo di fondo dei prossimi passi proposti dalla Pastorale giovanile diocesana che ha gi\u00e0 trasmesso, proprio in questi giorni, le [&hellip;]<\/p>\n","protected":false},"author":0,"featured_media":2543,"comment_status":"closed","ping_status":"closed","sticky":false,"template":"","format":"standard","meta":{"_acf_changed":false,"ip_address":"","user_agent":"","level":"","revision":"","cookie_id":"","page_referer":"","html_form":"","footnotes":""},"categories":[306,304,307,1,108,311,312,107,110],"tags":[],"class_list":["post-2542","post","type-post","status-publish","format-standard","has-post-thumbnail","hentry","category-adolescenti","category-equipe-e-consulta","category-giovani","category-news","category-pellegrinaggio-salute","category-pgve","category-spiritualita","category-via-crucis","category-vocazioni"],"acf":[],"_links":{"self":[{"href":"https:\/\/www.patriarcatovenezia.it\/pastorale-giovanile\/wp-json\/wp\/v2\/posts\/2542"}],"collection":[{"href":"https:\/\/www.patriarcatovenezia.it\/pastorale-giovanile\/wp-json\/wp\/v2\/posts"}],"about":[{"href":"https:\/\/www.patriarcatovenezia.it\/pastorale-giovanile\/wp-json\/wp\/v2\/types\/post"}],"author":[{"embeddable":true,"href":"https:\/\/www.patriarcatovenezia.it\/pastorale-giovanile\/wp-json\/wp\/v2\/users\/10"}],"replies":[{"embeddable":true,"href":"https:\/\/www.patriarcatovenezia.it\/pastorale-giovanile\/wp-json\/wp\/v2\/comments?post=2542"}],"version-history":[{"count":1,"href":"https:\/\/www.patriarcatovenezia.it\/pastorale-giovanile\/wp-json\/wp\/v2\/posts\/2542\/revisions"}],"predecessor-version":[{"id":2544,"href":"https:\/\/www.patriarcatovenezia.it\/pastorale-giovanile\/wp-json\/wp\/v2\/posts\/2542\/revisions\/2544"}],"wp:featuredmedia":[{"embeddable":true,"href":"https:\/\/www.patriarcatovenezia.it\/pastorale-giovanile\/wp-json\/wp\/v2\/media\/2543"}],"wp:attachment":[{"href":"https:\/\/www.patriarcatovenezia.it\/pastorale-giovanile\/wp-json\/wp\/v2\/media?parent=2542"}],"wp:term":[{"taxonomy":"category","embeddable":true,"href":"https:\/\/www.patriarcatovenezia.it\/pastorale-giovanile\/wp-json\/wp\/v2\/categories?post=2542"},{"taxonomy":"post_tag","embeddable":true,"href":"https:\/\/www.patriarcatovenezia.it\/pastorale-giovanile\/wp-json\/wp\/v2\/tags?post=2542"}],"curies":[{"name":"wp","href":"https:\/\/api.w.org\/{rel}","templated":true}]}}