{"id":2515,"date":"2018-07-31T09:51:48","date_gmt":"2018-07-31T07:51:48","guid":{"rendered":"https:\/\/venezia.webdiocesi.it\/pastorale-giovanile\/?p=2515"},"modified":"2018-07-31T09:51:48","modified_gmt":"2018-07-31T07:51:48","slug":"lo-spettacolo-al-circo-massimo","status":"publish","type":"post","link":"https:\/\/www.patriarcatovenezia.it\/pastorale-giovanile\/2018\/07\/31\/lo-spettacolo-al-circo-massimo\/","title":{"rendered":"Lo spettacolo al Circo Massimo"},"content":{"rendered":"<hr \/>\n<p>Al termine dell&#8217;incontro con Papa Francesco, un altro momento di festa con tanta musica italiana!\u00a0<strong>Alex Britti, Clementino, Mirkoeilcane, Perturbazione, Banda Rulli Frulli<\/strong>. Saranno tra i protagonisti della serata di musica e spettacolo al Circo Massimo condotta da\u00a0<strong>Andrea Delogu<\/strong>\u00a0e in diretta su Tv2000 l\u201911 agosto alle ore 21.30. L\u2019evento titolato \u2018Vado al Massimo\u2019 \u00e8 organizzato dall\u2019emittente della Cei in collaborazione con la Pastorale giovanile della Conferenza episcopale italiana e chiude la prima delle due giornate dell\u201911 e 12 agosto al Circo Massimo volute dalla Chiesa Italiana in vista del prossimo Sinodo ad ottobre. I giovani, protagonisti dell\u2019incontro con Papa Francesco nel pomeriggio, assisteranno allo spettacolo serale. Tra gli artisti anche il comico\u00a0<strong>Saverio Raimondo<\/strong>. Quasi due ore di puro intrattenimento, di bella musica e di piccole grandi storie.<\/p>\n<p>I ragazzi arriveranno nella Capitale dopo una settimana di cammino con le proprie diocesi per sostenere il Sinodo di ottobre voluto dal Papa e dedicato a loro e entreranno nell&#8217;area del Circo Massimo gi\u00e0 dal primo pomeriggio. Alle 16:00 partir\u00e0 un primo momento di intrattenimento con la musica dei The Sun. Poi alle 18:30 \u00e8 previsto l&#8217;arrivo di Papa Francesco.<\/p>\n<p>&nbsp;<\/p>\n<p style=\"text-align: right\">[fonte:\u00a0<a href=\"https:\/\/giovani.chiesacattolica.it\/cpt_sinodo_giovani\/vado-al-massimo-lo-spettacolo\/\">https:\/\/giovani.chiesacattolica.it\/cpt_sinodo_giovani\/vado-al-massimo-lo-spettacolo\/<\/a>]<\/p>\n","protected":false},"excerpt":{"rendered":"<p>Al termine dell&#8217;incontro con Papa Francesco, un altro momento di festa con tanta musica italiana!\u00a0Alex Britti, Clementino, Mirkoeilcane, Perturbazione, Banda Rulli Frulli. Saranno tra i protagonisti della serata di musica e spettacolo al Circo Massimo condotta da\u00a0Andrea Delogu\u00a0e in diretta su Tv2000 l\u201911 agosto alle ore 21.30. L\u2019evento titolato \u2018Vado al Massimo\u2019 \u00e8 organizzato dall\u2019emittente [&hellip;]<\/p>\n","protected":false},"author":0,"featured_media":2516,"comment_status":"closed","ping_status":"closed","sticky":false,"template":"","format":"standard","meta":{"_acf_changed":false,"ip_address":"","user_agent":"","level":"","revision":"","cookie_id":"","page_referer":"","html_form":"","footnotes":""},"categories":[1,313],"tags":[],"class_list":["post-2515","post","type-post","status-publish","format-standard","has-post-thumbnail","hentry","category-news","category-sinodo-dei-giovani-2018"],"acf":[],"_links":{"self":[{"href":"https:\/\/www.patriarcatovenezia.it\/pastorale-giovanile\/wp-json\/wp\/v2\/posts\/2515"}],"collection":[{"href":"https:\/\/www.patriarcatovenezia.it\/pastorale-giovanile\/wp-json\/wp\/v2\/posts"}],"about":[{"href":"https:\/\/www.patriarcatovenezia.it\/pastorale-giovanile\/wp-json\/wp\/v2\/types\/post"}],"author":[{"embeddable":true,"href":"https:\/\/www.patriarcatovenezia.it\/pastorale-giovanile\/wp-json\/wp\/v2\/users\/10"}],"replies":[{"embeddable":true,"href":"https:\/\/www.patriarcatovenezia.it\/pastorale-giovanile\/wp-json\/wp\/v2\/comments?post=2515"}],"version-history":[{"count":1,"href":"https:\/\/www.patriarcatovenezia.it\/pastorale-giovanile\/wp-json\/wp\/v2\/posts\/2515\/revisions"}],"predecessor-version":[{"id":2517,"href":"https:\/\/www.patriarcatovenezia.it\/pastorale-giovanile\/wp-json\/wp\/v2\/posts\/2515\/revisions\/2517"}],"wp:featuredmedia":[{"embeddable":true,"href":"https:\/\/www.patriarcatovenezia.it\/pastorale-giovanile\/wp-json\/wp\/v2\/media\/2516"}],"wp:attachment":[{"href":"https:\/\/www.patriarcatovenezia.it\/pastorale-giovanile\/wp-json\/wp\/v2\/media?parent=2515"}],"wp:term":[{"taxonomy":"category","embeddable":true,"href":"https:\/\/www.patriarcatovenezia.it\/pastorale-giovanile\/wp-json\/wp\/v2\/categories?post=2515"},{"taxonomy":"post_tag","embeddable":true,"href":"https:\/\/www.patriarcatovenezia.it\/pastorale-giovanile\/wp-json\/wp\/v2\/tags?post=2515"}],"curies":[{"name":"wp","href":"https:\/\/api.w.org\/{rel}","templated":true}]}}