{"id":2511,"date":"2018-07-24T12:55:59","date_gmt":"2018-07-24T10:55:59","guid":{"rendered":"https:\/\/venezia.webdiocesi.it\/pastorale-giovanile\/?p=2511"},"modified":"2018-07-24T12:55:59","modified_gmt":"2018-07-24T10:55:59","slug":"arriva-don-francesco","status":"publish","type":"post","link":"https:\/\/www.patriarcatovenezia.it\/pastorale-giovanile\/2018\/07\/24\/arriva-don-francesco\/","title":{"rendered":"Arriva don Francesco!!!"},"content":{"rendered":"<hr \/>\n<h4>Luned\u00ec 23 luglio 2018 \u00e8 giunto il comunicato ufficiale della Diocesi: <strong>don Francesco Marchesi<\/strong> \u00e8 il nuovo <strong>Incaricato per le Attivit\u00e0 diocesane di pastorale giovanile! <\/strong>Benvenuto nella grande famiglia PGVE!!!<\/h4>\n<h4><strong>Grazie di cuore don Fabrizio<\/strong> per quanto hai fatto per i giovani in questo anno di servizio, per la cura del cammino umano e spirituale degli educatori, per l&#8217;attenzione vocazionale e la preghiera intensa.<\/h4>\n<p><em>Don Francesco manterr\u00e0 anche gli incarichi della Pastorale scolastica e della Commissione per l&#8217;ecumenismo e il dialogo interreligioso, mentre don Fabrizio continuer\u00e0 a seguire la Pastorale vocazionale.<\/em><\/p>\n","protected":false},"excerpt":{"rendered":"<p>Luned\u00ec 23 luglio 2018 \u00e8 giunto il comunicato ufficiale della Diocesi: don Francesco Marchesi \u00e8 il nuovo Incaricato per le Attivit\u00e0 diocesane di pastorale giovanile! Benvenuto nella grande famiglia PGVE!!! Grazie di cuore don Fabrizio per quanto hai fatto per i giovani in questo anno di servizio, per la cura del cammino umano e spirituale [&hellip;]<\/p>\n","protected":false},"author":0,"featured_media":2512,"comment_status":"closed","ping_status":"closed","sticky":false,"template":"","format":"standard","meta":{"_acf_changed":false,"ip_address":"","user_agent":"","level":"","revision":"","cookie_id":"","page_referer":"","html_form":"","footnotes":""},"categories":[1,311],"tags":[],"class_list":["post-2511","post","type-post","status-publish","format-standard","has-post-thumbnail","hentry","category-news","category-pgve"],"acf":[],"_links":{"self":[{"href":"https:\/\/www.patriarcatovenezia.it\/pastorale-giovanile\/wp-json\/wp\/v2\/posts\/2511"}],"collection":[{"href":"https:\/\/www.patriarcatovenezia.it\/pastorale-giovanile\/wp-json\/wp\/v2\/posts"}],"about":[{"href":"https:\/\/www.patriarcatovenezia.it\/pastorale-giovanile\/wp-json\/wp\/v2\/types\/post"}],"author":[{"embeddable":true,"href":"https:\/\/www.patriarcatovenezia.it\/pastorale-giovanile\/wp-json\/wp\/v2\/users\/10"}],"replies":[{"embeddable":true,"href":"https:\/\/www.patriarcatovenezia.it\/pastorale-giovanile\/wp-json\/wp\/v2\/comments?post=2511"}],"version-history":[{"count":2,"href":"https:\/\/www.patriarcatovenezia.it\/pastorale-giovanile\/wp-json\/wp\/v2\/posts\/2511\/revisions"}],"predecessor-version":[{"id":2514,"href":"https:\/\/www.patriarcatovenezia.it\/pastorale-giovanile\/wp-json\/wp\/v2\/posts\/2511\/revisions\/2514"}],"wp:featuredmedia":[{"embeddable":true,"href":"https:\/\/www.patriarcatovenezia.it\/pastorale-giovanile\/wp-json\/wp\/v2\/media\/2512"}],"wp:attachment":[{"href":"https:\/\/www.patriarcatovenezia.it\/pastorale-giovanile\/wp-json\/wp\/v2\/media?parent=2511"}],"wp:term":[{"taxonomy":"category","embeddable":true,"href":"https:\/\/www.patriarcatovenezia.it\/pastorale-giovanile\/wp-json\/wp\/v2\/categories?post=2511"},{"taxonomy":"post_tag","embeddable":true,"href":"https:\/\/www.patriarcatovenezia.it\/pastorale-giovanile\/wp-json\/wp\/v2\/tags?post=2511"}],"curies":[{"name":"wp","href":"https:\/\/api.w.org\/{rel}","templated":true}]}}