{"id":2433,"date":"2018-05-29T12:50:21","date_gmt":"2018-05-29T10:50:21","guid":{"rendered":"https:\/\/venezia.webdiocesi.it\/pastorale-giovanile\/?p=2433"},"modified":"2018-05-29T12:50:21","modified_gmt":"2018-05-29T10:50:21","slug":"teologia-perche-no","status":"publish","type":"post","link":"https:\/\/www.patriarcatovenezia.it\/pastorale-giovanile\/2018\/05\/29\/teologia-perche-no\/","title":{"rendered":"Teologia&#8230;perch\u00e9 no?"},"content":{"rendered":"<hr \/>\n<p><strong>Sono aperte le iscrizioni alla Facolt\u00e0 teologica del Triveneto per l\u2019anno accademico 2018\/2019!<\/strong><\/p>\n<p>Due percorsi universitari, proposti in diverse sedi del Triveneto, aperti ai laici, uomini e donne, che desiderino acquisire una <strong>preparazione teologico-umanistica<\/strong> tramite lo studio della filosofia, della Bibbia, della storia, della teologia, delle scienze umane. \u00c8 questa, in sintesi, la proposta formativa della Facolt\u00e0 teologica del Triveneto, che ogni anno \u00e8 frequentata da circa 2000 studenti e dove insegnano quasi 400 docenti.<\/p>\n<p>Le iscrizioni all\u2019anno accademico 2018\/2019 sono aperte ed \u00e8 possibile scegliere fra il percorso di <strong>Teologia<\/strong> (articolato in tre cicli: <em>baccalaureato<\/em>, <em>licenza<\/em>, <em>dottorato<\/em> \u2013 disponibili nella sede di Padova) e il percorso di <strong>Scienze religiose <\/strong>(<em>laurea<\/em> e <em>laurea magistrale<\/em> \u2013 negli Istituti superiori di Scienze religiose collegati in tutto il Triveneto).<\/p>\n<p><a href=\"https:\/\/venezia.webdiocesi.it\/pastorale-giovanile\/wp-content\/uploads\/sites\/6\/2018\/05\/image003.jpg\" data-rel=\"lightbox-image-0\" data-rl_title=\"\" data-rl_caption=\"\" title=\"\"><img loading=\"lazy\" decoding=\"async\" class=\"wp-image-2441 alignleft\" src=\"https:\/\/venezia.webdiocesi.it\/pastorale-giovanile\/wp-content\/uploads\/sites\/6\/2018\/05\/image003.jpg\" alt=\"\" width=\"306\" height=\"127\" srcset=\"https:\/\/www.patriarcatovenezia.it\/pastorale-giovanile\/wp-content\/uploads\/sites\/6\/2018\/05\/image003.jpg 317w, https:\/\/www.patriarcatovenezia.it\/pastorale-giovanile\/wp-content\/uploads\/sites\/6\/2018\/05\/image003-300x125.jpg 300w\" sizes=\"(max-width: 306px) 100vw, 306px\" \/><\/a>Info: <a href=\"http:\/\/www.fttr.it\">www.fttr.it<\/a><\/p>\n<p>Una <strong>formazione completa in vista della professione di insegnante di religione cattolica<\/strong> \u00e8 quanto offre, nella sede di Padova, il primo ciclo (<em>baccalaureato<\/em>) del <strong>PERCORSO DI TEOLOGIA<\/strong>, articolato in cinque anni e con la possibilit\u00e0 di spendere alcuni crediti seguendo corsi in convenzione con le Universit\u00e0 degli studi di Padova e di Verona, con l\u2019Accademia di belle arti di Verona e con i conservatori musicali di Verona e Vicenza.<\/p>\n<p>Pi\u00f9 mirato alla <strong>qualificazione e aggiornamento dei presbiteri, degli operatori pastorali e dei laici <\/strong>interessati ad approfondire alcune tematiche \u00e8 il secondo ciclo (<em>licenza<\/em>) del percorso teologico, un biennio di specializzazione suddiviso in due indirizzi: teologia pastorale e teologia spirituale. Oltre a numerosi corsi, sono proposti due seminari-laboratori su temi di attualit\u00e0: l\u2019indirizzo di teologia pastorale, in sintonia con il percorso intrapreso dalla chiesa italiana su impulso di papa Francesco, si occuper\u00e0 di <strong><em>Sinodalit\u00e0 e comunit\u00e0 ecclesiale. Forme e processi dell\u2019ecclesiologia di comunione<\/em><\/strong>; l\u2019indirizzo di teologia spirituale si soffermer\u00e0 su un tema classico e fondamentale della spiritualit\u00e0, ma riletto alla luce della sensibilit\u00e0 contemporanea: <strong><em>La preghiera cristiana. Definizione, origine, dinamiche dell\u2019esperienza umana e spirituale della preghiera<\/em><\/strong>.<\/p>\n<p>I singoli corsi e i seminari-laboratori possono essere frequentati anche come uditori.<\/p>\n<p>Per chi desidera completare la formazione teologica, \u00e8 a disposizione il terzo ciclo di studi (<em>dottorato di ricerca<\/em>), che permette agli studenti di \u201cfare teologia\u201d, cio\u00e8 di elaborare un contributo originale allo sviluppo della ricerca teologica, e li <strong>abilita all\u2019insegnamento e alla ricerca presso facolt\u00e0 ecclesiastiche<\/strong> e istituti teologici a livello universitario.<\/p>\n<p>Il <strong>PERCORSO DI SCIENZE RELIGIOSE<\/strong> pu\u00f2 essere seguito negli <strong>Istituti superiori di Scienze religiose <\/strong>collegati alla Facolt\u00e0, con sedi in tutto il Triveneto. Per i programmi, consultare i siti dei singoli istituti al seguente link: <a href=\"http:\/\/www.fttr.it\/offerta-formativa\/percorso-di-scienze-religiose\/\">http:\/\/www.fttr.it\/offerta-formativa\/percorso-di-scienze-religiose\/<\/a><\/p>\n<p><strong>Prospettive professionali. <\/strong>I laici che studiano teologia e scienze religiose si caratterizzano per una salda preparazione teologico-umanistica da spendere soprattutto nella scuola, come insegnanti di religione cattolica. La formazione offre competenze utili anche per figure \u201ceducative\u201d a servizio della comunit\u00e0 cristiana e della societ\u00e0, ad esempio operatori negli uffici diocesani e nella vita pastorale, nei media e nelle diverse realt\u00e0 sociali.<\/p>\n<p><span style=\"color: #800000\"><em><strong>Per informazioni:<\/strong><\/em><\/span><\/p>\n<p>Segreteria generale, via del Seminario, 7 \u2013 35122 Padova, tel. 049-664116<\/p>\n<p><a href=\"mailto:segreteria@fttr.it\">segreteria@fttr.it<\/a> \u2013 <a href=\"http:\/\/www.fttr.it\">www.fttr.it<\/a><\/p>\n<p>Facebook<em>\u00a0 <\/em><a href=\"https:\/\/www.facebook.com\/facoltateologicatriveneto\/\">@facoltateologicatriveneto<\/a><\/p>\n<p>Twitter @fac_teol_triven<\/p>\n<p>&nbsp;<\/p>\n<p><strong>Le ISCRIZIONI alla Facolt\u00e0 teologica del Triveneto sono aperte FINO A FINE SETTEMBRE\u00a0<\/strong><strong>(tranne il periodo di chiusura della segreteria, dal 21 luglio al 27 agosto).<\/strong><\/p>\n<hr \/>\n<p><strong>MATERIALE:<\/strong><\/p>\n<ul>\n<li><a href=\"https:\/\/venezia.webdiocesi.it\/pastorale-giovanile\/wp-content\/uploads\/sites\/6\/2018\/05\/cs-20_2018-iscrizioni-fttr-2018-2019-generale.docx\">cs 20_2018 iscrizioni fttr 2018-2019 generale<\/a><\/li>\n<li><a href=\"https:\/\/venezia.webdiocesi.it\/pastorale-giovanile\/wp-content\/uploads\/sites\/6\/2018\/05\/FTTR-locandina-UNA-PROPOSTA-PER-TE-2018-19.pdf\">FTTR locandina UNA PROPOSTA PER TE 2018-19<\/a><\/li>\n<li><a href=\"https:\/\/venezia.webdiocesi.it\/pastorale-giovanile\/wp-content\/uploads\/sites\/6\/2018\/05\/FTTR_BACCALAUREATO-2018-19.pdf\">FTTR_BACCALAUREATO 2018-19<\/a><\/li>\n<li><a href=\"https:\/\/venezia.webdiocesi.it\/pastorale-giovanile\/wp-content\/uploads\/sites\/6\/2018\/05\/FTTR_depliant-generale-2018-19.pdf\">FTTR_depliant generale 2018-19<\/a><\/li>\n<li><a href=\"https:\/\/venezia.webdiocesi.it\/pastorale-giovanile\/wp-content\/uploads\/sites\/6\/2018\/05\/FTTR_DOTTORATO.pdf\">FTTR_DOTTORATO<\/a><\/li>\n<li><a href=\"https:\/\/venezia.webdiocesi.it\/pastorale-giovanile\/wp-content\/uploads\/sites\/6\/2018\/05\/FTTR_LICENZA-IN-TEOLOGIA-2018-19.pdf\">FTTR_LICENZA IN TEOLOGIA 2018-19<\/a><\/li>\n<\/ul>\n","protected":false},"excerpt":{"rendered":"<p>Sono aperte le iscrizioni alla Facolt\u00e0 teologica del Triveneto per l\u2019anno accademico 2018\/2019! Due percorsi universitari, proposti in diverse sedi del Triveneto, aperti ai laici, uomini e donne, che desiderino acquisire una preparazione teologico-umanistica tramite lo studio della filosofia, della Bibbia, della storia, della teologia, delle scienze umane. \u00c8 questa, in sintesi, la proposta formativa [&hellip;]<\/p>\n","protected":false},"author":0,"featured_media":2435,"comment_status":"closed","ping_status":"closed","sticky":false,"template":"","format":"standard","meta":{"_acf_changed":false,"ip_address":"","user_agent":"","level":"","revision":"","cookie_id":"","page_referer":"","html_form":"","footnotes":""},"categories":[307,1],"tags":[],"class_list":["post-2433","post","type-post","status-publish","format-standard","has-post-thumbnail","hentry","category-giovani","category-news"],"acf":[],"_links":{"self":[{"href":"https:\/\/www.patriarcatovenezia.it\/pastorale-giovanile\/wp-json\/wp\/v2\/posts\/2433"}],"collection":[{"href":"https:\/\/www.patriarcatovenezia.it\/pastorale-giovanile\/wp-json\/wp\/v2\/posts"}],"about":[{"href":"https:\/\/www.patriarcatovenezia.it\/pastorale-giovanile\/wp-json\/wp\/v2\/types\/post"}],"author":[{"embeddable":true,"href":"https:\/\/www.patriarcatovenezia.it\/pastorale-giovanile\/wp-json\/wp\/v2\/users\/10"}],"replies":[{"embeddable":true,"href":"https:\/\/www.patriarcatovenezia.it\/pastorale-giovanile\/wp-json\/wp\/v2\/comments?post=2433"}],"version-history":[{"count":3,"href":"https:\/\/www.patriarcatovenezia.it\/pastorale-giovanile\/wp-json\/wp\/v2\/posts\/2433\/revisions"}],"predecessor-version":[{"id":2444,"href":"https:\/\/www.patriarcatovenezia.it\/pastorale-giovanile\/wp-json\/wp\/v2\/posts\/2433\/revisions\/2444"}],"wp:featuredmedia":[{"embeddable":true,"href":"https:\/\/www.patriarcatovenezia.it\/pastorale-giovanile\/wp-json\/wp\/v2\/media\/2435"}],"wp:attachment":[{"href":"https:\/\/www.patriarcatovenezia.it\/pastorale-giovanile\/wp-json\/wp\/v2\/media?parent=2433"}],"wp:term":[{"taxonomy":"category","embeddable":true,"href":"https:\/\/www.patriarcatovenezia.it\/pastorale-giovanile\/wp-json\/wp\/v2\/categories?post=2433"},{"taxonomy":"post_tag","embeddable":true,"href":"https:\/\/www.patriarcatovenezia.it\/pastorale-giovanile\/wp-json\/wp\/v2\/tags?post=2433"}],"curies":[{"name":"wp","href":"https:\/\/api.w.org\/{rel}","templated":true}]}}