{"id":2401,"date":"2018-05-03T10:35:25","date_gmt":"2018-05-03T08:35:25","guid":{"rendered":"https:\/\/venezia.webdiocesi.it\/pastorale-giovanile\/?p=2401"},"modified":"2018-05-03T10:35:25","modified_gmt":"2018-05-03T08:35:25","slug":"per-mille-strade-i-sussidi","status":"publish","type":"post","link":"https:\/\/www.patriarcatovenezia.it\/pastorale-giovanile\/2018\/05\/03\/per-mille-strade-i-sussidi\/","title":{"rendered":"Per mille strade: i sussidi"},"content":{"rendered":"<p>I sussidi cartacei progettati dal Servizio Nazionale per la Pastorale Giovanile sono tre e saranno forniti unitamente alla sacca del pellegrino.<br \/>\nMancherebbe il quarto sussidio che \u00e8 quello che ogni Diocesi pu\u00f2 realizzare con i testi e i canti per la liturgia e la preghiera e inserendo alcune informazioni sui luoghi che visiter\u00e0 durante il cammino. Pu\u00f2 essere utile realizzarlo con le misure di quelli gi\u00e0 forniti: 13 cm x 13 cm.<\/p>\n<p><strong>Primo sussidio<\/strong>: il diario del pellegrinaggio come esperienza di cammino spirituale proprio perch\u00e9 cammino fisico, faticoso, ma anche cammino condiviso, fraterno. Contiene brevi testi di meditazione sul viaggio (i 24 focus nell\u2019indice qui di seguito) e spazio per appunti personali, oltre ai testi per la liturgia dell\u201911 e 12 agosto (dim 13 cm x 13 cm; 120 pagine).<\/p>\n<p><strong>Secondo sussidio<\/strong>: una meditazione per il cuore e per gli occhi del brano di vangelo \u201cMaestro dove abiti?\u201d (Gv 1, 35-39). Unitamente al passo biblico un commento scritto appositamente da Erri de Luca e i sei quadri di Kees De Kort che ne compongono l\u2019eco visiva (dim 13 cm x 13 cm; 24 pagine).<\/p>\n<p><strong>Terzo sussidio<\/strong>: la mappa di Roma per orientarsi durante la Notte Bianca tra l\u201911 e il 12 agosto (chiusa: dim 13 cm x 13 cm).<\/p>\n<p><em>Nell&#8217;allegato l&#8217;indice con dettagli.<\/em><\/p>\n","protected":false},"excerpt":{"rendered":"<p>I sussidi cartacei progettati dal Servizio Nazionale per la Pastorale Giovanile sono tre e saranno forniti unitamente alla sacca del pellegrino. Mancherebbe il quarto sussidio che \u00e8 quello che ogni Diocesi pu\u00f2 realizzare con i testi e i canti per la liturgia e la preghiera e inserendo alcune informazioni sui luoghi che visiter\u00e0 durante il [&hellip;]<\/p>\n","protected":false},"author":0,"featured_media":2403,"comment_status":"closed","ping_status":"closed","sticky":false,"template":"","format":"standard","meta":{"_acf_changed":false,"ip_address":"","user_agent":"","level":"","revision":"","cookie_id":"","page_referer":"","html_form":"","footnotes":""},"categories":[1,313],"tags":[],"class_list":["post-2401","post","type-post","status-publish","format-standard","has-post-thumbnail","hentry","category-news","category-sinodo-dei-giovani-2018"],"acf":[],"_links":{"self":[{"href":"https:\/\/www.patriarcatovenezia.it\/pastorale-giovanile\/wp-json\/wp\/v2\/posts\/2401"}],"collection":[{"href":"https:\/\/www.patriarcatovenezia.it\/pastorale-giovanile\/wp-json\/wp\/v2\/posts"}],"about":[{"href":"https:\/\/www.patriarcatovenezia.it\/pastorale-giovanile\/wp-json\/wp\/v2\/types\/post"}],"author":[{"embeddable":true,"href":"https:\/\/www.patriarcatovenezia.it\/pastorale-giovanile\/wp-json\/wp\/v2\/users\/10"}],"replies":[{"embeddable":true,"href":"https:\/\/www.patriarcatovenezia.it\/pastorale-giovanile\/wp-json\/wp\/v2\/comments?post=2401"}],"version-history":[{"count":1,"href":"https:\/\/www.patriarcatovenezia.it\/pastorale-giovanile\/wp-json\/wp\/v2\/posts\/2401\/revisions"}],"predecessor-version":[{"id":2404,"href":"https:\/\/www.patriarcatovenezia.it\/pastorale-giovanile\/wp-json\/wp\/v2\/posts\/2401\/revisions\/2404"}],"wp:featuredmedia":[{"embeddable":true,"href":"https:\/\/www.patriarcatovenezia.it\/pastorale-giovanile\/wp-json\/wp\/v2\/media\/2403"}],"wp:attachment":[{"href":"https:\/\/www.patriarcatovenezia.it\/pastorale-giovanile\/wp-json\/wp\/v2\/media?parent=2401"}],"wp:term":[{"taxonomy":"category","embeddable":true,"href":"https:\/\/www.patriarcatovenezia.it\/pastorale-giovanile\/wp-json\/wp\/v2\/categories?post=2401"},{"taxonomy":"post_tag","embeddable":true,"href":"https:\/\/www.patriarcatovenezia.it\/pastorale-giovanile\/wp-json\/wp\/v2\/tags?post=2401"}],"curies":[{"name":"wp","href":"https:\/\/api.w.org\/{rel}","templated":true}]}}