{"id":2369,"date":"2018-03-26T15:13:42","date_gmt":"2018-03-26T13:13:42","guid":{"rendered":"https:\/\/venezia.webdiocesi.it\/pastorale-giovanile\/?p=2369"},"modified":"2018-03-26T15:13:42","modified_gmt":"2018-03-26T13:13:42","slug":"giovani-fatevi-sentire","status":"publish","type":"post","link":"https:\/\/www.patriarcatovenezia.it\/pastorale-giovanile\/2018\/03\/26\/giovani-fatevi-sentire\/","title":{"rendered":"Giovani, fatevi sentire!"},"content":{"rendered":"<p><a href=\"http:\/\/w2.vatican.va\/content\/francesco\/it\/homilies\/2018\/documents\/papa-francesco_20180325_omelia-palme.html\">Nell&#8217;omelia della Domenica delle Palme e XXXIII GMG<\/a>, Papa Francesco ha esortato i giovani a far sentire la propria voce, a non tacere.<\/p>\n<blockquote><p>&#8220;E a voi, cari giovani, la gioia che Ges\u00f9 suscita in voi \u00e8 per alcuni motivo di fastidio e anche di irritazione, perch\u00e9 un giovane gioioso \u00e8 difficile da manipolare. Un giovane gioioso \u00e8 difficile da manipolare! [&#8230;]\u00a0Far tacere i giovani \u00e8 una tentazione che \u00e8 sempre esistita. Gli stessi farisei se la prendono con Ges\u00f9 e gli chiedono di calmarli e farli stare zitti.\u00a0Ci sono molti modi per rendere i giovani silenziosi e invisibili. Molti modi di anestetizzarli e addormentarli perch\u00e9 non facciano \u201crumore\u201d, perch\u00e9 non si facciano domande e non si mettano in discussione. \u201cState zitti voi!\u201d. Ci sono molti modi di farli stare tranquilli perch\u00e9 non si coinvolgano e i loro sogni perdano quota e diventino fantasticherie rasoterra, meschine, tristi&#8221;<\/p><\/blockquote>\n<p>&nbsp;<\/p>\n","protected":false},"excerpt":{"rendered":"<p>Nell&#8217;omelia della Domenica delle Palme e XXXIII GMG, Papa Francesco ha esortato i giovani a far sentire la propria voce, a non tacere. &#8220;E a voi, cari giovani, la gioia che Ges\u00f9 suscita in voi \u00e8 per alcuni motivo di fastidio e anche di irritazione, perch\u00e9 un giovane gioioso \u00e8 difficile da manipolare. Un giovane [&hellip;]<\/p>\n","protected":false},"author":0,"featured_media":2370,"comment_status":"closed","ping_status":"closed","sticky":false,"template":"","format":"standard","meta":{"_acf_changed":false,"ip_address":"","user_agent":"","level":"","revision":"","cookie_id":"","page_referer":"","html_form":"","footnotes":""},"categories":[306,307,106,1],"tags":[],"class_list":["post-2369","post","type-post","status-publish","format-standard","has-post-thumbnail","hentry","category-adolescenti","category-giovani","category-gmg","category-news"],"acf":[],"_links":{"self":[{"href":"https:\/\/www.patriarcatovenezia.it\/pastorale-giovanile\/wp-json\/wp\/v2\/posts\/2369"}],"collection":[{"href":"https:\/\/www.patriarcatovenezia.it\/pastorale-giovanile\/wp-json\/wp\/v2\/posts"}],"about":[{"href":"https:\/\/www.patriarcatovenezia.it\/pastorale-giovanile\/wp-json\/wp\/v2\/types\/post"}],"author":[{"embeddable":true,"href":"https:\/\/www.patriarcatovenezia.it\/pastorale-giovanile\/wp-json\/wp\/v2\/users\/10"}],"replies":[{"embeddable":true,"href":"https:\/\/www.patriarcatovenezia.it\/pastorale-giovanile\/wp-json\/wp\/v2\/comments?post=2369"}],"version-history":[{"count":1,"href":"https:\/\/www.patriarcatovenezia.it\/pastorale-giovanile\/wp-json\/wp\/v2\/posts\/2369\/revisions"}],"predecessor-version":[{"id":2371,"href":"https:\/\/www.patriarcatovenezia.it\/pastorale-giovanile\/wp-json\/wp\/v2\/posts\/2369\/revisions\/2371"}],"wp:featuredmedia":[{"embeddable":true,"href":"https:\/\/www.patriarcatovenezia.it\/pastorale-giovanile\/wp-json\/wp\/v2\/media\/2370"}],"wp:attachment":[{"href":"https:\/\/www.patriarcatovenezia.it\/pastorale-giovanile\/wp-json\/wp\/v2\/media?parent=2369"}],"wp:term":[{"taxonomy":"category","embeddable":true,"href":"https:\/\/www.patriarcatovenezia.it\/pastorale-giovanile\/wp-json\/wp\/v2\/categories?post=2369"},{"taxonomy":"post_tag","embeddable":true,"href":"https:\/\/www.patriarcatovenezia.it\/pastorale-giovanile\/wp-json\/wp\/v2\/tags?post=2369"}],"curies":[{"name":"wp","href":"https:\/\/api.w.org\/{rel}","templated":true}]}}