{"id":2359,"date":"2018-03-20T12:39:17","date_gmt":"2018-03-20T11:39:17","guid":{"rendered":"https:\/\/venezia.webdiocesi.it\/pastorale-giovanile\/?p=2359"},"modified":"2018-03-20T12:39:41","modified_gmt":"2018-03-20T11:39:41","slug":"11-e-12-agosto-aperte-le-iscrizioni","status":"publish","type":"post","link":"https:\/\/www.patriarcatovenezia.it\/pastorale-giovanile\/2018\/03\/20\/11-e-12-agosto-aperte-le-iscrizioni\/","title":{"rendered":"11 e 12 agosto: aperte le iscrizioni"},"content":{"rendered":"<div id=\"pg-w5775387f2b5ac-0\" class=\"panel-grid panel-no-style\">\n<div id=\"pgc-w5775387f2b5ac-0-0\" class=\"panel-grid-cell\">\n<div id=\"panel-w5775387f2b5ac-0-0-0\" class=\"so-panel widget widget_text panel-first-child\">\n<div class=\"textwidget\">\n<hr \/>\n<\/div>\n<\/div>\n<div id=\"panel-w5775387f2b5ac-0-0-2\" class=\"so-panel widget widget_text panel-last-child\">\n<div class=\"textwidget\">In vista del prossimo Sinodo dei Giovani, la Chiesa italiana attraverso il Servizio nazionale per la Pastorale giovanile, ha lanciato l\u2019iniziativa <span style=\"color: #008000\"><strong>Siamo Qui!<\/strong> <\/span>che si svolger\u00e0 a Roma <strong><span style=\"color: #008000\">dall\u2019<\/span><span style=\"color: #008000\">11 al 12 agosto 2018<\/span><\/strong>, dedicata ai giovani di et\u00e0 compresa tra i 16 e i 30.\u00a0<strong>I gruppi e le singole persone devono far riferimento alle diocesi o alle proprie aggregazioni laicali (associazioni, movimenti, gruppi di vita consacrata).<\/strong><\/div>\n<\/div>\n<\/div>\n<\/div>\n<div id=\"pg-w5775387f2b5ac-1\" class=\"panel-grid panel-has-style\">\n<div class=\"row seed_content_tbt_single_article_wrapper panel-row-style panel-row-style-for-w5775387f2b5ac-1\">\n<div id=\"pgc-w5775387f2b5ac-1-1\" class=\"panel-grid-cell\">\n<div class=\"col-lg-9 cci-content-tbt-page-wrapper-content panel-cell-style panel-cell-style-for-w5775387f2b5ac-1-1\">\n<div id=\"panel-w5775387f2b5ac-1-1-0\" class=\"so-panel widget widget_text panel-first-child panel-last-child\">\n<div class=\"textwidget\">\n<p><strong>ISCRIZIONE<\/strong><br \/>\nPer partecipare, \u00e8 necessario iscriversi attraverso\u00a0<strong><a href=\"http:\/\/siamoqui.glauco.it\/pellegrini\/wizard\">il sito dedicato\u00a0<\/a><\/strong>e scegliere la tipologia di pacchetto tra le due opzioni:<\/p>\n<p><strong>Pacchetto A<\/strong>\u00a0(con pasti)<br \/>\n-kit del pellegrino<br \/>\n-Assicurazione<br \/>\n-Biglietti Atac per trasporti a Roma<br \/>\n-Giornata alimentare (cena del sabato, colazione e pranzo della domenica)<br \/>\n-Quota di solidariet\u00e0<\/p>\n<p><em>Il contributo richiesto per il seguente pacchetto \u00e8 di \u20ac 50 (inclusivi dei \u20ac 5 che rimangono alla segreteria organizzativa del gruppo).<\/em><\/p>\n<p><strong>Pacchetto B<\/strong>\u00a0(senza pasti)<br \/>\n-kit del pellegrino<br \/>\n-Assicurazione<br \/>\n-Biglietti Atac per trasporti a Roma<br \/>\n-Quota di solidariet\u00e0<\/p>\n<p>Il contributo richiesto per il seguente pacchetto \u00e8 di \u20ac 40 (inclusivi dei \u20ac 5 che rimangono alla segreteria organizzativa del gruppo).<\/p>\n<p><strong>DETTAGLI PAGAMENTO<\/strong><br \/>\nPer chi si iscriver\u00e0 entro il 15 aprile \u00e8 previsto uno sconto del 5%.<\/p>\n<p>Di seguito gli estremi bancari per effettuare il bonifico:<br \/>\nC\/c nr. 10500502<br \/>\nIntestato alla CEI<br \/>\npresso Banca Etica<br \/>\nIBAN: IT 98 J 05018 03200 000010500502<br \/>\nCausale: Siamo Qui (numero del macrogruppo e del sottogruppo)<\/p>\n<p><img loading=\"lazy\" decoding=\"async\" class=\"so-widget-image alignleft\" title=\"LOGO siamo qui ORIZZ\" src=\"https:\/\/giovani.chiesacattolica.it\/wp-content\/uploads\/sites\/33\/2017\/12\/11\/LOGO-siamo-qui-ORIZZ-1-e1512997573758-1024x530.png\" width=\"322\" height=\"166\" \/><strong>KIT DEL PELLEGRINO<\/strong><br \/>\nIl kit del pellegrino \u00e8 in fase di realizzazione e verr\u00e0 spedito ai gruppi a partire da luglio all\u2019indirizzo indicato nella scheda di iscrizione. A breve i dettagli<\/p>\n<p><strong>PASS<\/strong><br \/>\nSi trova nel kit del pellegrino e dar\u00e0 accesso alle aree dell\u2019evento (Circo Massimo e Piazza S. Pietro). Ai gruppi non verranno assegnati dei settori specifici: si proceder\u00e0 a riempimento.<br \/>\nCi sar\u00e0 la possibilit\u00e0 di dormire nell\u2019area del Circo Massimo.<\/p>\n<p><strong>DISABILIT\u00c0<\/strong><br \/>\nNella seconda fase dell\u2019iscrizione c\u2019\u00e8 uno spazio dedicato alle disabilit\u00e0. Sar\u00e0 necessario indicare il numero di persone disabili presenti nel gruppo e il tipo di disabilit\u00e0 (motoria, visiva o uditiva) per poter riservare un settore speciale sia al Circo Massimo che a Piazza San Pietro.<\/p>\n<p><strong>TRASPORTO<\/strong><br \/>\nPer i gruppi che decidono di arrivare a Roma in treno, Trenitalia ha previsto una scontistica di base del 30\/40 % e una gratuit\u00e0 ogni 15 persone (con un massimo di 5 per gruppo). Siamo in attesa di maggiori informazioni, ma chi volesse pu\u00f2 contattare l\u2019Ufficio gruppi Trenitalia ai seguenti recapiti: ufficiogruppi.an@trenitalia.it \u2013 071\/43389.<\/p>\n<p><strong>OSPITALIT\u00c0<\/strong><br \/>\nPer i gruppi che arrivano da lontano, la Diocesi di Roma prevede accoglienza per la notte del 10 e del 12 agosto, chiedendo un contributo di \u20ac 5 a notte per ogni partecipante. Chi fosse interessato pu\u00f2 contattare: pastoralegiovanile@vicariatusurbis.org &#8211; 06\/69886447 &#8211; 06\/69886574<\/p>\n<p><strong>MINORENNI<\/strong><br \/>\nI minori vanno iscritti attraverso il sito come tutti gli altri partecipanti. All\u2019atto dell\u2019iscrizione sar\u00e0 per\u00f2 necessario stampare la liberatoria presente nella scheda d\u2019iscrizione, farla firmare dai genitori del minore e consegnarla al capogruppo.<\/p>\n<p><strong>PERMESSO PULLMAN<\/strong><br \/>\nA partire dal 20\u00b0 luglio le aziende di trasporto privato potranno richiedere il permesso G per i giorni 11 e 12 agosto sul sito www.romamobilita.it . Tale permesso consente sia la circolazione del pullman in citt\u00e0 che il parcheggio dello stesso nella zona assegnata (che sar\u00e0 anche il punto di carico e scarico). Il costo giornaliero \u00e8 di \u20ac 50,00.<\/p>\n<p><strong>IL PROGRAMMA<\/strong><br \/>\n<em>11 AGOSTO<\/em><br \/>\nOre 13:00 apertura dei cancelli al Circo Massimo<br \/>\nOre 16:30 inizio delle testimonianze<br \/>\nOre 18:30 arrivo del Santo Padre<br \/>\nOre 19:00 inizio Veglia di preghiera per il Sinodo<br \/>\nOre 21:00 cena<br \/>\nOre 21:30 festa<br \/>\nOre 23:30 fine festa<br \/>\nOre 00:00 Inizio della notte bianca<\/p>\n<p><em>12 AGOSTO<\/em><br \/>\nOre 6:00 ingresso San Pietro<br \/>\nOre 9:30 Messa e Angelus<\/p>\n<p>&nbsp;<\/p>\n<p>Il link al sito di iscrizioni:\u00a0<strong><a href=\"https:\/\/siamoqui.glauco.it\/\">https:\/\/siamoqui.glauco.it<\/a><\/strong><\/p>\n<p>I pellegrini gi\u00e0 registrati possono accedere direttamente\u00a0dal link:\u00a0<a href=\"https:\/\/siamoqui.glauco.it\/pellegrini\/fase1\/login\">https:\/\/siamoqui.glauco.it\/pellegrini\/fase1\/login<\/a><\/p>\n<p style=\"text-align: right\">[fonte <a href=\"https:\/\/giovani.chiesacattolica.it\/11-e-12-agosto-come-partecipare\/\">SNPG<\/a>]<\/p>\n<hr \/>\n<p>&nbsp;<\/p>\n<\/div>\n<\/div>\n<\/div>\n<\/div>\n<\/div>\n<\/div>\n","protected":false},"excerpt":{"rendered":"<p>In vista del prossimo Sinodo dei Giovani, la Chiesa italiana attraverso il Servizio nazionale per la Pastorale giovanile, ha lanciato l\u2019iniziativa Siamo Qui! che si svolger\u00e0 a Roma dall\u201911 al 12 agosto 2018, dedicata ai giovani di et\u00e0 compresa tra i 16 e i 30.\u00a0I gruppi e le singole persone devono far riferimento alle diocesi [&hellip;]<\/p>\n","protected":false},"author":0,"featured_media":2330,"comment_status":"closed","ping_status":"closed","sticky":false,"template":"","format":"standard","meta":{"_acf_changed":false,"ip_address":"","user_agent":"","level":"","revision":"","cookie_id":"","page_referer":"","html_form":"","footnotes":""},"categories":[306,106,1,313],"tags":[],"class_list":["post-2359","post","type-post","status-publish","format-standard","has-post-thumbnail","hentry","category-adolescenti","category-gmg","category-news","category-sinodo-dei-giovani-2018"],"acf":[],"_links":{"self":[{"href":"https:\/\/www.patriarcatovenezia.it\/pastorale-giovanile\/wp-json\/wp\/v2\/posts\/2359"}],"collection":[{"href":"https:\/\/www.patriarcatovenezia.it\/pastorale-giovanile\/wp-json\/wp\/v2\/posts"}],"about":[{"href":"https:\/\/www.patriarcatovenezia.it\/pastorale-giovanile\/wp-json\/wp\/v2\/types\/post"}],"author":[{"embeddable":true,"href":"https:\/\/www.patriarcatovenezia.it\/pastorale-giovanile\/wp-json\/wp\/v2\/users\/10"}],"replies":[{"embeddable":true,"href":"https:\/\/www.patriarcatovenezia.it\/pastorale-giovanile\/wp-json\/wp\/v2\/comments?post=2359"}],"version-history":[{"count":3,"href":"https:\/\/www.patriarcatovenezia.it\/pastorale-giovanile\/wp-json\/wp\/v2\/posts\/2359\/revisions"}],"predecessor-version":[{"id":2362,"href":"https:\/\/www.patriarcatovenezia.it\/pastorale-giovanile\/wp-json\/wp\/v2\/posts\/2359\/revisions\/2362"}],"wp:featuredmedia":[{"embeddable":true,"href":"https:\/\/www.patriarcatovenezia.it\/pastorale-giovanile\/wp-json\/wp\/v2\/media\/2330"}],"wp:attachment":[{"href":"https:\/\/www.patriarcatovenezia.it\/pastorale-giovanile\/wp-json\/wp\/v2\/media?parent=2359"}],"wp:term":[{"taxonomy":"category","embeddable":true,"href":"https:\/\/www.patriarcatovenezia.it\/pastorale-giovanile\/wp-json\/wp\/v2\/categories?post=2359"},{"taxonomy":"post_tag","embeddable":true,"href":"https:\/\/www.patriarcatovenezia.it\/pastorale-giovanile\/wp-json\/wp\/v2\/tags?post=2359"}],"curies":[{"name":"wp","href":"https:\/\/api.w.org\/{rel}","templated":true}]}}