{"id":2329,"date":"2018-03-07T11:44:33","date_gmt":"2018-03-07T10:44:33","guid":{"rendered":"https:\/\/venezia.webdiocesi.it\/pastorale-giovanile\/?p=2329"},"modified":"2018-03-07T11:46:15","modified_gmt":"2018-03-07T10:46:15","slug":"2329","status":"publish","type":"post","link":"https:\/\/www.patriarcatovenezia.it\/pastorale-giovanile\/2018\/03\/07\/2329\/","title":{"rendered":"Estate 2018, tutti in cammino!"},"content":{"rendered":"<hr \/>\n<p>La Pastorale Giovanile Italiana propone per l\u2019<strong>estate 2018 <\/strong>l\u2019esperienza del <strong>cammino.<\/strong> Essa si inserisce pienamente nell\u2019itinerario verso il Sinodo dei Vescovi su \u201cI giovani, la fede e il discernimento vocazionale\u201d che sar\u00e0 celebrato nel mese di ottobre di quest\u2019anno.<\/p>\n<p>Il tema dei cammini \u00e8 fortemente legato all&#8217;incontro dei giovani italiani con Papa Francesco.<\/p>\n<p>La proposta si snoda su <span style=\"color: #3366ff\"><strong>due tappe.<\/strong><\/span><\/p>\n<hr \/>\n<h4><span style=\"color: #3366ff\"><strong>PRIMA TAPPA:<\/strong><\/span><\/h4>\n<p><a href=\"https:\/\/venezia.webdiocesi.it\/pastorale-giovanile\/wp-content\/uploads\/sites\/6\/2018\/03\/permillestrade.jpg\" data-rel=\"lightbox-image-0\" data-rl_title=\"\" data-rl_caption=\"\" title=\"\"><img loading=\"lazy\" decoding=\"async\" class=\"alignright size-full wp-image-2330\" src=\"https:\/\/venezia.webdiocesi.it\/pastorale-giovanile\/wp-content\/uploads\/sites\/6\/2018\/03\/permillestrade.jpg\" alt=\"\" width=\"838\" height=\"222\" srcset=\"https:\/\/www.patriarcatovenezia.it\/pastorale-giovanile\/wp-content\/uploads\/sites\/6\/2018\/03\/permillestrade.jpg 838w, https:\/\/www.patriarcatovenezia.it\/pastorale-giovanile\/wp-content\/uploads\/sites\/6\/2018\/03\/permillestrade-300x79.jpg 300w, https:\/\/www.patriarcatovenezia.it\/pastorale-giovanile\/wp-content\/uploads\/sites\/6\/2018\/03\/permillestrade-768x203.jpg 768w, https:\/\/www.patriarcatovenezia.it\/pastorale-giovanile\/wp-content\/uploads\/sites\/6\/2018\/03\/permillestrade-360x95.jpg 360w\" sizes=\"(max-width: 838px) 100vw, 838px\" \/><\/a><\/p>\n<p>Vivere con i giovani nel <strong>mese di agosto<\/strong> (o comunque nel corso dell\u2019estate) <strong>una proposta di cammino<\/strong> percorrendo una delle antiche vie dei pellegrini o scegliendo come tappa un luogo significativo di santit\u00e0 della propria Diocesi o dell\u2019Italia.<\/p>\n<p>Questa prima tappa pu\u00f2 essere vissuta a livello di Chiesa locale oppure dalle diverse parrocchie-vicariati-collaborazioni pastorali. Noi abbiamo deciso di lasciare ogni comunit\u00e0 libera di pensare e decidere come collocarsi all\u2019interno di questa proposta sapendo che gi\u00e0 molte realt\u00e0 hanno proposte ben strutturate per il tempo estivo.<\/p>\n<p>L\u2019Ufficio diocesano di pastorale giovanile rimane a disposizione per supportare la scelta e la programmazione di questa prima tappa.<\/p>\n<p>Sono a disposizione anche alcuni siti internet con proposte gi\u00e0 sperimentate.<\/p>\n<p>&nbsp;<\/p>\n<p><a href=\"http:\/\/giovani.chiesacattolica.it\/il-pellegrinaggio-un-viaggio-per-cambiare\/\">Il pellegrinaggio, un viaggio per cambiare<\/a><\/p>\n<p><a href=\"http:\/\/giovani.chiesacattolica.it\/cpt_sinodo_giovani\/come-organizzare-un-cammino\/\">Come organizzare un cammino\u2026.<\/a><\/p>\n<p><a href=\"https:\/\/venezia.webdiocesi.it\/pastorale-giovanile\/wp-content\/uploads\/sites\/6\/2018\/03\/dito.jpg\" data-rel=\"lightbox-image-1\" data-rl_title=\"\" data-rl_caption=\"\" title=\"\"><img loading=\"lazy\" decoding=\"async\" class=\"size-full wp-image-2333 alignleft\" src=\"https:\/\/venezia.webdiocesi.it\/pastorale-giovanile\/wp-content\/uploads\/sites\/6\/2018\/03\/dito.jpg\" alt=\"\" width=\"133\" height=\"142\" \/><\/a><a href=\"http:\/\/www.viefrancigene.org\/it\/\">Via francigena<\/a><\/p>\n<p><a href=\"http:\/\/www.camminilauretani.eu\/it\/\">Cammini lauretani<\/a><\/p>\n<p><a href=\"http:\/\/www.camminodibenedetto.it\/\">Cammino di san Benedetto<\/a><\/p>\n<p><a href=\"http:\/\/www.ilcamminodisantantonio.it\/ita\/home.asp\">Cammino sant\u2019Antonio<\/a><\/p>\n<p><a href=\"http:\/\/www.viadifrancesco.it\/\">La via di Francesco<\/a><\/p>\n<p><a href=\"http:\/\/www.romeastrata.it\/\">La via romea<\/a><\/p>\n<p><a href=\"http:\/\/www.adliminapetri.it\/index1.php\">Ad limina petri<\/a><\/p>\n<p><a href=\"http:\/\/www.viedellabellezza.it\/\">Vie della bellezza<\/a><\/p>\n<p>&nbsp;<\/p>\n<p>In commercio vi sono anche numerose pubblicazioni che possono aiutare in questo lavoro di programmazione:<\/p>\n<p><a href=\"https:\/\/venezia.webdiocesi.it\/pastorale-giovanile\/wp-content\/uploads\/sites\/6\/2018\/03\/libri.jpg\" data-rel=\"lightbox-image-2\" data-rl_title=\"\" data-rl_caption=\"\" title=\"\"><img loading=\"lazy\" decoding=\"async\" class=\"alignright size-full wp-image-2331\" src=\"https:\/\/venezia.webdiocesi.it\/pastorale-giovanile\/wp-content\/uploads\/sites\/6\/2018\/03\/libri.jpg\" alt=\"\" width=\"870\" height=\"562\" srcset=\"https:\/\/www.patriarcatovenezia.it\/pastorale-giovanile\/wp-content\/uploads\/sites\/6\/2018\/03\/libri.jpg 870w, https:\/\/www.patriarcatovenezia.it\/pastorale-giovanile\/wp-content\/uploads\/sites\/6\/2018\/03\/libri-300x194.jpg 300w, https:\/\/www.patriarcatovenezia.it\/pastorale-giovanile\/wp-content\/uploads\/sites\/6\/2018\/03\/libri-768x496.jpg 768w, https:\/\/www.patriarcatovenezia.it\/pastorale-giovanile\/wp-content\/uploads\/sites\/6\/2018\/03\/libri-360x233.jpg 360w\" sizes=\"(max-width: 870px) 100vw, 870px\" \/><\/a><\/p>\n<p>&nbsp;<\/p>\n<p>&nbsp;<\/p>\n<p>&nbsp;<\/p>\n<h4><\/h4>\n<hr \/>\n<h4><span style=\"color: #3366ff\">SECONDA TAPPA:<\/span><\/h4>\n<p>&nbsp;<\/p>\n<p><a href=\"https:\/\/venezia.webdiocesi.it\/pastorale-giovanile\/wp-content\/uploads\/sites\/6\/2018\/03\/siamoqui.jpg\" data-rel=\"lightbox-image-3\" data-rl_title=\"\" data-rl_caption=\"\" title=\"\"><img loading=\"lazy\" decoding=\"async\" class=\"size-full wp-image-2332 alignleft\" src=\"https:\/\/venezia.webdiocesi.it\/pastorale-giovanile\/wp-content\/uploads\/sites\/6\/2018\/03\/siamoqui.jpg\" alt=\"\" width=\"330\" height=\"171\" srcset=\"https:\/\/www.patriarcatovenezia.it\/pastorale-giovanile\/wp-content\/uploads\/sites\/6\/2018\/03\/siamoqui.jpg 330w, https:\/\/www.patriarcatovenezia.it\/pastorale-giovanile\/wp-content\/uploads\/sites\/6\/2018\/03\/siamoqui-300x155.jpg 300w\" sizes=\"(max-width: 330px) 100vw, 330px\" \/><\/a><\/p>\n<p>Si tratta di <strong>un appuntamento con Papa Francesco a Roma<\/strong> fissato per l\u2019<strong>11 e il 12 agosto 2018 <\/strong>al <strong>circo massimo <\/strong>e in <strong>piazza san Pietro<\/strong>. Questo secondo tempo \u00e8 ovviamente aperto anche a quei gruppi e quelle realt\u00e0 che per varie ragioni non hanno vissuto la prima proposta ma che desiderano comunque riunirsi insieme ai giovani italiani attorno a Papa Francesco.<\/p>\n<p>Come si svolger\u00e0 la giornata? L&#8217;11 agosto si potr\u00e0 accedere al circo massimo dopo le 13 circa. Dalle 16.30 in poi inizier\u00e0 un tempo per le testimonianze. Intorno alle 18 aspetteremo il Papa e alle 19 ci sar\u00e0 la Veglia di Preghiera per il Sinodo. Dalle 21.30 daremo inizio alla Festa. Dalle 23 invece via libera per la notte bianca. Chi vuole, potr\u00e0 fermarsi a dormire al circo massimo. Chi invece avr\u00e0 ancora energie, potr\u00e0 fare un giro per Roma e approfittare delle varie proposte che si stanno mettendo su.<\/p>\n<p>Tra le varie iniziative, alcune chiese di Roma verranno aperte e dedicate alle confessioni, ai momenti di adorazione ed eucaristia. Le associazioni pi\u00f9 grandi avranno degli spazi dedicati per l&#8217;animazione o qualche incontro. Ci sar\u00e0 un evento dedicato alla riconciliazione e al perdono. Ci saranno due appuntamenti organizzati da Pietre Vive che si sono messi a disposizione per accompagnare i giovani su due percorsi, uno su Caravaggio e l&#8217;altro sulle basiliche paleocristiane. E ancora molto altro.<\/p>\n<p>Le <strong>iscrizioni<\/strong> (che necessariamente dovranno passare per l\u2019Ufficio diocesano di pastorale giovanile) partiranno ai primi di marzo. I gruppi potranno iscriversi scegliendo uno dei due pacchetti: 40\u20ac senza giornata alimentare, 50\u20ac con la giornata alimentare (comprensiva della quota di 5\u20ac per le diocesi). Entrambi i pacchetti comprendono la copertura assicurativa, trasporti, solidariet\u00e0, kit pellegrino, contributo spese evento.<\/p>\n<p>L&#8217;evento di agosto si concluder\u00e0 con la Messa a piazza San Pietro e l&#8217;Angelus di Papa Francesco.<\/p>\n<hr \/>\n<h3><span style=\"color: #3366ff\">Nuove informazioni saranno disponibili presto&#8230;stay tuned!<\/span><\/h3>\n","protected":false},"excerpt":{"rendered":"<p>La Pastorale Giovanile Italiana propone per l\u2019estate 2018 l\u2019esperienza del cammino. Essa si inserisce pienamente nell\u2019itinerario verso il Sinodo dei Vescovi su \u201cI giovani, la fede e il discernimento vocazionale\u201d che sar\u00e0 celebrato nel mese di ottobre di quest\u2019anno. Il tema dei cammini \u00e8 fortemente legato all&#8217;incontro dei giovani italiani con Papa Francesco. La proposta [&hellip;]<\/p>\n","protected":false},"author":0,"featured_media":2102,"comment_status":"closed","ping_status":"closed","sticky":false,"template":"","format":"standard","meta":{"_acf_changed":false,"ip_address":"","user_agent":"","level":"","revision":"","cookie_id":"","page_referer":"","html_form":"","footnotes":""},"categories":[306,307,1,311,313],"tags":[],"class_list":["post-2329","post","type-post","status-publish","format-standard","has-post-thumbnail","hentry","category-adolescenti","category-giovani","category-news","category-pgve","category-sinodo-dei-giovani-2018"],"acf":[],"_links":{"self":[{"href":"https:\/\/www.patriarcatovenezia.it\/pastorale-giovanile\/wp-json\/wp\/v2\/posts\/2329"}],"collection":[{"href":"https:\/\/www.patriarcatovenezia.it\/pastorale-giovanile\/wp-json\/wp\/v2\/posts"}],"about":[{"href":"https:\/\/www.patriarcatovenezia.it\/pastorale-giovanile\/wp-json\/wp\/v2\/types\/post"}],"author":[{"embeddable":true,"href":"https:\/\/www.patriarcatovenezia.it\/pastorale-giovanile\/wp-json\/wp\/v2\/users\/10"}],"replies":[{"embeddable":true,"href":"https:\/\/www.patriarcatovenezia.it\/pastorale-giovanile\/wp-json\/wp\/v2\/comments?post=2329"}],"version-history":[{"count":4,"href":"https:\/\/www.patriarcatovenezia.it\/pastorale-giovanile\/wp-json\/wp\/v2\/posts\/2329\/revisions"}],"predecessor-version":[{"id":2337,"href":"https:\/\/www.patriarcatovenezia.it\/pastorale-giovanile\/wp-json\/wp\/v2\/posts\/2329\/revisions\/2337"}],"wp:featuredmedia":[{"embeddable":true,"href":"https:\/\/www.patriarcatovenezia.it\/pastorale-giovanile\/wp-json\/wp\/v2\/media\/2102"}],"wp:attachment":[{"href":"https:\/\/www.patriarcatovenezia.it\/pastorale-giovanile\/wp-json\/wp\/v2\/media?parent=2329"}],"wp:term":[{"taxonomy":"category","embeddable":true,"href":"https:\/\/www.patriarcatovenezia.it\/pastorale-giovanile\/wp-json\/wp\/v2\/categories?post=2329"},{"taxonomy":"post_tag","embeddable":true,"href":"https:\/\/www.patriarcatovenezia.it\/pastorale-giovanile\/wp-json\/wp\/v2\/tags?post=2329"}],"curies":[{"name":"wp","href":"https:\/\/api.w.org\/{rel}","templated":true}]}}