{"id":2294,"date":"2018-02-19T15:09:40","date_gmt":"2018-02-19T14:09:40","guid":{"rendered":"https:\/\/venezia.webdiocesi.it\/pastorale-giovanile\/?p=2294"},"modified":"2018-02-19T15:28:43","modified_gmt":"2018-02-19T14:28:43","slug":"linvito-del-vescovo-di-panama-ai-giovani-italiani","status":"publish","type":"post","link":"https:\/\/www.patriarcatovenezia.it\/pastorale-giovanile\/2018\/02\/19\/linvito-del-vescovo-di-panama-ai-giovani-italiani\/","title":{"rendered":"L\u2019invito del vescovo di Panama ai giovani italiani"},"content":{"rendered":"<p>Il vescovo di Panama, Mons. Jos\u00e9 Domingo Ulloa, anche presidente del Comitato Organizzatore Locale che sta gestendo la GMG di Panama, ha invitato i giovani italiani a partecipare al grande evento che si terr\u00e0 a gennaio 2019.<br \/>\n&#8220;<em>Vi invito personalmente a Panama perch\u00e9 insieme alla giovent\u00f9 del mondo possiamo vivere questa grande festa dell&#8217;incontro, l&#8217;incontro tra di noi, con Ges\u00f9 e con Maria insieme a Papa Francesco. Voi siete importanti perch\u00e9 la grande festa possa essere davvero la manifestazione dell&#8217;allegria tra fratelli. Qui avete una casa e una famiglia che aspetta di accogliervi e dirvi: Benvenuti!&#8221;.<\/em><\/p>\n<p style=\"text-align: left\">Qui il video:<\/p>\n<p><iframe loading=\"lazy\" title=\"Invito del Vescovo di Panama a partecipare alla GMG\" width=\"500\" height=\"281\" src=\"https:\/\/www.youtube.com\/embed\/t2YNP2HmGwc?feature=oembed\" frameborder=\"0\" allow=\"accelerometer; autoplay; clipboard-write; encrypted-media; gyroscope; picture-in-picture; web-share\" referrerpolicy=\"strict-origin-when-cross-origin\" allowfullscreen><\/iframe><\/p>\n<p style=\"text-align: right\">[fonte <a href=\"https:\/\/giovani.chiesacattolica.it\/linvito-del-vescovo-di-panama-ai-giovani-italiani\/\">SNPG<\/a>]<\/p>\n","protected":false},"excerpt":{"rendered":"<p>Il vescovo di Panama, Mons. Jos\u00e9 Domingo Ulloa, anche presidente del Comitato Organizzatore Locale che sta gestendo la GMG di Panama, ha invitato i giovani italiani a partecipare al grande evento che si terr\u00e0 a gennaio 2019. &#8220;Vi invito personalmente a Panama perch\u00e9 insieme alla giovent\u00f9 del mondo possiamo vivere questa grande festa dell&#8217;incontro, l&#8217;incontro [&hellip;]<\/p>\n","protected":false},"author":0,"featured_media":2295,"comment_status":"closed","ping_status":"closed","sticky":false,"template":"","format":"standard","meta":{"_acf_changed":false,"ip_address":"","user_agent":"","level":"","revision":"","cookie_id":"","page_referer":"","html_form":"","footnotes":""},"categories":[106,1],"tags":[],"class_list":["post-2294","post","type-post","status-publish","format-standard","has-post-thumbnail","hentry","category-gmg","category-news"],"acf":[],"_links":{"self":[{"href":"https:\/\/www.patriarcatovenezia.it\/pastorale-giovanile\/wp-json\/wp\/v2\/posts\/2294"}],"collection":[{"href":"https:\/\/www.patriarcatovenezia.it\/pastorale-giovanile\/wp-json\/wp\/v2\/posts"}],"about":[{"href":"https:\/\/www.patriarcatovenezia.it\/pastorale-giovanile\/wp-json\/wp\/v2\/types\/post"}],"author":[{"embeddable":true,"href":"https:\/\/www.patriarcatovenezia.it\/pastorale-giovanile\/wp-json\/wp\/v2\/users\/10"}],"replies":[{"embeddable":true,"href":"https:\/\/www.patriarcatovenezia.it\/pastorale-giovanile\/wp-json\/wp\/v2\/comments?post=2294"}],"version-history":[{"count":2,"href":"https:\/\/www.patriarcatovenezia.it\/pastorale-giovanile\/wp-json\/wp\/v2\/posts\/2294\/revisions"}],"predecessor-version":[{"id":2297,"href":"https:\/\/www.patriarcatovenezia.it\/pastorale-giovanile\/wp-json\/wp\/v2\/posts\/2294\/revisions\/2297"}],"wp:featuredmedia":[{"embeddable":true,"href":"https:\/\/www.patriarcatovenezia.it\/pastorale-giovanile\/wp-json\/wp\/v2\/media\/2295"}],"wp:attachment":[{"href":"https:\/\/www.patriarcatovenezia.it\/pastorale-giovanile\/wp-json\/wp\/v2\/media?parent=2294"}],"wp:term":[{"taxonomy":"category","embeddable":true,"href":"https:\/\/www.patriarcatovenezia.it\/pastorale-giovanile\/wp-json\/wp\/v2\/categories?post=2294"},{"taxonomy":"post_tag","embeddable":true,"href":"https:\/\/www.patriarcatovenezia.it\/pastorale-giovanile\/wp-json\/wp\/v2\/tags?post=2294"}],"curies":[{"name":"wp","href":"https:\/\/api.w.org\/{rel}","templated":true}]}}