{"id":2263,"date":"2018-01-22T09:24:26","date_gmt":"2018-01-22T08:24:26","guid":{"rendered":"https:\/\/venezia.webdiocesi.it\/pastorale-giovanile\/?p=2263"},"modified":"2018-01-22T09:24:26","modified_gmt":"2018-01-22T08:24:26","slug":"migranti-e-rifugiati-uomini-e-donne-in-cerca-di-pace","status":"publish","type":"post","link":"https:\/\/www.patriarcatovenezia.it\/pastorale-giovanile\/2018\/01\/22\/migranti-e-rifugiati-uomini-e-donne-in-cerca-di-pace\/","title":{"rendered":"Migranti e rifugiati: uomini e donne in cerca di pace"},"content":{"rendered":"<hr \/>\n<p>&nbsp;<\/p>\n<p>\u201cPace a tutte le persone e a tutte le nazioni della terra! La pace, che gli angeli annunciano ai pastori nella notte di Natale,[1] \u00e8 un\u2019aspirazione profonda di tutte le persone e di tutti i popoli, soprattutto di quanti pi\u00f9 duramente ne patiscono la mancanza. Tra questi, che porto nei miei pensieri e nella mia preghiera, voglio ancora una volta ricordare gli oltre 250 milioni di migranti nel mondo, dei quali 22 milioni e mezzo sono rifugiati. Questi ultimi, come afferm\u00f2 il mio amato predecessore Benedetto XVI, \u00absono uomini e donne, bambini, giovani e anziani che cercano un luogo dove vivere in pace\u00bb.[2] Per trovarlo, molti di loro sono disposti a rischiare la vita in un viaggio che in gran parte dei casi \u00e8 lungo e pericoloso, a subire fatiche e sofferenze, ad affrontare reticolati e muri innalzati per tenerli lontani dalla meta.<\/p>\n<p>Ci ispirano le parole di San Giovanni Paolo II: \u00abSe il \u201csogno\u201d di un mondo in pace \u00e8 condiviso da tanti, se si valorizza l\u2019apporto dei migranti e dei rifugiati, l\u2019umanit\u00e0 pu\u00f2 divenire sempre pi\u00f9 famiglia di tutti e la nostra terra una reale \u201ccasa comune\u201d\u00bb.[18] Molti nella storia hanno creduto in questo \u201csogno\u201d e quanto hanno compiuto testimonia che non si tratta di una utopia irrealizzabile\u201d.<\/p>\n<p>(Messaggio di Papa Francesco per la Giornata mondiale per la pace 2018)<\/p>\n<p>&nbsp;<\/p>\n<p><em><strong>La questione dei migranti e dei rifugiati: cause, pericoli e opportunit\u00e0. Una serata per ascoltare dei testimoni e il messaggio di Papa Francesco. Una opportunit\u00e0 per conoscere, capire e pregare.<\/strong><\/em><\/p>\n<p>&nbsp;<\/p>\n","protected":false},"excerpt":{"rendered":"<p>&nbsp; \u201cPace a tutte le persone e a tutte le nazioni della terra! La pace, che gli angeli annunciano ai pastori nella notte di Natale,[1] \u00e8 un\u2019aspirazione profonda di tutte le persone e di tutti i popoli, soprattutto di quanti pi\u00f9 duramente ne patiscono la mancanza. Tra questi, che porto nei miei pensieri e nella [&hellip;]<\/p>\n","protected":false},"author":0,"featured_media":2264,"comment_status":"closed","ping_status":"closed","sticky":false,"template":"","format":"standard","meta":{"_acf_changed":false,"ip_address":"","user_agent":"","level":"","revision":"","cookie_id":"","page_referer":"","html_form":"","footnotes":""},"categories":[306,307,1,311],"tags":[],"class_list":["post-2263","post","type-post","status-publish","format-standard","has-post-thumbnail","hentry","category-adolescenti","category-giovani","category-news","category-pgve"],"acf":[],"_links":{"self":[{"href":"https:\/\/www.patriarcatovenezia.it\/pastorale-giovanile\/wp-json\/wp\/v2\/posts\/2263"}],"collection":[{"href":"https:\/\/www.patriarcatovenezia.it\/pastorale-giovanile\/wp-json\/wp\/v2\/posts"}],"about":[{"href":"https:\/\/www.patriarcatovenezia.it\/pastorale-giovanile\/wp-json\/wp\/v2\/types\/post"}],"author":[{"embeddable":true,"href":"https:\/\/www.patriarcatovenezia.it\/pastorale-giovanile\/wp-json\/wp\/v2\/users\/10"}],"replies":[{"embeddable":true,"href":"https:\/\/www.patriarcatovenezia.it\/pastorale-giovanile\/wp-json\/wp\/v2\/comments?post=2263"}],"version-history":[{"count":2,"href":"https:\/\/www.patriarcatovenezia.it\/pastorale-giovanile\/wp-json\/wp\/v2\/posts\/2263\/revisions"}],"predecessor-version":[{"id":2266,"href":"https:\/\/www.patriarcatovenezia.it\/pastorale-giovanile\/wp-json\/wp\/v2\/posts\/2263\/revisions\/2266"}],"wp:featuredmedia":[{"embeddable":true,"href":"https:\/\/www.patriarcatovenezia.it\/pastorale-giovanile\/wp-json\/wp\/v2\/media\/2264"}],"wp:attachment":[{"href":"https:\/\/www.patriarcatovenezia.it\/pastorale-giovanile\/wp-json\/wp\/v2\/media?parent=2263"}],"wp:term":[{"taxonomy":"category","embeddable":true,"href":"https:\/\/www.patriarcatovenezia.it\/pastorale-giovanile\/wp-json\/wp\/v2\/categories?post=2263"},{"taxonomy":"post_tag","embeddable":true,"href":"https:\/\/www.patriarcatovenezia.it\/pastorale-giovanile\/wp-json\/wp\/v2\/tags?post=2263"}],"curies":[{"name":"wp","href":"https:\/\/api.w.org\/{rel}","templated":true}]}}