{"id":2234,"date":"2018-01-11T09:00:15","date_gmt":"2018-01-11T08:00:15","guid":{"rendered":"https:\/\/venezia.webdiocesi.it\/pastorale-giovanile\/?p=2234"},"modified":"2018-01-11T09:00:15","modified_gmt":"2018-01-11T08:00:15","slug":"velodicoio-online-il-sito-dedicato-allascolto-dei-giovani","status":"publish","type":"post","link":"https:\/\/www.patriarcatovenezia.it\/pastorale-giovanile\/2018\/01\/11\/velodicoio-online-il-sito-dedicato-allascolto-dei-giovani\/","title":{"rendered":"#Velodicoio: online il sito dedicato all\u2019ascolto dei giovani"},"content":{"rendered":"<div id=\"pg-w577e0ca66d7f6-0\" class=\"panel-grid panel-no-style\">\n<div id=\"pgc-w577e0ca66d7f6-0-0\" class=\"panel-grid-cell\">\n<div id=\"panel-w577e0ca66d7f6-0-0-0\" class=\"so-panel widget widget_text panel-first-child panel-last-child\">\n<div class=\"textwidget\">\n<div class=\"seed_content_tbt_single_article_excerpt\">\n<hr \/>\n<p>Un progetto che vuole esplorare ambizioni, speranze e paure delle giovani generazioni. Non si tratta di un sondaggio, ma di uno strumento teso all\u2019ascolto che vuole favorire un confronto di gruppo<\/p><\/div>\n<\/div>\n<\/div>\n<\/div>\n<\/div>\n<div id=\"pg-w577e0ca66d7f6-1\" class=\"panel-grid panel-has-style\">\n<div class=\"row seed_content_tbt_single_article_wrapper panel-row-style panel-row-style-for-w577e0ca66d7f6-1\">\n<div id=\"pgc-w577e0ca66d7f6-1-0\" class=\"panel-grid-cell\">\n<div class=\"col-lg-3 panel-cell-style panel-cell-style-for-w577e0ca66d7f6-1-0\">\n<div id=\"panel-w577e0ca66d7f6-1-0-0\" class=\"so-panel widget widget_text panel-first-child panel-last-child\">\n<div class=\"textwidget\">\n<div class=\"seed_content_tbt_single_article_data\">9 gennaio 2018<\/div>\n<\/div>\n<\/div>\n<\/div>\n<\/div>\n<div id=\"pgc-w577e0ca66d7f6-1-1\" class=\"panel-grid-cell\">\n<div class=\"col-lg-9 cci-content-tbt-page-wrapper-content panel-cell-style panel-cell-style-for-w577e0ca66d7f6-1-1\">\n<div id=\"panel-w577e0ca66d7f6-1-1-0\" class=\"so-panel widget widget_text panel-first-child panel-last-child\">\n<div class=\"textwidget\">\n<p>E&#8217; online il\u00a0<a href=\"http:\/\/www.velodicoio.it\/\">nuovo portale<\/a>\u00a0dedicato all&#8217;ascolto dei giovani, altra tappa verso il Sinodo di ottobre. Un progetto che vuole esplorare ambizioni, speranze e paure delle giovani generazioni. Non si tratta di un sondaggio, ma di uno strumento teso all\u2019ascolto che vuole favorire un confronto di gruppo: a scuola, in universit\u00e0, nei gruppi parrocchiali e in quelli informali, laddove i giovani vivono.<\/p>\n<p>Il Sinodo si svolger\u00e0 a ottobre, ma Papa Francesco ha espresso pi\u00f9 volte la volont\u00e0 di arrivare a questo grande incontro con i Vescovi avendo \u2018ascoltato\u2019 i giovani del mondo, tutti, anche quelli pi\u00f9 lontani dalla Chiesa perch\u00e9 i sogni e il futuro non lasciano fuori nessuno.<\/p>\n<p>\u00c8 da questa spinta che nasce il progetto\u00a0<a href=\"http:\/\/www.velodicoio.it\/\">#velodicoio.<\/a><\/p>\n<p>Alla fine, pi\u00f9 che un ritratto, si vorrebbe che venissero fuori i pensieri, le aspirazioni, le opinioni anche critiche della fascia d\u2019et\u00e0 16-29.<\/p>\n<p>Il progetto \u00e8 suddiviso su 10 macro temi:\u00a0<strong>RICERCA \u2013 FARE CASA \u2013 INCONTRI \u2013 COMPLESSITA\u2019 \u2013 LEGAMI \u2013 CURA \u2013 GRATUITA\u2019 \u2013 CREDIBILITA\u2019 \u2013 DIREZIONE \u2013 PROGETTI<\/strong><\/p>\n<p><img loading=\"lazy\" decoding=\"async\" class=\"aligncenter wp-image-2236 size-full\" src=\"https:\/\/venezia.webdiocesi.it\/pastorale-giovanile\/wp-content\/uploads\/sites\/6\/2018\/01\/velodicoio-koEF-U11011838566346rJ-1024x576@LaStampa.it_.jpg\" alt=\"\" width=\"1000\" height=\"563\" srcset=\"https:\/\/www.patriarcatovenezia.it\/pastorale-giovanile\/wp-content\/uploads\/sites\/6\/2018\/01\/velodicoio-koEF-U11011838566346rJ-1024x576@LaStampa.it_.jpg 1000w, https:\/\/www.patriarcatovenezia.it\/pastorale-giovanile\/wp-content\/uploads\/sites\/6\/2018\/01\/velodicoio-koEF-U11011838566346rJ-1024x576@LaStampa.it_-300x169.jpg 300w, https:\/\/www.patriarcatovenezia.it\/pastorale-giovanile\/wp-content\/uploads\/sites\/6\/2018\/01\/velodicoio-koEF-U11011838566346rJ-1024x576@LaStampa.it_-768x432.jpg 768w, https:\/\/www.patriarcatovenezia.it\/pastorale-giovanile\/wp-content\/uploads\/sites\/6\/2018\/01\/velodicoio-koEF-U11011838566346rJ-1024x576@LaStampa.it_-360x203.jpg 360w\" sizes=\"(max-width: 1000px) 100vw, 1000px\" \/><\/p>\n<p>Per ogni tema, saranno disponibili delle domande a cui i giovani potranno rispondere liberamente, fermandosi o lasciando l\u2019area di lavoro, qualora ritenessero di farlo e eventualmente ritornandoci in un secondo momento.<\/p>\n<p>Inoltre, i temi potranno essere integrati da un video-testimonianza per ogni parola chiave con le risposte e le reazioni dei giovani stessi, i loro dubbi e le loro incertezze.<\/p>\n<p>Le risposte sono riservate. Per accedere al progetto e rispondere alle domande baster\u00e0 inserire poche informazioni di base che sono richieste esclusivamente per aiutarci a disegnare pi\u00f9 attentamente il ritratto di un&#8217;intera generazione.<\/p>\n<p style=\"text-align: right\">[<a href=\"http:\/\/giovani.chiesacattolica.it\/velodicoio-online-il-sito-dedicato-allascolto-dei-giovani\/\">articolo SNPG<\/a>]<\/p>\n<\/div>\n<\/div>\n<\/div>\n<\/div>\n<\/div>\n<\/div>\n","protected":false},"excerpt":{"rendered":"<p>Un progetto che vuole esplorare ambizioni, speranze e paure delle giovani generazioni. Non si tratta di un sondaggio, ma di uno strumento teso all\u2019ascolto che vuole favorire un confronto di gruppo 9 gennaio 2018 E&#8217; online il\u00a0nuovo portale\u00a0dedicato all&#8217;ascolto dei giovani, altra tappa verso il Sinodo di ottobre. Un progetto che vuole esplorare ambizioni, speranze [&hellip;]<\/p>\n","protected":false},"author":0,"featured_media":2235,"comment_status":"closed","ping_status":"closed","sticky":false,"template":"","format":"standard","meta":{"_acf_changed":false,"ip_address":"","user_agent":"","level":"","revision":"","cookie_id":"","page_referer":"","html_form":"","footnotes":""},"categories":[306,307,1,313],"tags":[],"class_list":["post-2234","post","type-post","status-publish","format-standard","has-post-thumbnail","hentry","category-adolescenti","category-giovani","category-news","category-sinodo-dei-giovani-2018"],"acf":[],"_links":{"self":[{"href":"https:\/\/www.patriarcatovenezia.it\/pastorale-giovanile\/wp-json\/wp\/v2\/posts\/2234"}],"collection":[{"href":"https:\/\/www.patriarcatovenezia.it\/pastorale-giovanile\/wp-json\/wp\/v2\/posts"}],"about":[{"href":"https:\/\/www.patriarcatovenezia.it\/pastorale-giovanile\/wp-json\/wp\/v2\/types\/post"}],"author":[{"embeddable":true,"href":"https:\/\/www.patriarcatovenezia.it\/pastorale-giovanile\/wp-json\/wp\/v2\/users\/10"}],"replies":[{"embeddable":true,"href":"https:\/\/www.patriarcatovenezia.it\/pastorale-giovanile\/wp-json\/wp\/v2\/comments?post=2234"}],"version-history":[{"count":2,"href":"https:\/\/www.patriarcatovenezia.it\/pastorale-giovanile\/wp-json\/wp\/v2\/posts\/2234\/revisions"}],"predecessor-version":[{"id":2238,"href":"https:\/\/www.patriarcatovenezia.it\/pastorale-giovanile\/wp-json\/wp\/v2\/posts\/2234\/revisions\/2238"}],"wp:featuredmedia":[{"embeddable":true,"href":"https:\/\/www.patriarcatovenezia.it\/pastorale-giovanile\/wp-json\/wp\/v2\/media\/2235"}],"wp:attachment":[{"href":"https:\/\/www.patriarcatovenezia.it\/pastorale-giovanile\/wp-json\/wp\/v2\/media?parent=2234"}],"wp:term":[{"taxonomy":"category","embeddable":true,"href":"https:\/\/www.patriarcatovenezia.it\/pastorale-giovanile\/wp-json\/wp\/v2\/categories?post=2234"},{"taxonomy":"post_tag","embeddable":true,"href":"https:\/\/www.patriarcatovenezia.it\/pastorale-giovanile\/wp-json\/wp\/v2\/tags?post=2234"}],"curies":[{"name":"wp","href":"https:\/\/api.w.org\/{rel}","templated":true}]}}