{"id":2101,"date":"2017-12-05T08:57:14","date_gmt":"2017-12-05T07:57:14","guid":{"rendered":"https:\/\/venezia.webdiocesi.it\/pastorale-giovanile\/?p=2101"},"modified":"2017-12-05T08:57:14","modified_gmt":"2017-12-05T07:57:14","slug":"la-locandina-versoilsinodo2018","status":"publish","type":"post","link":"https:\/\/www.patriarcatovenezia.it\/pastorale-giovanile\/2017\/12\/05\/la-locandina-versoilsinodo2018\/","title":{"rendered":"La locandina #versoilSinodo2018"},"content":{"rendered":"<div id=\"pg-w577e0ca66d7f6-0\" class=\"panel-grid panel-no-style\">\n<div id=\"pgc-w577e0ca66d7f6-0-0\" class=\"panel-grid-cell\">\n<div id=\"panel-w577e0ca66d7f6-0-0-0\" class=\"so-panel widget widget_text panel-first-child panel-last-child\">\n<div class=\"textwidget\">\n<div class=\"seed_content_tbt_single_article_excerpt\">\n<hr \/>\n<p><em>Il Servizio Nazionale di Pastorale giovanile mette a disposizione la locandina che riassume le tappe del cammino della Chiesa italiana verso il Sinodo dei giovani.<\/em><\/div>\n<div>\n<hr \/>\n<\/div>\n<\/div>\n<\/div>\n<\/div>\n<\/div>\n<div id=\"pg-w577e0ca66d7f6-1\" class=\"panel-grid panel-has-style\">\n<div class=\"row seed_content_tbt_single_article_wrapper panel-row-style panel-row-style-for-w577e0ca66d7f6-1\">\n<div id=\"pgc-w577e0ca66d7f6-1-0\" class=\"panel-grid-cell\">\n<div class=\"col-lg-3 panel-cell-style panel-cell-style-for-w577e0ca66d7f6-1-0\">\n<div id=\"panel-w577e0ca66d7f6-1-0-0\" class=\"so-panel widget widget_text panel-first-child panel-last-child\">\n<div class=\"textwidget\">\n<div class=\"seed_content_tbt_single_article_data\" style=\"text-align: right\"><a href=\"https:\/\/giovani.chiesacattolica.it\/la-locandina-versoilsinodo2018\/\">SNPG 4 dicembre 2017<\/a><\/div>\n<\/div>\n<\/div>\n<\/div>\n<\/div>\n<div id=\"pgc-w577e0ca66d7f6-1-1\" class=\"panel-grid-cell\">\n<div class=\"col-lg-9 cci-content-tbt-page-wrapper-content panel-cell-style panel-cell-style-for-w577e0ca66d7f6-1-1\">\n<div id=\"panel-w577e0ca66d7f6-1-1-0\" class=\"so-panel widget widget_text panel-first-child panel-last-child\">\n<div class=\"textwidget\">\n<p>Come ogni cammino, anche questo \u00e8 fatto di tappe su cui soffermarsi per poi ripartire e arrivare alla meta finale. La meta che vogliamo offrire a tutti i giovani italiani \u00e8 l\u2019incontro con Papa Francesco l\u201911 e il 12 agosto 2018 a Roma: i giovani sono i protagonisti di questo Sinodo e vogliono far sentire la loro presenza, sostenendo con la preghiera Francesco che li ha invitati a far sentire la loro voce, i loro desideri e anche le loro critiche.<\/p>\n<p>Per arrivare a questo grande appuntamento, sar\u00e0 importante vivere bene nelle diocesi e nelle regioni ecclesiali i singoli momenti, a partire dall\u2019ascolto dei giovani attraverso la scuola, le parrocchie, i luoghi di aggregazione e un portale \u2013 online da gennaio 2018 \u2013 che vuole essere uno strumento per accendere l\u2019ascolto.<\/p>\n<p>Quando ci si predispone all\u2019ascolto vero e sincero, senza pregiudizi, senza sovrastrutture, \u00a0qualcosa in noi muta, \u00e8 come se ci si rimettesse in cammino, arricchiti da nuovi orizzonti. E sar\u00e0 cos\u00ec anche per la Chiesa italiana: si metter\u00e0 in cammino da nord a sud fino ad arrivare a Roma, migliaia di pellegrini in cammino per incontrare il Papa e consegnare a lui i pensieri, le preoccupazioni, le riflessioni condivise in vista del Sinodo dei Vescovi che avr\u00e0 luogo a ottobre 2018.<\/p>\n<p>La partenza \u00e8 alle porte. Per preparare le tappe, ecco una locandina che le riassume tutte.<\/p>\n<p>A gennaio, verr\u00e0 distribuita in ogni regione, diocesi e parrocchia come invito al cammino che riguarda tutti, ma soprattutto chi- come noi &#8211; ha a cuore i giovani, quelli dentro e fuori la Chiesa.<\/p>\n<hr \/>\n<p><strong><a href=\"https:\/\/giovani.chiesacattolica.it\/wp-content\/uploads\/sites\/33\/2017\/12\/04\/locandina-e-planning-verso-il-sinodo-2018-versione-light-WEB.pdf\">SCARICA LA LOCANDINA<\/a><\/strong><\/p>\n<\/div>\n<\/div>\n<hr \/>\n<p class=\"wpba_attachment_list_title\"><strong>ALLEGATI<\/strong><\/p>\n<div id=\"wpba_attachment_list\" class=\"wpba wpba-wrap\">\n<ul class=\"seed_content_tbt_single_attachments_list\">\n<li id=\"wpba_attachment_list_5845\" class=\"wpba-list-item\"><a class=\"wpba-link pull-left\" title=\"locandina incontro papa AGO 2018 - A4 - HD\" href=\"https:\/\/giovani.chiesacattolica.it\/wp-content\/uploads\/sites\/33\/2017\/12\/04\/locandina-incontro-papa-AGO-2018-A4-HD.pdf\" target=\"_blank\" rel=\"noopener\">LOCANDINA INCONTRO PAPA AGO 2018 &#8211; A4 &#8211; HD<\/a><\/li>\n<li id=\"wpba_attachment_list_5846\" class=\"wpba-list-item\"><a class=\"wpba-link pull-left\" title=\"locandina e planning verso il sinodo 2018 - versione light - WEB\" href=\"https:\/\/giovani.chiesacattolica.it\/wp-content\/uploads\/sites\/33\/2017\/12\/04\/locandina-e-planning-verso-il-sinodo-2018-versione-light-WEB.pdf\" target=\"_blank\" rel=\"noopener\">LOCANDINA E PLANNING VERSO IL SINODO 2018 &#8211; VERSIONE LIGHT &#8211; WEB<\/a><\/li>\n<li id=\"wpba_attachment_list_5852\" class=\"wpba-list-item\"><a class=\"wpba-link pull-left\" title=\"\" href=\"https:\/\/giovani.chiesacattolica.it\/wp-content\/uploads\/sites\/33\/2017\/12\/04\/locandina-e-planning-verso-il-sinodo-2018-versione-light-WEB-2-1.jpg\" target=\"_blank\" rel=\"noopener\" data-rel=\"lightbox-image-0\" data-rl_title=\"\" data-rl_caption=\"\">LOCANDINA-E-PLANNING-VERSO-IL-SINODO-2018&#8212;VERSIONE-LIGHT&#8212;WEB-2<\/a><\/li>\n<\/ul>\n<\/div>\n<\/div>\n<\/div>\n<\/div>\n<\/div>\n","protected":false},"excerpt":{"rendered":"<p>Il Servizio Nazionale di Pastorale giovanile mette a disposizione la locandina che riassume le tappe del cammino della Chiesa italiana verso il Sinodo dei giovani. SNPG 4 dicembre 2017 Come ogni cammino, anche questo \u00e8 fatto di tappe su cui soffermarsi per poi ripartire e arrivare alla meta finale. La meta che vogliamo offrire a [&hellip;]<\/p>\n","protected":false},"author":0,"featured_media":2102,"comment_status":"closed","ping_status":"closed","sticky":false,"template":"","format":"standard","meta":{"_acf_changed":false,"ip_address":"","user_agent":"","level":"","revision":"","cookie_id":"","page_referer":"","html_form":"","footnotes":""},"categories":[1,313],"tags":[],"class_list":["post-2101","post","type-post","status-publish","format-standard","has-post-thumbnail","hentry","category-news","category-sinodo-dei-giovani-2018"],"acf":[],"_links":{"self":[{"href":"https:\/\/www.patriarcatovenezia.it\/pastorale-giovanile\/wp-json\/wp\/v2\/posts\/2101"}],"collection":[{"href":"https:\/\/www.patriarcatovenezia.it\/pastorale-giovanile\/wp-json\/wp\/v2\/posts"}],"about":[{"href":"https:\/\/www.patriarcatovenezia.it\/pastorale-giovanile\/wp-json\/wp\/v2\/types\/post"}],"author":[{"embeddable":true,"href":"https:\/\/www.patriarcatovenezia.it\/pastorale-giovanile\/wp-json\/wp\/v2\/users\/10"}],"replies":[{"embeddable":true,"href":"https:\/\/www.patriarcatovenezia.it\/pastorale-giovanile\/wp-json\/wp\/v2\/comments?post=2101"}],"version-history":[{"count":2,"href":"https:\/\/www.patriarcatovenezia.it\/pastorale-giovanile\/wp-json\/wp\/v2\/posts\/2101\/revisions"}],"predecessor-version":[{"id":2104,"href":"https:\/\/www.patriarcatovenezia.it\/pastorale-giovanile\/wp-json\/wp\/v2\/posts\/2101\/revisions\/2104"}],"wp:featuredmedia":[{"embeddable":true,"href":"https:\/\/www.patriarcatovenezia.it\/pastorale-giovanile\/wp-json\/wp\/v2\/media\/2102"}],"wp:attachment":[{"href":"https:\/\/www.patriarcatovenezia.it\/pastorale-giovanile\/wp-json\/wp\/v2\/media?parent=2101"}],"wp:term":[{"taxonomy":"category","embeddable":true,"href":"https:\/\/www.patriarcatovenezia.it\/pastorale-giovanile\/wp-json\/wp\/v2\/categories?post=2101"},{"taxonomy":"post_tag","embeddable":true,"href":"https:\/\/www.patriarcatovenezia.it\/pastorale-giovanile\/wp-json\/wp\/v2\/tags?post=2101"}],"curies":[{"name":"wp","href":"https:\/\/api.w.org\/{rel}","templated":true}]}}