{"id":1838,"date":"2017-09-28T12:35:27","date_gmt":"2017-09-28T10:35:27","guid":{"rendered":"https:\/\/venezia.webdiocesi.it\/pastorale-giovanile\/?p=1838"},"modified":"2018-01-03T08:55:16","modified_gmt":"2018-01-03T07:55:16","slug":"tu-seguimi-cammino-formativo-2017-2018","status":"publish","type":"post","link":"https:\/\/www.patriarcatovenezia.it\/pastorale-giovanile\/2017\/09\/28\/tu-seguimi-cammino-formativo-2017-2018\/","title":{"rendered":"TU, SEGUIMI! Cammino formativo 2017-2018"},"content":{"rendered":"<h4 style=\"text-align: center\"><span style=\"color: #ff6600\"><a href=\"https:\/\/venezia.webdiocesi.it\/pastorale-giovanile\/wp-content\/uploads\/sites\/6\/2017\/09\/BOTTON.jpg\" data-rel=\"lightbox-image-0\" data-rl_title=\"\" data-rl_caption=\"\" title=\"\"><img loading=\"lazy\" decoding=\"async\" class=\"size-medium wp-image-1853\" src=\"https:\/\/venezia.webdiocesi.it\/pastorale-giovanile\/wp-content\/uploads\/sites\/6\/2017\/09\/BOTTON-300x225.jpg\" alt=\"\" width=\"300\" height=\"225\" srcset=\"https:\/\/www.patriarcatovenezia.it\/pastorale-giovanile\/wp-content\/uploads\/sites\/6\/2017\/09\/BOTTON-300x225.jpg 300w, https:\/\/www.patriarcatovenezia.it\/pastorale-giovanile\/wp-content\/uploads\/sites\/6\/2017\/09\/BOTTON-768x576.jpg 768w, https:\/\/www.patriarcatovenezia.it\/pastorale-giovanile\/wp-content\/uploads\/sites\/6\/2017\/09\/BOTTON-360x270.jpg 360w, https:\/\/www.patriarcatovenezia.it\/pastorale-giovanile\/wp-content\/uploads\/sites\/6\/2017\/09\/BOTTON.jpg 960w\" sizes=\"(max-width: 300px) 100vw, 300px\" \/><\/a><\/span><\/h4>\n<h4 style=\"text-align: center\"><strong><span style=\"color: #99cc00\">PROPOSTA DI ITINERARIO FORMATIVO<\/span><\/strong><br \/>\n<strong><span style=\"color: #99cc00\"> PER GLI EDUCATORI E I GIOVANI<\/span><\/strong><\/h4>\n<h4 style=\"text-align: center\"><strong><span style=\"color: #99cc00\">Anno pastorale 2017-2018<\/span><\/strong><\/h4>\n<hr \/>\n<p><a href=\"https:\/\/venezia.webdiocesi.it\/pastorale-giovanile\/wp-content\/uploads\/sites\/6\/2017\/06\/logoPG_solo.png\" data-rel=\"lightbox-image-1\" data-rl_title=\"\" data-rl_caption=\"\" title=\"\"><img loading=\"lazy\" decoding=\"async\" class=\"wp-image-1639 alignleft\" src=\"https:\/\/venezia.webdiocesi.it\/pastorale-giovanile\/wp-content\/uploads\/sites\/6\/2017\/06\/logoPG_solo.png\" alt=\"\" width=\"63\" height=\"67\" \/><\/a><strong><a href=\"https:\/\/venezia.webdiocesi.it\/pastorale-giovanile\/wp-content\/uploads\/sites\/6\/2017\/09\/itinerario-2017-2018.pdf\">itinerario 2017-2018<\/a><\/strong><\/p>\n<p><strong><a href=\"https:\/\/venezia.webdiocesi.it\/pastorale-giovanile\/wp-content\/uploads\/sites\/6\/2017\/09\/calendario-pastorale-2017-2018.pdf\">calendario pastorale 2017-2018<\/a><\/strong><\/p>\n<hr \/>\n<h5><span style=\"color: #333300\"><strong><a href=\"https:\/\/venezia.webdiocesi.it\/pastorale-giovanile\/wp-content\/uploads\/sites\/6\/2017\/09\/Caspar_David_Friedrich_-_Der_Wanderer_\u00fcber_dem_Nebelmeer.jpg\" data-rel=\"lightbox-image-2\" data-rl_title=\"\" data-rl_caption=\"\" title=\"\"><img loading=\"lazy\" decoding=\"async\" class=\"size-medium wp-image-1850 alignleft\" src=\"https:\/\/venezia.webdiocesi.it\/pastorale-giovanile\/wp-content\/uploads\/sites\/6\/2017\/09\/Caspar_David_Friedrich_-_Der_Wanderer_\u00fcber_dem_Nebelmeer-236x300.jpg\" alt=\"\" width=\"236\" height=\"300\" srcset=\"https:\/\/www.patriarcatovenezia.it\/pastorale-giovanile\/wp-content\/uploads\/sites\/6\/2017\/09\/Caspar_David_Friedrich_-_Der_Wanderer_\u00fcber_dem_Nebelmeer-236x300.jpg 236w, https:\/\/www.patriarcatovenezia.it\/pastorale-giovanile\/wp-content\/uploads\/sites\/6\/2017\/09\/Caspar_David_Friedrich_-_Der_Wanderer_\u00fcber_dem_Nebelmeer-768x977.jpg 768w, https:\/\/www.patriarcatovenezia.it\/pastorale-giovanile\/wp-content\/uploads\/sites\/6\/2017\/09\/Caspar_David_Friedrich_-_Der_Wanderer_\u00fcber_dem_Nebelmeer-805x1024.jpg 805w, https:\/\/www.patriarcatovenezia.it\/pastorale-giovanile\/wp-content\/uploads\/sites\/6\/2017\/09\/Caspar_David_Friedrich_-_Der_Wanderer_\u00fcber_dem_Nebelmeer-220x280.jpg 220w, https:\/\/www.patriarcatovenezia.it\/pastorale-giovanile\/wp-content\/uploads\/sites\/6\/2017\/09\/Caspar_David_Friedrich_-_Der_Wanderer_\u00fcber_dem_Nebelmeer-604x768.jpg 604w, https:\/\/www.patriarcatovenezia.it\/pastorale-giovanile\/wp-content\/uploads\/sites\/6\/2017\/09\/Caspar_David_Friedrich_-_Der_Wanderer_\u00fcber_dem_Nebelmeer.jpg 1100w\" sizes=\"(max-width: 236px) 100vw, 236px\" \/><\/a>I tappa<\/strong><\/span><br \/>\n<span style=\"color: #333300\"><strong> Ottobre-dicembre\u00a0|\u00a0RICERCA\/VOCAZIONE<\/strong><\/span><br \/>\n<span style=\"color: #333300\"><strong><em> Chi cercate? \u2026 Maestro, dove dimori?\u201d<\/em> (Gv 1,38)<\/strong><\/span><\/h5>\n<p><span style=\"color: #333300\">In questa prima tappa del percorso viene messa in luce la natura vocazionale della vita umana e cristiana. Osservando in profondit\u00e0 l\u2019esperienza dell\u2019uomo \u00e8 possibile riconoscere come un filo rosso che la caratterizza: un appello alla vita, una chiamata alla relazione con Dio, un invito a vivere un legame di amicizia e di figliolanza con il Signore della vita. La vita dell\u2019uomo \u00e8 sempre una vita significativa perch\u00e9 pensata, voluta e accompagnata da Dio.<\/span><br \/>\n<span style=\"color: #333300\"> In particolare il mistero della vita di Maria (Festa della Madonna della Salute) e della nativit\u00e0 di Ges\u00f9 Cristo (il santo Natale) ci aiutano a comprendere in pienezza la grandezza di questa chiamata alla vita e alla santit\u00e0 da parte di Dio.<\/span><\/p>\n<p><strong><a href=\"https:\/\/venezia.webdiocesi.it\/pastorale-giovanile\/wp-content\/uploads\/sites\/6\/2017\/09\/ottobre_dicembre_RICERCA_VOCAZIONE.pdf\">Presentazione I tappa e struttura<\/a><\/strong><\/p>\n<p><strong><span style=\"color: #333300\">MATERIALI:<\/span><\/strong><\/p>\n<ul>\n<li><a href=\"https:\/\/venezia.webdiocesi.it\/pastorale-giovanile\/wp-content\/uploads\/sites\/6\/2017\/09\/basadonna_spiritualit\u00e0-della-strada.pdf\">basadonna_spiritualit\u00e0 della strada<\/a><\/li>\n<li><a href=\"https:\/\/venezia.webdiocesi.it\/pastorale-giovanile\/wp-content\/uploads\/sites\/6\/2017\/09\/cercare-ges\u00f9_forma-del-Vangelo_Vignolo.pdf\">cercare ges\u00f9_forma del Vangelo_Vignolo<\/a><\/li>\n<li><a href=\"https:\/\/venezia.webdiocesi.it\/pastorale-giovanile\/wp-content\/uploads\/sites\/6\/2017\/09\/il-discepolo-amato_vignolo.pdf\">il discepolo amato_vignolo<\/a><\/li>\n<li><a href=\"https:\/\/venezia.webdiocesi.it\/pastorale-giovanile\/wp-content\/uploads\/sites\/6\/2017\/09\/Lettera_ai_cercatori_Dio.pdf\">Lettera_ai_cercatori_Dio<\/a><\/li>\n<li><a href=\"https:\/\/venezia.webdiocesi.it\/pastorale-giovanile\/wp-content\/uploads\/sites\/6\/2017\/09\/MARIA-donna-dei-nostri-giorni.pdf\">MARIA-donna-dei-nostri-giorni<\/a><\/li>\n<li><a href=\"https:\/\/drive.google.com\/open?id=0B07uxxexk9_LS3BGd3RLS0ZFVTA\">Giussani_si pu\u00f2 vivere cos\u00ec<\/a><\/li>\n<li><a href=\"https:\/\/drive.google.com\/open?id=0B07uxxexk9_LUThITjBIbTJxUXM\">il discepolo amato<\/a><\/li>\n<li><a href=\"https:\/\/drive.google.com\/open?id=0B07uxxexk9_LTGdkWng1a3ZnNE0\">martini_la vocazione di abramo<\/a><\/li>\n<li><a href=\"https:\/\/venezia.webdiocesi.it\/pastorale-giovanile\/wp-content\/uploads\/sites\/6\/2017\/09\/Testo_commento_Sinodo.pdf\">Testo_commento_Sinodo<\/a><\/li>\n<\/ul>\n<hr \/>\n<h5><span style=\"color: #008080\"><strong><a href=\"https:\/\/venezia.webdiocesi.it\/pastorale-giovanile\/wp-content\/uploads\/sites\/6\/2017\/09\/VT-IT-ART-35608-Chiesa_dei_poveri_01.jpg\" data-rel=\"lightbox-image-3\" data-rl_title=\"\" data-rl_caption=\"\" title=\"\"><img loading=\"lazy\" decoding=\"async\" class=\" wp-image-2177 alignleft\" src=\"https:\/\/venezia.webdiocesi.it\/pastorale-giovanile\/wp-content\/uploads\/sites\/6\/2017\/09\/VT-IT-ART-35608-Chiesa_dei_poveri_01-300x195.jpg\" alt=\"\" width=\"213\" height=\"138\" \/><\/a>II\u00a0tappa<\/strong><\/span><br \/>\n<span style=\"color: #008080\"><strong> Gennaio-Pasqua | CURA\/GRATUIT\u00c0<\/strong><\/span><br \/>\n<span style=\"color: #008080\"> <em><strong>\u201cCome io ho amato voi, cos\u00ec amatevi anche voi gli uni gli altri\u201d<\/strong><\/em><strong> (Gv 13,34)<\/strong><\/span><\/h5>\n<p><span style=\"color: #008080\">Dallo sguardo alla vita come vocazione (prima tappa) siamo condotti a vivere in atteggiamento di custodia e di cura del dono della vita. Uno sguardo alla dignit\u00e0 di ogni vita umana, in modo particolare a quella ferita dalle diverse forse di violenza e povert\u00e0, e un appello a farsi carico di questa preziosit\u00e0 nel servizio gratuito.<\/span><br \/>\n<span style=\"color: #008080\"> Il mistero della passione e morte del Signore e l\u2019invito del Signore a seguirlo nella scelta libera dell\u2019amore gratuito sono riferimenti che non ci possono lasciare tranquilli, quasi dei \u201cgiovani-divano\u201d come ci ricordava Papa Francesco a Cracovia nel 2016.<\/span><\/p>\n<p><strong><a href=\"https:\/\/venezia.webdiocesi.it\/pastorale-giovanile\/wp-content\/uploads\/sites\/6\/2017\/09\/gennaio_quaresima_CURA_GRATUITA.pdf\">Presentazione II tappa e struttura<\/a><\/strong><\/p>\n<p><strong>MATERIALI:<\/strong><\/p>\n<ul>\n<li><a href=\"https:\/\/venezia.webdiocesi.it\/pastorale-giovanile\/wp-content\/uploads\/sites\/6\/2017\/09\/benedetto-xvi_la-teologia-della-croce.pdf\">benedetto xvi_la teologia della croce<\/a><\/li>\n<li><a href=\"https:\/\/venezia.webdiocesi.it\/pastorale-giovanile\/wp-content\/uploads\/sites\/6\/2017\/09\/biffi_ges\u00f9-di-nazaret.pdf\">biffi_ges\u00f9 di nazaret<\/a><\/li>\n<li><a href=\"https:\/\/venezia.webdiocesi.it\/pastorale-giovanile\/wp-content\/uploads\/sites\/6\/2017\/09\/brunet_scuola-grande-di-san-rocco.pdf\">brunet_scuola grande di san rocco<\/a><\/li>\n<li><a href=\"https:\/\/venezia.webdiocesi.it\/pastorale-giovanile\/wp-content\/uploads\/sites\/6\/2017\/09\/CD_a-giornata-nella-sua-vigna.pdf\">CD_a giornata nella sua vigna<\/a><\/li>\n<li><a href=\"https:\/\/venezia.webdiocesi.it\/pastorale-giovanile\/wp-content\/uploads\/sites\/6\/2017\/09\/CEI_Cercatori_Dio.pdf\">CEI_Cercatori_Dio<\/a><\/li>\n<li><a href=\"https:\/\/venezia.webdiocesi.it\/pastorale-giovanile\/wp-content\/uploads\/sites\/6\/2017\/09\/crocifisso-san-damiano_spiegazione-breve.pdf\">crocifisso san damiano_spiegazione-breve<\/a><\/li>\n<li><a href=\"https:\/\/venezia.webdiocesi.it\/pastorale-giovanile\/wp-content\/uploads\/sites\/6\/2017\/09\/Crocifisso_s.Damiano_ITA-preghiera.pdf\">Crocifisso_s.Damiano_ITA-preghiera<\/a><\/li>\n<li><a href=\"https:\/\/venezia.webdiocesi.it\/pastorale-giovanile\/wp-content\/uploads\/sites\/6\/2017\/09\/fino-alla-morte-e-alla-morte-di-croce_omelia-cantalamessa.pdf\">fino alla morte e alla morte di croce_omelia cantalamessa<\/a><\/li>\n<li><a href=\"https:\/\/venezia.webdiocesi.it\/pastorale-giovanile\/wp-content\/uploads\/sites\/6\/2017\/09\/guardini_il-Signore.pdf\">guardini_il Signore<\/a> <a href=\"https:\/\/venezia.webdiocesi.it\/pastorale-giovanile\/wp-content\/uploads\/sites\/6\/2017\/09\/matteo_la-generazione-incredula.pdf\">matteo_la generazione incredula<\/a><\/li>\n<li><a href=\"https:\/\/venezia.webdiocesi.it\/pastorale-giovanile\/wp-content\/uploads\/sites\/6\/2017\/09\/PAPA-FRANCESCO_ma-voi-chi-dite-che-io-sia.pdf\">PAPA FRANCESCO_ma voi chi dite che io sia<\/a><\/li>\n<li><a href=\"https:\/\/venezia.webdiocesi.it\/pastorale-giovanile\/wp-content\/uploads\/sites\/6\/2017\/09\/ratzinger_il-cammino-pasquale.pdf\">ratzinger_il cammino pasquale<\/a><\/li>\n<li><a href=\"https:\/\/venezia.webdiocesi.it\/pastorale-giovanile\/wp-content\/uploads\/sites\/6\/2017\/09\/scaraffia_lutopia-pi\u00f9-anti_trascendente.pdf\">scaraffia_l&#8217;utopia pi\u00f9 anti_trascendente<\/a><\/li>\n<li><a href=\"https:\/\/venezia.webdiocesi.it\/pastorale-giovanile\/wp-content\/uploads\/sites\/6\/2017\/09\/scola_la-domanda-ultima.pdf\">scola_la domanda ultima<\/a><\/li>\n<li><a href=\"https:\/\/venezia.webdiocesi.it\/pastorale-giovanile\/wp-content\/uploads\/sites\/6\/2017\/09\/van-thuan_cinque-pani-e-due-pesci.pdf\">van thuan_cinque pani e due pesci<\/a><\/li>\n<li><a href=\"https:\/\/venezia.webdiocesi.it\/pastorale-giovanile\/wp-content\/uploads\/sites\/6\/2017\/09\/Proposte_film_Sinodo.pdf\">Proposte_film_Sinodo<\/a><\/li>\n<\/ul>\n<hr \/>\n<h5><span style=\"color: #003366\"><strong>III\u00a0tappa<\/strong><\/span><br \/>\n<span style=\"color: #003366\"><strong> Tempo pasquale | DIREZIONE<\/strong><\/span><br \/>\n<span style=\"color: #003366\"> <em><strong>\u201cAllora quel discepolo che Ges\u00f9 amava disse a Pietro: E\u2019 il Signore!\u201d<\/strong><\/em><strong> (Gv 21,7)<\/strong><\/span><\/h5>\n<p><span style=\"color: #003366\">Il tempo pasquale \u00e8 quello pi\u00f9 ricco nella vita della Chiesa perch\u00e9 in esso facciamo continuamente esperienza del rimanere del Signore vivo tra i suoi e del suo nutrirci con il Pane della sua presenza. La presenza del Signore va per\u00f2 riconosciuta e accolta nella fede. Egli ci indica una direzione: non rimanere bloccati dalle paure e dai limiti, dal peccato, ma fidarci di Lui e camminare con Lui nelle strade del mondo.<\/span><br \/>\n<span style=\"color: #003366\"> Questo \u00e8 il tempo nel quale molti vengono chiamati ad un servizio in vista dei GREST e delle attivit\u00e0 estive: essere testimoni del Risorto e non solo \u201cmanovali\u201d parrocchiali.<\/span><\/p>\n<hr \/>\n<h5><span style=\"color: #666699\"><strong>IV\u00a0tappa<\/strong><\/span><br \/>\n<span style=\"color: #666699\"><strong> Estate | CAMMINO<\/strong><\/span><br \/>\n<span style=\"color: #666699\"><em><strong> \u201cTu seguimi!\u201d<\/strong><\/em><strong> (Gv 21, 22)<\/strong><\/span><\/h5>\n<p><span style=\"color: #666699\">Il tempo estivo \u00e8 ricco di proposte. La Chiesa italiana propone di vivere un\u2019esperienza di pellegrinaggio e di cammino ripercorrendo luoghi significativi della santit\u00e0 e vie storiche di pellegrinaggio verso luoghi di spiritualit\u00e0. Saremo anche convocati a Roma per una veglia di preghiera con il Papa Francesco in vista dell\u2019ormai imminente Sinodo dei Giovani.<\/span><\/p>\n<hr \/>\n<p style=\"text-align: center\">\n","protected":false},"excerpt":{"rendered":"<p>PROPOSTA DI ITINERARIO FORMATIVO PER GLI EDUCATORI E I GIOVANI Anno pastorale 2017-2018 itinerario 2017-2018 calendario pastorale 2017-2018 I tappa Ottobre-dicembre\u00a0|\u00a0RICERCA\/VOCAZIONE Chi cercate? \u2026 Maestro, dove dimori?\u201d (Gv 1,38) In questa prima tappa del percorso viene messa in luce la natura vocazionale della vita umana e cristiana. Osservando in profondit\u00e0 l\u2019esperienza dell\u2019uomo \u00e8 possibile riconoscere [&hellip;]<\/p>\n","protected":false},"author":0,"featured_media":0,"comment_status":"closed","ping_status":"closed","sticky":false,"template":"","format":"standard","meta":{"_acf_changed":false,"ip_address":"","user_agent":"","level":"","revision":"","cookie_id":"","page_referer":"","html_form":"","footnotes":""},"categories":[307,1,311],"tags":[],"class_list":["post-1838","post","type-post","status-publish","format-standard","hentry","category-giovani","category-news","category-pgve"],"acf":[],"_links":{"self":[{"href":"https:\/\/www.patriarcatovenezia.it\/pastorale-giovanile\/wp-json\/wp\/v2\/posts\/1838"}],"collection":[{"href":"https:\/\/www.patriarcatovenezia.it\/pastorale-giovanile\/wp-json\/wp\/v2\/posts"}],"about":[{"href":"https:\/\/www.patriarcatovenezia.it\/pastorale-giovanile\/wp-json\/wp\/v2\/types\/post"}],"author":[{"embeddable":true,"href":"https:\/\/www.patriarcatovenezia.it\/pastorale-giovanile\/wp-json\/wp\/v2\/users\/10"}],"replies":[{"embeddable":true,"href":"https:\/\/www.patriarcatovenezia.it\/pastorale-giovanile\/wp-json\/wp\/v2\/comments?post=1838"}],"version-history":[{"count":9,"href":"https:\/\/www.patriarcatovenezia.it\/pastorale-giovanile\/wp-json\/wp\/v2\/posts\/1838\/revisions"}],"predecessor-version":[{"id":2196,"href":"https:\/\/www.patriarcatovenezia.it\/pastorale-giovanile\/wp-json\/wp\/v2\/posts\/1838\/revisions\/2196"}],"wp:attachment":[{"href":"https:\/\/www.patriarcatovenezia.it\/pastorale-giovanile\/wp-json\/wp\/v2\/media?parent=1838"}],"wp:term":[{"taxonomy":"category","embeddable":true,"href":"https:\/\/www.patriarcatovenezia.it\/pastorale-giovanile\/wp-json\/wp\/v2\/categories?post=1838"},{"taxonomy":"post_tag","embeddable":true,"href":"https:\/\/www.patriarcatovenezia.it\/pastorale-giovanile\/wp-json\/wp\/v2\/tags?post=1838"}],"curies":[{"name":"wp","href":"https:\/\/api.w.org\/{rel}","templated":true}]}}