{"id":1824,"date":"2017-09-27T08:14:35","date_gmt":"2017-09-27T06:14:35","guid":{"rendered":"https:\/\/venezia.webdiocesi.it\/pastorale-giovanile\/?p=1824"},"modified":"2017-09-27T08:14:35","modified_gmt":"2017-09-27T06:14:35","slug":"2110-nord-est-insieme-per-rileggere-pratiche-pg","status":"publish","type":"post","link":"https:\/\/www.patriarcatovenezia.it\/pastorale-giovanile\/2017\/09\/27\/2110-nord-est-insieme-per-rileggere-pratiche-pg\/","title":{"rendered":"21\/10 Nord-Est insieme per rileggere pratiche PG"},"content":{"rendered":"<div id=\"pg-w577e0ca66d7f6-0\" class=\"panel-grid panel-no-style\">\n<div id=\"pgc-w577e0ca66d7f6-0-0\" class=\"panel-grid-cell\">\n<div id=\"panel-w577e0ca66d7f6-0-0-0\" class=\"so-panel widget widget_text panel-first-child panel-last-child\">\n<div class=\"textwidget\">\n<p><strong>Un pomeriggio di studio per rileggere le pratiche di pastorale giovanile dedicato a tutti coloro che si occupano di giovani nel Nord-Est.<\/strong><\/p>\n<\/div>\n<\/div>\n<\/div>\n<\/div>\n<div id=\"pg-w577e0ca66d7f6-1\" class=\"panel-grid panel-has-style\">\n<div class=\"row seed_content_tbt_single_article_wrapper panel-row-style panel-row-style-for-w577e0ca66d7f6-1\">\n<div id=\"pgc-w577e0ca66d7f6-1-0\" class=\"panel-grid-cell\">\n<div class=\"col-lg-3 panel-cell-style panel-cell-style-for-w577e0ca66d7f6-1-0\">\n<div id=\"panel-w577e0ca66d7f6-1-0-0\" class=\"so-panel widget widget_text panel-first-child panel-last-child\">\n<div class=\"textwidget\">\n<div class=\"seed_content_tbt_single_article_data\">Con il desiderio di rileggere le pratiche di pastorale giovanile che hanno caratterizzato le Chiese del Triveneto, in vista del Sinodo Giovani, il Triveneto\u00a0propone sabato 21 ottobre un pomeriggio di studio e di approfondimento dedicato in modo particolare a tutti coloro che si occupano di giovani nel Nord-Est e aperto a tutti. L&#8217;iniziativa si inserisce nella settimana di \u201cAscoltare Leggere Crescere\u201d organizzata ogni anno nella diocesi di Concordia-Pordenone dalla Libreria Editrice Vaticana.<\/div>\n<\/div>\n<\/div>\n<\/div>\n<\/div>\n<div id=\"pgc-w577e0ca66d7f6-1-1\" class=\"panel-grid-cell\">\n<div class=\"col-lg-9 cci-content-tbt-page-wrapper-content panel-cell-style panel-cell-style-for-w577e0ca66d7f6-1-1\">\n<div id=\"panel-w577e0ca66d7f6-1-1-0\" class=\"so-panel widget widget_text panel-first-child panel-last-child\">\n<div class=\"textwidget\">\n<p>Il pomeriggio sar\u00e0 articolato in due tempi: la prima parte dal titolo \u201cCamminare nella storia. Il percorso della Pastorale Giovanile nel Nord-Est\u201d \u00e8 pi\u00f9 focalizzata sulla peculiarit\u00e0 del Triveneto e sul cammino fatto finora, mentre la seconda parte allarga gli orizzonti al mondo e al futuro.<\/p>\n<p>&#8220;Per il primo tempo, che si svolger\u00e0 nella tensostruttura di p.tta Calderari alle 15.00, sono stati invitati coloro che hanno coordinato il lavoro triveneto tra i responsabili della Pastorale Giovanile\u00a0<strong>da quando \u00e8 nato questo servizio 25 anni fa<\/strong>\u00a0ed \u00e8 stato chiesto loro di rileggere i temi del sinodo: giovani, fede, discernimento vocazionale&#8221; &#8211; spiega don Nicola Ban, regionale PG Triveneto.<\/p>\n<p>La seconda parte del pomeriggio, che si svolger\u00e0 dalle 17.15 presso il teatro Verdi di Pordenone, vorrebbe allargare la prospettiva alle dimensioni della Chiesa universale e proiettare verso la Giornata Mondiale della Giovent\u00f9 di Panama del gennaio 2019. In un contesto dove musica e parole si intrecceranno, interverranno il Card. Lorenzo Baldisseri, segretario del Sinodo dei Vescovi, che racconter\u00e0 come funziona l\u2019ufficio del Sinodo e dar\u00e0 le prime impressioni emerse dai questionari preparatori giunti da tutto il mondo e Miroslava Rosas Vargas, Ambasciatore di Panama presso la Santa Sede, che racconter\u00e0 come il suo Paese si sta preparando alla GMG.<\/p>\n<p>Questo pomeriggio di studio insieme come chiese del Nord-Est \u00e8 l\u2019occasione ulteriore per crescere nella competenza pastorale e per condividere una missione.<\/p>\n<\/div>\n<\/div>\n<\/div>\n<\/div>\n<\/div>\n<\/div>\n","protected":false},"excerpt":{"rendered":"<p>Un pomeriggio di studio per rileggere le pratiche di pastorale giovanile dedicato a tutti coloro che si occupano di giovani nel Nord-Est. Con il desiderio di rileggere le pratiche di pastorale giovanile che hanno caratterizzato le Chiese del Triveneto, in vista del Sinodo Giovani, il Triveneto\u00a0propone sabato 21 ottobre un pomeriggio di studio e di [&hellip;]<\/p>\n","protected":false},"author":0,"featured_media":1825,"comment_status":"closed","ping_status":"closed","sticky":false,"template":"","format":"standard","meta":{"_acf_changed":false,"ip_address":"","user_agent":"","level":"","revision":"","cookie_id":"","page_referer":"","html_form":"","footnotes":""},"categories":[1,311],"tags":[],"class_list":["post-1824","post","type-post","status-publish","format-standard","has-post-thumbnail","hentry","category-news","category-pgve"],"acf":[],"_links":{"self":[{"href":"https:\/\/www.patriarcatovenezia.it\/pastorale-giovanile\/wp-json\/wp\/v2\/posts\/1824"}],"collection":[{"href":"https:\/\/www.patriarcatovenezia.it\/pastorale-giovanile\/wp-json\/wp\/v2\/posts"}],"about":[{"href":"https:\/\/www.patriarcatovenezia.it\/pastorale-giovanile\/wp-json\/wp\/v2\/types\/post"}],"author":[{"embeddable":true,"href":"https:\/\/www.patriarcatovenezia.it\/pastorale-giovanile\/wp-json\/wp\/v2\/users\/10"}],"replies":[{"embeddable":true,"href":"https:\/\/www.patriarcatovenezia.it\/pastorale-giovanile\/wp-json\/wp\/v2\/comments?post=1824"}],"version-history":[{"count":1,"href":"https:\/\/www.patriarcatovenezia.it\/pastorale-giovanile\/wp-json\/wp\/v2\/posts\/1824\/revisions"}],"predecessor-version":[{"id":1826,"href":"https:\/\/www.patriarcatovenezia.it\/pastorale-giovanile\/wp-json\/wp\/v2\/posts\/1824\/revisions\/1826"}],"wp:featuredmedia":[{"embeddable":true,"href":"https:\/\/www.patriarcatovenezia.it\/pastorale-giovanile\/wp-json\/wp\/v2\/media\/1825"}],"wp:attachment":[{"href":"https:\/\/www.patriarcatovenezia.it\/pastorale-giovanile\/wp-json\/wp\/v2\/media?parent=1824"}],"wp:term":[{"taxonomy":"category","embeddable":true,"href":"https:\/\/www.patriarcatovenezia.it\/pastorale-giovanile\/wp-json\/wp\/v2\/categories?post=1824"},{"taxonomy":"post_tag","embeddable":true,"href":"https:\/\/www.patriarcatovenezia.it\/pastorale-giovanile\/wp-json\/wp\/v2\/tags?post=1824"}],"curies":[{"name":"wp","href":"https:\/\/api.w.org\/{rel}","templated":true}]}}