{"id":1797,"date":"2017-09-12T13:32:46","date_gmt":"2017-09-12T11:32:46","guid":{"rendered":"https:\/\/venezia.webdiocesi.it\/pastorale-giovanile\/?p=1797"},"modified":"2017-09-12T13:32:46","modified_gmt":"2017-09-12T11:32:46","slug":"papa-a-venezia","status":"publish","type":"post","link":"https:\/\/www.patriarcatovenezia.it\/pastorale-giovanile\/2017\/09\/12\/papa-a-venezia\/","title":{"rendered":"Papa a Venezia!!!"},"content":{"rendered":"<p>Last minute <a href=\"http:\/\/www.genteveneta.it\/gvfocus\/papa-francesco-verra-venezia-la-visita-nel-2018\/\">genteveneta.it<\/a>\u00a0del 12 settembre 2017<\/p>\n<p>Durante la riunione odierna \u2013 attualmente in corso a Zelarino (Venezia) \u2013 il Presidente della Conferenza Episcopale Triveneto e Patriarca di Venezia Francesco Moraglia ha reso noto che \u00e8 stata accertata, in questi giorni, la disponibilit\u00e0 di Papa Francesco a venire a Venezia ed incontrare le Chiese del Nordest, rispondendo cos\u00ec positivamente all\u2019invito gi\u00e0 da qualche tempo rivolto al Santo Padre dal Patriarca stesso anche a nome degli altri Vescovi di questa regione ecclesiastica che riunisce il Veneto, il Trentino Alto-Adige e il Friuli Venezia-Giulia.<\/p>\n<p>Tale visita si svolger\u00e0 nel corso dell\u2019anno 2018 ed avr\u00e0 la durata prevista di una giornata, avendo per meta Venezia dove, oltre alla celebrazione eucaristica, si terr\u00e0 un evento comune che coinvolger\u00e0 tutte le Diocesi del Nordest (i giovani in particolare, a cui sar\u00e0 dedicato il prossimo Sinodo dei Vescovi). Nei prossimi giorni il Patriarca si recher\u00e0 a Roma, in Segreteria di Stato, per definirne i dettagli e le modalit\u00e0.<\/p>\n","protected":false},"excerpt":{"rendered":"<p>Last minute genteveneta.it\u00a0del 12 settembre 2017 Durante la riunione odierna \u2013 attualmente in corso a Zelarino (Venezia) \u2013 il Presidente della Conferenza Episcopale Triveneto e Patriarca di Venezia Francesco Moraglia ha reso noto che \u00e8 stata accertata, in questi giorni, la disponibilit\u00e0 di Papa Francesco a venire a Venezia ed incontrare le Chiese del Nordest, [&hellip;]<\/p>\n","protected":false},"author":0,"featured_media":1800,"comment_status":"closed","ping_status":"closed","sticky":false,"template":"","format":"standard","meta":{"_acf_changed":false,"ip_address":"","user_agent":"","level":"","revision":"","cookie_id":"","page_referer":"","html_form":"","footnotes":""},"categories":[1],"tags":[],"class_list":["post-1797","post","type-post","status-publish","format-standard","has-post-thumbnail","hentry","category-news"],"acf":[],"_links":{"self":[{"href":"https:\/\/www.patriarcatovenezia.it\/pastorale-giovanile\/wp-json\/wp\/v2\/posts\/1797"}],"collection":[{"href":"https:\/\/www.patriarcatovenezia.it\/pastorale-giovanile\/wp-json\/wp\/v2\/posts"}],"about":[{"href":"https:\/\/www.patriarcatovenezia.it\/pastorale-giovanile\/wp-json\/wp\/v2\/types\/post"}],"author":[{"embeddable":true,"href":"https:\/\/www.patriarcatovenezia.it\/pastorale-giovanile\/wp-json\/wp\/v2\/users\/10"}],"replies":[{"embeddable":true,"href":"https:\/\/www.patriarcatovenezia.it\/pastorale-giovanile\/wp-json\/wp\/v2\/comments?post=1797"}],"version-history":[{"count":3,"href":"https:\/\/www.patriarcatovenezia.it\/pastorale-giovanile\/wp-json\/wp\/v2\/posts\/1797\/revisions"}],"predecessor-version":[{"id":1801,"href":"https:\/\/www.patriarcatovenezia.it\/pastorale-giovanile\/wp-json\/wp\/v2\/posts\/1797\/revisions\/1801"}],"wp:featuredmedia":[{"embeddable":true,"href":"https:\/\/www.patriarcatovenezia.it\/pastorale-giovanile\/wp-json\/wp\/v2\/media\/1800"}],"wp:attachment":[{"href":"https:\/\/www.patriarcatovenezia.it\/pastorale-giovanile\/wp-json\/wp\/v2\/media?parent=1797"}],"wp:term":[{"taxonomy":"category","embeddable":true,"href":"https:\/\/www.patriarcatovenezia.it\/pastorale-giovanile\/wp-json\/wp\/v2\/categories?post=1797"},{"taxonomy":"post_tag","embeddable":true,"href":"https:\/\/www.patriarcatovenezia.it\/pastorale-giovanile\/wp-json\/wp\/v2\/tags?post=1797"}],"curies":[{"name":"wp","href":"https:\/\/api.w.org\/{rel}","templated":true}]}}