{"id":1794,"date":"2017-09-11T11:53:03","date_gmt":"2017-09-11T09:53:03","guid":{"rendered":"https:\/\/venezia.webdiocesi.it\/pastorale-giovanile\/?p=1794"},"modified":"2017-09-11T11:53:03","modified_gmt":"2017-09-11T09:53:03","slug":"giovani-di-cannaregio-un-campo-solidale-con-i-malati-di-aids","status":"publish","type":"post","link":"https:\/\/www.patriarcatovenezia.it\/pastorale-giovanile\/2017\/09\/11\/giovani-di-cannaregio-un-campo-solidale-con-i-malati-di-aids\/","title":{"rendered":"Giovani di Cannaregio: un campo solidale, con i malati di Aids"},"content":{"rendered":"<p>Quest\u2019estate il gruppo interparrocchiale \u201cUniversitari \u2013 giovani lavoratori Asolo\u201d delle parrocchie di S. Alvise, Ss. Geremia e Lucia, S. Marcuola del Vicariato di Cannaregio-Estuario, accompagnati dall\u2019animatore Nicola Chiarot, ha svolto un\u00a0 campo di lavoro e di conoscenza presso la Cascina Tario situata nel comune di Andezeno in provincia di Torino.<\/p>\n<p>La casa alloggio\u00a0Cascina Tario, gestita dal Gruppo Abele, associazione fondata nel 1965 da don Luigi Ciotti, ospita persone sieropositive o malate di Aids con problemi di tossicodipendenza che vivono una condizione di forte disagio.<\/p>\n<p>La comunit\u00e0 Cascina Tario si \u00e8 data l\u2019obiettivo di accompagnare le persone ad affrontare la malattia, a prendersi cura in modo adeguato della propria salute, a ricostruirsi una rete di relazioni significative per arrivare a conquistare una serena autonomia.<\/p>\n<p>Coordinati dagli operatori della comunit\u00e0, i giovani veneziani hanno svolto alcune attivit\u00e0 manuali, in particolare il riordino e la sistemazione di alcuni ambienti della struttura. Significative e coinvolgenti sono risultate le relazioni con gli ospiti con i quali hanno condiviso la preparazione e la consumazione dei pasti, l\u2019accompagnamento in alcune gite e alcuni momenti ludici. Queste relazioni hanno consentito di far emergere le storie di vita difficile degli ospiti ma anche i loro interessi, le loro capacit\u00e0, le loro personalit\u00e0.<\/p>\n<p>A conclusione dell\u2019esperienza non \u00e8 mancata la visita alla citt\u00e0 di Torino e ai luoghi pi\u00f9 caratteristici. (N.C.)<\/p>\n<p style=\"text-align: right\">[<a href=\"http:\/\/www.genteveneta.it\/gvnews\/giovani-cannaregio-un-campo-solidale-malati-aids\/\">genteveneta.it<\/a>]<\/p>\n","protected":false},"excerpt":{"rendered":"<p>Quest\u2019estate il gruppo interparrocchiale \u201cUniversitari \u2013 giovani lavoratori Asolo\u201d delle parrocchie di S. Alvise, Ss. Geremia e Lucia, S. Marcuola del Vicariato di Cannaregio-Estuario, accompagnati dall\u2019animatore Nicola Chiarot, ha svolto un\u00a0 campo di lavoro e di conoscenza presso la Cascina Tario situata nel comune di Andezeno in provincia di Torino. La casa alloggio\u00a0Cascina Tario, gestita [&hellip;]<\/p>\n","protected":false},"author":0,"featured_media":1795,"comment_status":"closed","ping_status":"closed","sticky":false,"template":"","format":"standard","meta":{"_acf_changed":false,"ip_address":"","user_agent":"","level":"","revision":"","cookie_id":"","page_referer":"","html_form":"","footnotes":""},"categories":[1],"tags":[],"class_list":["post-1794","post","type-post","status-publish","format-standard","has-post-thumbnail","hentry","category-news"],"acf":[],"_links":{"self":[{"href":"https:\/\/www.patriarcatovenezia.it\/pastorale-giovanile\/wp-json\/wp\/v2\/posts\/1794"}],"collection":[{"href":"https:\/\/www.patriarcatovenezia.it\/pastorale-giovanile\/wp-json\/wp\/v2\/posts"}],"about":[{"href":"https:\/\/www.patriarcatovenezia.it\/pastorale-giovanile\/wp-json\/wp\/v2\/types\/post"}],"author":[{"embeddable":true,"href":"https:\/\/www.patriarcatovenezia.it\/pastorale-giovanile\/wp-json\/wp\/v2\/users\/10"}],"replies":[{"embeddable":true,"href":"https:\/\/www.patriarcatovenezia.it\/pastorale-giovanile\/wp-json\/wp\/v2\/comments?post=1794"}],"version-history":[{"count":1,"href":"https:\/\/www.patriarcatovenezia.it\/pastorale-giovanile\/wp-json\/wp\/v2\/posts\/1794\/revisions"}],"predecessor-version":[{"id":1796,"href":"https:\/\/www.patriarcatovenezia.it\/pastorale-giovanile\/wp-json\/wp\/v2\/posts\/1794\/revisions\/1796"}],"wp:featuredmedia":[{"embeddable":true,"href":"https:\/\/www.patriarcatovenezia.it\/pastorale-giovanile\/wp-json\/wp\/v2\/media\/1795"}],"wp:attachment":[{"href":"https:\/\/www.patriarcatovenezia.it\/pastorale-giovanile\/wp-json\/wp\/v2\/media?parent=1794"}],"wp:term":[{"taxonomy":"category","embeddable":true,"href":"https:\/\/www.patriarcatovenezia.it\/pastorale-giovanile\/wp-json\/wp\/v2\/categories?post=1794"},{"taxonomy":"post_tag","embeddable":true,"href":"https:\/\/www.patriarcatovenezia.it\/pastorale-giovanile\/wp-json\/wp\/v2\/tags?post=1794"}],"curies":[{"name":"wp","href":"https:\/\/api.w.org\/{rel}","templated":true}]}}