{"id":1791,"date":"2017-09-11T11:49:05","date_gmt":"2017-09-11T09:49:05","guid":{"rendered":"https:\/\/venezia.webdiocesi.it\/pastorale-giovanile\/?p=1791"},"modified":"2017-09-11T11:49:05","modified_gmt":"2017-09-11T09:49:05","slug":"cristo-e-interessante-una-domanda-e-un-percorso-per-i-giovani-di-mira","status":"publish","type":"post","link":"https:\/\/www.patriarcatovenezia.it\/pastorale-giovanile\/2017\/09\/11\/cristo-e-interessante-una-domanda-e-un-percorso-per-i-giovani-di-mira\/","title":{"rendered":"Cristo \u00e8 interessante? Una domanda e un percorso per i giovani di Mira"},"content":{"rendered":"<p>\u201cCristo \u00e8 interessante?\u201d: \u00e8 una domanda di fondo e d\u00e0 origine alla proposta che le parrocchie di San Nicol\u00f2 e San Marco di Mira fanno in questi giorni ai giovani di quinta superiore e del primo anno di universit\u00e0.<\/p>\n<p>La proposta si articola in un ciclo di incontri ed \u00e8 anticipata da una giornata da vivere insieme: domenica 17 settembre il programma prevede la messa, alle ore 9.30, nella chiesa di San Nicol\u00f2. Poi partenza in pullman con destinazione Portobuffol\u00e8, in provincia di Treviso. L\u00ec si terr\u00e0 un incontro con don Giorgio Maschio, docente alla Scuola Teologica diocesana di Vittorio Veneto e studioso di patristica. Al centro della conversazione, appunto, la domanda di fondo: Cristo \u00e8 interessante?<\/p>\n<p>La giornata di domenica \u00e8 preludio di alcuni incontri di approfondimento e dialogo, che si terranno in parrocchia a san Nicol\u00f2, alle 20.45 secondo il calendario seguente: 28 settembre; 12 ottobre; 26 ottobre; 9 novembre; 23 novembre; 7 dicembre; 21 dicembre.<\/p>\n<p>A tutti i partecipanti \u00e8 poi suggerita la lettura di un testo, Lettera ai cercatori di Dio, realizzata dalla\u00a0<span class=\"_5yl5\">commissione episcopale per la dottrina della fede, l\u2019annuncio e la catechesi<\/span>. \u00c8 inoltre consigliato un volume di padre Maurizio Botta dal titolo \u201cSceglier\u00e0 lui da grande \u2013 La fede nuoce gravemente alla salute?\u201d.<\/p>\n<p style=\"text-align: right\">[<a href=\"http:\/\/www.genteveneta.it\/gvnews\/cristo-interessante-domanda-un-percorso-giovani-mira\/\">genteveneta.it<\/a>]<\/p>\n","protected":false},"excerpt":{"rendered":"<p>\u201cCristo \u00e8 interessante?\u201d: \u00e8 una domanda di fondo e d\u00e0 origine alla proposta che le parrocchie di San Nicol\u00f2 e San Marco di Mira fanno in questi giorni ai giovani di quinta superiore e del primo anno di universit\u00e0. La proposta si articola in un ciclo di incontri ed \u00e8 anticipata da una giornata da [&hellip;]<\/p>\n","protected":false},"author":0,"featured_media":1792,"comment_status":"closed","ping_status":"closed","sticky":false,"template":"","format":"standard","meta":{"_acf_changed":false,"ip_address":"","user_agent":"","level":"","revision":"","cookie_id":"","page_referer":"","html_form":"","footnotes":""},"categories":[1],"tags":[],"class_list":["post-1791","post","type-post","status-publish","format-standard","has-post-thumbnail","hentry","category-news"],"acf":[],"_links":{"self":[{"href":"https:\/\/www.patriarcatovenezia.it\/pastorale-giovanile\/wp-json\/wp\/v2\/posts\/1791"}],"collection":[{"href":"https:\/\/www.patriarcatovenezia.it\/pastorale-giovanile\/wp-json\/wp\/v2\/posts"}],"about":[{"href":"https:\/\/www.patriarcatovenezia.it\/pastorale-giovanile\/wp-json\/wp\/v2\/types\/post"}],"author":[{"embeddable":true,"href":"https:\/\/www.patriarcatovenezia.it\/pastorale-giovanile\/wp-json\/wp\/v2\/users\/10"}],"replies":[{"embeddable":true,"href":"https:\/\/www.patriarcatovenezia.it\/pastorale-giovanile\/wp-json\/wp\/v2\/comments?post=1791"}],"version-history":[{"count":1,"href":"https:\/\/www.patriarcatovenezia.it\/pastorale-giovanile\/wp-json\/wp\/v2\/posts\/1791\/revisions"}],"predecessor-version":[{"id":1793,"href":"https:\/\/www.patriarcatovenezia.it\/pastorale-giovanile\/wp-json\/wp\/v2\/posts\/1791\/revisions\/1793"}],"wp:featuredmedia":[{"embeddable":true,"href":"https:\/\/www.patriarcatovenezia.it\/pastorale-giovanile\/wp-json\/wp\/v2\/media\/1792"}],"wp:attachment":[{"href":"https:\/\/www.patriarcatovenezia.it\/pastorale-giovanile\/wp-json\/wp\/v2\/media?parent=1791"}],"wp:term":[{"taxonomy":"category","embeddable":true,"href":"https:\/\/www.patriarcatovenezia.it\/pastorale-giovanile\/wp-json\/wp\/v2\/categories?post=1791"},{"taxonomy":"post_tag","embeddable":true,"href":"https:\/\/www.patriarcatovenezia.it\/pastorale-giovanile\/wp-json\/wp\/v2\/tags?post=1791"}],"curies":[{"name":"wp","href":"https:\/\/api.w.org\/{rel}","templated":true}]}}