{"id":1770,"date":"2017-08-25T10:15:36","date_gmt":"2017-08-25T08:15:36","guid":{"rendered":"https:\/\/venezia.webdiocesi.it\/pastorale-giovanile\/?p=1770"},"modified":"2017-08-25T10:15:36","modified_gmt":"2017-08-25T08:15:36","slug":"0209-corri-con-noi-a-marghera","status":"publish","type":"post","link":"https:\/\/www.patriarcatovenezia.it\/pastorale-giovanile\/2017\/08\/25\/0209-corri-con-noi-a-marghera\/","title":{"rendered":"02\/09 Corri con noi a Marghera"},"content":{"rendered":"<p style=\"text-align: right\">[articolo tratto da <a href=\"http:\/\/www.genteveneta.it\/gvfocus\/marghera-san-pio-x-ai-blocchi-partenza-filippo-bebe-vio\/\">genteveneta.it<\/a>]<\/p>\n<p class=\"entry-title\"><strong>Marghera, San Pio X ai blocchi di partenza per Filippo. Con Bebe Vio<\/strong><\/p>\n<p>Duemila runners e pi\u00f9 di 15mila euro raccolti in soli 3 anni di corse benefiche margherine. Ai blocchi di partenza centinaia di corridori saranno pronti a battersi anche sabato 2 settembre alle 18, nel corso della quarta edizione della \u201cCorri con noi\u201d. In gara runners professionisti della maratona di New York, dilettanti, nordic e fit walker, disabili, mamme con i passeggini e curiosi.<br \/>\nTutto \u00e8 fatto per Filippo, il bimbo di otto anni della comunit\u00e0 di San Pio X affetto dalla sindrome Cdkl5. E tutto \u00e8 organizzato dalla stessa comunit\u00e0, che per la quarta estate raccoglier\u00e0 fondi in favore della ricerca contro questa rara patologia che compromette movimenti, digestione e comunicazione.<br \/>\nA sette giovani animatori a caccia di sponsor la direzione di tutta la macchina organizzativa, in grado di partorire cartelloni, loghi, magliette, trailer pubblicitari, affissioni, borse e volantini a impatto zero.<br \/>\n\u201c\u00c8 l\u2019unica corsa spudoratamente aperta alla disabilit\u00e0\u201d recita lo slogan 2017. Perch\u00e9 #chiamacorre, aggiunge l\u2019hashtag ufficiale rifacendosi al \u201cChi ama corre\u201d utilizzato da Sant\u2019Agostino.<\/p>\n<p>\u00abSiamo cresciuti oltre ogni nostra aspettativa\u00bb spiega chi ha scelto i due motti, Lorenzo Tiengo, professore di grafica all\u2019Istituto salesiano e responsabile del centro giovanile della parrocchia. \u00abUn evento di questa portata \u00e8 difficile che sia disponibile per i disabili e fatto in collaborazione con i disabili\u00bb.<\/p>\n<p>I numeri lo confermano: \u00abPuntiamo ai mille concorrenti. Questo grazie anche alla grande pubblicit\u00e0 fatta sui social e all\u2019interno delle manifestazioni del territorio. Poi siamo a impatto zero (o quasi): gli sponsor coprono le spese, almeno per l\u201980%. Sono sei. Senza dimenticare il contributo dei privati\u00bb.<\/p>\n<p>Quest\u2019anno nemmeno Bebe Vio ha rinunciato a metterci la faccia: raggiunta dai genitori di Filippo sulla spiaggia di Jesolo, la campionessa paralimpica si \u00e8 fatta fotografare accanto al bimbo con il cartellone della \u201cCorri con noi\u201d in mano. E la foto ha fatto il giro dei social.<\/p>\n<p>Anche i ricercatori della patologia Cdkl5, ai quali sono destinati i fondi della manifestazione, non mancheranno di toccare il nastro d\u2019arrivo. \u00abSiamo andati prima noi da loro quest\u2019anno \u2013 spiega Lorenzo -, per vedere quali macchinari sono stati acquistati con il nostro contributo e cosa \u00e8 stato fatto in questi tre anni di sostegno. Sono riusciti ad isolare la proteina che potrebbe essere la causa della malattia. Sono delle persone di cuore che da Bologna (dove il gruppo di studio universitario svolge la ricerca) vengono ogni anno a partecipare alla nostra corsa\u00bb.<\/p>\n<p>Grazie a loro, ora, Filippo segue una dieta chetogenica e sembra aver recuperato buoni punti dal punto di vista motorio. \u00abDalla prima edizione ad oggi \u2013 racconta Lorenzo, che \u00e8 anche amico della famiglia di Filippo \u2013 lo vedo cambiato molto. Da uno stato iniziale quasi vegetativo ora mi guarda come se capisse ci\u00f2 che dico\u00bb.<\/p>\n<p>In Italia sono circa cento i casi come quello di Filippo, affetti da una patologia scoperta solo alcuni anni fa. Sabato 2, cinque di loro saranno presenti a Marghera con le loro famiglie. Saranno attorniati dai tre percorsi previsti, ognuno con un coefficiente di difficolt\u00e0 diverso: uno breve da 3,5, uno da 10 e un altro da 19 chilometri, l\u2019itinerario pi\u00f9 suggestivo che passa lungo gli argini di Marghera.<\/p>\n<p>Cinque euro l\u2019iscrizione standard, completa di pacco gara, da compilare al momento. Disabili e bimbi sotto i 10 anni partecipano gratis. Si pu\u00f2 sostenere la corsa e la lotta alla sindrome Cdkl5 anche attraverso il sito vodafone ognisportoltre.it, che aiuta le manifestazioni sportive pi\u00f9 meritevoli aperte alla disabilit\u00e0.<\/p>\n<p style=\"text-align: right\"><strong>Giulia Busetto<\/strong><\/p>\n<hr \/>\n<h4>Nella <a href=\"https:\/\/www.google.it\/url?sa=t&amp;rct=j&amp;q=&amp;esrc=s&amp;source=web&amp;cd=2&amp;cad=rja&amp;uact=8&amp;ved=0ahUKEwjP_Pyj9_HVAhVHVRQKHRYZDdIQFggsMAE&amp;url=https%3A%2F%2Fit-it.facebook.com%2Fcorriconnoimarghera%2F&amp;usg=AFQjCNEFLHnWTMGIh3HqbMW_wHaY3f8UsQ\">pagina FB<\/a>\u00a0tutte le informazioni per l&#8217;iscrizione e le modalit\u00e0 di partecipazione, mentre a <a href=\"https:\/\/progetti.ognisportoltre.it\/projects\/86-corri-con-noi\">questo indirizzo<\/a>\u00a0trovate il progetto che muove il cuore di questa corsa podistica e la possibilit\u00e0 di sostenerlo anche durante l&#8217;anno \ud83d\ude09<\/h4>\n","protected":false},"excerpt":{"rendered":"<p>[articolo tratto da genteveneta.it] Marghera, San Pio X ai blocchi di partenza per Filippo. Con Bebe Vio Duemila runners e pi\u00f9 di 15mila euro raccolti in soli 3 anni di corse benefiche margherine. Ai blocchi di partenza centinaia di corridori saranno pronti a battersi anche sabato 2 settembre alle 18, nel corso della quarta edizione [&hellip;]<\/p>\n","protected":false},"author":0,"featured_media":1771,"comment_status":"closed","ping_status":"closed","sticky":false,"template":"","format":"standard","meta":{"_acf_changed":false,"ip_address":"","user_agent":"","level":"","revision":"","cookie_id":"","page_referer":"","html_form":"","footnotes":""},"categories":[1],"tags":[],"class_list":["post-1770","post","type-post","status-publish","format-standard","has-post-thumbnail","hentry","category-news"],"acf":[],"_links":{"self":[{"href":"https:\/\/www.patriarcatovenezia.it\/pastorale-giovanile\/wp-json\/wp\/v2\/posts\/1770"}],"collection":[{"href":"https:\/\/www.patriarcatovenezia.it\/pastorale-giovanile\/wp-json\/wp\/v2\/posts"}],"about":[{"href":"https:\/\/www.patriarcatovenezia.it\/pastorale-giovanile\/wp-json\/wp\/v2\/types\/post"}],"author":[{"embeddable":true,"href":"https:\/\/www.patriarcatovenezia.it\/pastorale-giovanile\/wp-json\/wp\/v2\/users\/10"}],"replies":[{"embeddable":true,"href":"https:\/\/www.patriarcatovenezia.it\/pastorale-giovanile\/wp-json\/wp\/v2\/comments?post=1770"}],"version-history":[{"count":1,"href":"https:\/\/www.patriarcatovenezia.it\/pastorale-giovanile\/wp-json\/wp\/v2\/posts\/1770\/revisions"}],"predecessor-version":[{"id":1772,"href":"https:\/\/www.patriarcatovenezia.it\/pastorale-giovanile\/wp-json\/wp\/v2\/posts\/1770\/revisions\/1772"}],"wp:featuredmedia":[{"embeddable":true,"href":"https:\/\/www.patriarcatovenezia.it\/pastorale-giovanile\/wp-json\/wp\/v2\/media\/1771"}],"wp:attachment":[{"href":"https:\/\/www.patriarcatovenezia.it\/pastorale-giovanile\/wp-json\/wp\/v2\/media?parent=1770"}],"wp:term":[{"taxonomy":"category","embeddable":true,"href":"https:\/\/www.patriarcatovenezia.it\/pastorale-giovanile\/wp-json\/wp\/v2\/categories?post=1770"},{"taxonomy":"post_tag","embeddable":true,"href":"https:\/\/www.patriarcatovenezia.it\/pastorale-giovanile\/wp-json\/wp\/v2\/tags?post=1770"}],"curies":[{"name":"wp","href":"https:\/\/api.w.org\/{rel}","templated":true}]}}