{"id":1740,"date":"2017-07-27T14:52:13","date_gmt":"2017-07-27T12:52:13","guid":{"rendered":"https:\/\/venezia.webdiocesi.it\/pastorale-giovanile\/?p=1740"},"modified":"2017-07-27T14:58:57","modified_gmt":"2017-07-27T12:58:57","slug":"2409-il-significato-dellamore","status":"publish","type":"post","link":"https:\/\/www.patriarcatovenezia.it\/pastorale-giovanile\/2017\/07\/27\/2409-il-significato-dellamore\/","title":{"rendered":"24\/09 Il significato dell&#8217;amore"},"content":{"rendered":"<p style=\"text-align: center\"><strong>PATRIARCATO di VENEZIA<\/strong><\/p>\n<p>&nbsp;<\/p>\n<blockquote><p><em>\u201cTutti siamo invitati a guardare, con impegno, alle nascenti Collaborazioni tra le parrocchie: lo scopo \u00e8 sostenerle e aiutarle proprio quando le scopriamo pi\u00f9 fragili, condividendo innanzitutto le pastorali che stentano gi\u00e0 a realizzarsi, ossia la pastorale della famiglia, della cura dei giovani \u2013 con la sfida educativa e la maturazione della loro affettivit\u00e0.\u201d<\/em><\/p>\n<p style=\"text-align: right\">mons. Francesco Moraglia, lettera pastorale <em>\u201cIncontro al risorto\u201d, <\/em>2017<\/p>\n<\/blockquote>\n<p>&nbsp;<\/p>\n<p>Dentro questo orizzonte tracciato dal nostro Patriarca Francesco gli uffici diocesani\u00a0<em>Evangelizzazione e catechesi, Pastorale degli sposi e della famiglia, Pastorale giovanile, Pastorale dei ragazzi, Pastorale scolastica, Ufficio IRC, Pastorale universitaria, ODERS\u00a0<\/em>ti invitano ad una<\/p>\n<p>&nbsp;<\/p>\n<p style=\"text-align: center\">\u00a0<strong>GIORNATA DI FORMAZIONE DIOCESANA <\/strong><\/p>\n<p style=\"text-align: center\"><strong><em>per catechisti, educatori, genitori e insegnanti<\/em><\/strong><\/p>\n<p style=\"text-align: center\"><strong>\u00a0<\/strong><strong>Domenica 24 settembre 2017<\/strong><\/p>\n<p style=\"text-align: center\">Presso la palestra dell\u2019Istituto \u201cSan Marco\u201d &#8211;\u00a0 via dei Salesiani, 15 \u2013 localit\u00e0 Gazzera<\/p>\n<h4 style=\"text-align: center\"><span style=\"color: #800000\"><strong><a href=\"https:\/\/venezia.webdiocesi.it\/pastorale-giovanile\/wp-content\/uploads\/sites\/6\/2017\/07\/titolo24.09.png\" data-rel=\"lightbox-image-0\" data-rl_title=\"\" data-rl_caption=\"\" title=\"\"><img loading=\"lazy\" decoding=\"async\" class=\"size-medium wp-image-1743 aligncenter\" src=\"https:\/\/venezia.webdiocesi.it\/pastorale-giovanile\/wp-content\/uploads\/sites\/6\/2017\/07\/titolo24.09-300x136.png\" alt=\"\" width=\"300\" height=\"136\" srcset=\"https:\/\/www.patriarcatovenezia.it\/pastorale-giovanile\/wp-content\/uploads\/sites\/6\/2017\/07\/titolo24.09-300x136.png 300w, https:\/\/www.patriarcatovenezia.it\/pastorale-giovanile\/wp-content\/uploads\/sites\/6\/2017\/07\/titolo24.09-360x164.png 360w, https:\/\/www.patriarcatovenezia.it\/pastorale-giovanile\/wp-content\/uploads\/sites\/6\/2017\/07\/titolo24.09.png 574w\" sizes=\"(max-width: 300px) 100vw, 300px\" \/><\/a><\/strong><\/span><\/h4>\n<h4 style=\"text-align: center\"><span style=\"color: #800000\"><strong>IL SIGNIFICATO DELL\u2019AMORE<\/strong><\/span><\/h4>\n<h4 style=\"text-align: center\"><span style=\"color: #800000\"><strong><em>Come accompagnare le giovani generazioni nella maturazione affettiva e sessuale<\/em><\/strong><\/span><\/h4>\n<p><strong>\u00a0<\/strong><\/p>\n<p><strong>PROGRAMMA di massima<\/strong><\/p>\n<p>&nbsp;<\/p>\n<p>ore 9.00\u00a0\u00a0\u00a0\u00a0\u00a0\u00a0\u00a0\u00a0\u00a0 preghiera iniziale e lancio della giornata<\/p>\n<p>ore 9.30\u00a0\u00a0\u00a0\u00a0\u00a0\u00a0\u00a0\u00a0\u00a0 relazione della <strong>prof.ssa<\/strong> <strong>E. Confalonieri<\/strong><\/p>\n<p><em>discussione per gruppi di lavoro<\/em><\/p>\n<p>ore 12.30 \u00a0\u00a0\u00a0\u00a0\u00a0\u00a0 pranzo al sacco<\/p>\n<p>ore 14.00 \u00a0\u00a0\u00a0\u00a0\u00a0\u00a0 presentazione di alcune esperienze di accompagnamento, in particolare del progetto \u201cTeen STAR\u201d\u00a0 a cura della <strong>dott.ssa<\/strong> <strong>M. G. Olivari<\/strong><\/p>\n<p>ore 15.00\u00a0\u00a0\u00a0\u00a0\u00a0\u00a0\u00a0 dibattito in assemblea e indicazioni conclusive a cura della prof.ssa E. Confalonieri<\/p>\n<p>ore 16.30 \u00a0\u00a0\u00a0\u00a0\u00a0\u00a0 Santa Messa con il <strong>Patriarca Francesco<\/strong><\/p>\n<p><em>(all\u2019interno della quale ci sar\u00e0 il <u>Mandato agli evangelizzatori e ai catechisti<\/u> presenti)<\/em><\/p>\n<p>ore 18.00\u00a0\u00a0\u00a0\u00a0\u00a0\u00a0\u00a0 conclusione<\/p>\n<p><strong>\u00a0<\/strong><\/p>\n<p><strong>Emanuela Confalonieri, <\/strong>psicologa, \u00e8 Professore associato presso la Facolt\u00e0 di Psicologia dell\u2019Universit\u00e0 Cattolica del Sacro Cuore. Esperta di adolescenza nei suoi aspetti tipici e atipici, si occupa di formazione agli insegnanti e ai genitori. Partecipa attivamente alla vita della sua parrocchia di appartenenza e fa parte del Consiglio Pastorale.<\/p>\n<p><strong>Maria Giulia Olivari, <\/strong>psicologa e psicoterapeuta, \u00e8 assegnista di ricerca presso la Facolt\u00e0 di Psicologia dell\u2019Universit\u00e0 Cattolica del Sacro Cuore. Conduce gruppi psico-educativi con genitori di adolescenti. Partecipa attivamente alla vita della sua parrocchia di appartenenza, collaborando all\u2019organizzazione di attivit\u00e0 ricreative.<\/p>\n<hr \/>\n<p><strong>MATERIALE FORMATO PDF:<\/strong><\/p>\n<ul>\n<li style=\"text-align: left\"><strong><a href=\"https:\/\/venezia.webdiocesi.it\/pastorale-giovanile\/wp-content\/uploads\/sites\/6\/2017\/07\/invito24sett_lungo.pdf\">LOCANDINA<\/a><\/strong><\/li>\n<li style=\"text-align: left\"><strong><a href=\"https:\/\/venezia.webdiocesi.it\/pastorale-giovanile\/wp-content\/uploads\/sites\/6\/2017\/07\/invito24sett_lungo.pdf\">INVITO_LUNGO<\/a><\/strong><\/li>\n<li style=\"text-align: left\"><strong><a href=\"https:\/\/venezia.webdiocesi.it\/pastorale-giovanile\/wp-content\/uploads\/sites\/6\/2017\/07\/invito24sett_piegato.pdf\">INVITO_PIEGATO<\/a><\/strong><\/li>\n<li style=\"text-align: left\"><strong><a href=\"https:\/\/venezia.webdiocesi.it\/pastorale-giovanile\/wp-content\/uploads\/sites\/6\/2017\/07\/Testo-INVITO-al-24.09.17.pdf\">INVITO_TESTO<\/a><\/strong><\/li>\n<\/ul>\n<hr \/>\n<p style=\"text-align: left\"><strong>MATERIALE FORMATO IMMAGINE PNG:<\/strong><\/p>\n","protected":false},"excerpt":{"rendered":"<p>PATRIARCATO di VENEZIA &nbsp; \u201cTutti siamo invitati a guardare, con impegno, alle nascenti Collaborazioni tra le parrocchie: lo scopo \u00e8 sostenerle e aiutarle proprio quando le scopriamo pi\u00f9 fragili, condividendo innanzitutto le pastorali che stentano gi\u00e0 a realizzarsi, ossia la pastorale della famiglia, della cura dei giovani \u2013 con la sfida educativa e la maturazione [&hellip;]<\/p>\n","protected":false},"author":0,"featured_media":1742,"comment_status":"closed","ping_status":"closed","sticky":false,"template":"","format":"standard","meta":{"_acf_changed":false,"ip_address":"","user_agent":"","level":"","revision":"","cookie_id":"","page_referer":"","html_form":"","footnotes":""},"categories":[306,88,307,1,311],"tags":[],"class_list":["post-1740","post","type-post","status-publish","format-standard","has-post-thumbnail","hentry","category-adolescenti","category-attivita","category-giovani","category-news","category-pgve"],"acf":[],"_links":{"self":[{"href":"https:\/\/www.patriarcatovenezia.it\/pastorale-giovanile\/wp-json\/wp\/v2\/posts\/1740"}],"collection":[{"href":"https:\/\/www.patriarcatovenezia.it\/pastorale-giovanile\/wp-json\/wp\/v2\/posts"}],"about":[{"href":"https:\/\/www.patriarcatovenezia.it\/pastorale-giovanile\/wp-json\/wp\/v2\/types\/post"}],"author":[{"embeddable":true,"href":"https:\/\/www.patriarcatovenezia.it\/pastorale-giovanile\/wp-json\/wp\/v2\/users\/10"}],"replies":[{"embeddable":true,"href":"https:\/\/www.patriarcatovenezia.it\/pastorale-giovanile\/wp-json\/wp\/v2\/comments?post=1740"}],"version-history":[{"count":3,"href":"https:\/\/www.patriarcatovenezia.it\/pastorale-giovanile\/wp-json\/wp\/v2\/posts\/1740\/revisions"}],"predecessor-version":[{"id":1750,"href":"https:\/\/www.patriarcatovenezia.it\/pastorale-giovanile\/wp-json\/wp\/v2\/posts\/1740\/revisions\/1750"}],"wp:featuredmedia":[{"embeddable":true,"href":"https:\/\/www.patriarcatovenezia.it\/pastorale-giovanile\/wp-json\/wp\/v2\/media\/1742"}],"wp:attachment":[{"href":"https:\/\/www.patriarcatovenezia.it\/pastorale-giovanile\/wp-json\/wp\/v2\/media?parent=1740"}],"wp:term":[{"taxonomy":"category","embeddable":true,"href":"https:\/\/www.patriarcatovenezia.it\/pastorale-giovanile\/wp-json\/wp\/v2\/categories?post=1740"},{"taxonomy":"post_tag","embeddable":true,"href":"https:\/\/www.patriarcatovenezia.it\/pastorale-giovanile\/wp-json\/wp\/v2\/tags?post=1740"}],"curies":[{"name":"wp","href":"https:\/\/api.w.org\/{rel}","templated":true}]}}