{"id":1727,"date":"2017-07-27T11:57:44","date_gmt":"2017-07-27T09:57:44","guid":{"rendered":"https:\/\/venezia.webdiocesi.it\/pastorale-giovanile\/?p=1727"},"modified":"2017-07-27T11:57:44","modified_gmt":"2017-07-27T09:57:44","slug":"chiusura-ufficio","status":"publish","type":"post","link":"https:\/\/www.patriarcatovenezia.it\/pastorale-giovanile\/2017\/07\/27\/chiusura-ufficio\/","title":{"rendered":"Chiusura ufficio"},"content":{"rendered":"<hr \/>\n<blockquote><p><a href=\"https:\/\/venezia.webdiocesi.it\/pastorale-giovanile\/wp-content\/uploads\/sites\/6\/2017\/07\/Summer-PNG-Pic.png\" data-rel=\"lightbox-image-0\" data-rl_title=\"\" data-rl_caption=\"\" title=\"\"><img loading=\"lazy\" decoding=\"async\" class=\"size-medium wp-image-1733 alignleft\" src=\"https:\/\/venezia.webdiocesi.it\/pastorale-giovanile\/wp-content\/uploads\/sites\/6\/2017\/07\/Summer-PNG-Pic-181x300.png\" alt=\"\" width=\"181\" height=\"300\" srcset=\"https:\/\/www.patriarcatovenezia.it\/pastorale-giovanile\/wp-content\/uploads\/sites\/6\/2017\/07\/Summer-PNG-Pic-181x300.png 181w, https:\/\/www.patriarcatovenezia.it\/pastorale-giovanile\/wp-content\/uploads\/sites\/6\/2017\/07\/Summer-PNG-Pic-768x1270.png 768w, https:\/\/www.patriarcatovenezia.it\/pastorale-giovanile\/wp-content\/uploads\/sites\/6\/2017\/07\/Summer-PNG-Pic-619x1024.png 619w, https:\/\/www.patriarcatovenezia.it\/pastorale-giovanile\/wp-content\/uploads\/sites\/6\/2017\/07\/Summer-PNG-Pic-169x280.png 169w, https:\/\/www.patriarcatovenezia.it\/pastorale-giovanile\/wp-content\/uploads\/sites\/6\/2017\/07\/Summer-PNG-Pic-464x768.png 464w, https:\/\/www.patriarcatovenezia.it\/pastorale-giovanile\/wp-content\/uploads\/sites\/6\/2017\/07\/Summer-PNG-Pic.png 1250w\" sizes=\"(max-width: 181px) 100vw, 181px\" \/><\/a><\/p>\n<p>&nbsp;<\/p><\/blockquote>\n<h3><em>Gli Uffici della Curia Patriarcale di Venezia saranno chiusi al pubblico, per la consueta pausa estiva, <strong>da gioved\u00ec 3 a mercoled\u00ec 23 agosto<\/strong> pp.vv. compresi. Le attivit\u00e0 dei vari Uffici riprenderanno, pertanto, la loro regolare attivit\u00e0 a partire da gioved\u00ec 24 agosto 2017 [<a href=\"http:\/\/www.genteveneta.it\/events\/chiusura-estiva-degli-uffici-della-curia-patriarcale-venezia-giovedi-3-mercoledi-23-agosto-le-attivita-riprenderanno-regolarmente-partire-dal-24-agosto\/\">genteveneta.it<\/a>]<\/em><\/h3>\n<p>&nbsp;<\/p>\n<p><a href=\"https:\/\/venezia.webdiocesi.it\/pastorale-giovanile\/wp-content\/uploads\/sites\/6\/2017\/07\/bagaglio_a_mano_2.png\" data-rel=\"lightbox-image-1\" data-rl_title=\"\" data-rl_caption=\"\" title=\"\"><img loading=\"lazy\" decoding=\"async\" class=\"size-medium wp-image-1735 alignright\" src=\"https:\/\/venezia.webdiocesi.it\/pastorale-giovanile\/wp-content\/uploads\/sites\/6\/2017\/07\/bagaglio_a_mano_2-300x200.png\" alt=\"\" width=\"300\" height=\"200\" srcset=\"https:\/\/www.patriarcatovenezia.it\/pastorale-giovanile\/wp-content\/uploads\/sites\/6\/2017\/07\/bagaglio_a_mano_2-300x200.png 300w, https:\/\/www.patriarcatovenezia.it\/pastorale-giovanile\/wp-content\/uploads\/sites\/6\/2017\/07\/bagaglio_a_mano_2-360x239.png 360w, https:\/\/www.patriarcatovenezia.it\/pastorale-giovanile\/wp-content\/uploads\/sites\/6\/2017\/07\/bagaglio_a_mano_2.png 400w\" sizes=\"(max-width: 300px) 100vw, 300px\" \/><\/a><img loading=\"lazy\" decoding=\"async\" class=\"size-medium wp-image-1732 alignleft\" src=\"https:\/\/venezia.webdiocesi.it\/pastorale-giovanile\/wp-content\/uploads\/sites\/6\/2017\/07\/closed-1-300x202.png\" alt=\"\" width=\"300\" height=\"202\" srcset=\"https:\/\/www.patriarcatovenezia.it\/pastorale-giovanile\/wp-content\/uploads\/sites\/6\/2017\/07\/closed-1-300x202.png 300w, https:\/\/www.patriarcatovenezia.it\/pastorale-giovanile\/wp-content\/uploads\/sites\/6\/2017\/07\/closed-1.png 337w\" sizes=\"(max-width: 300px) 100vw, 300px\" \/><\/p>\n<p>&nbsp;<\/p>\n","protected":false},"excerpt":{"rendered":"<p>&nbsp; Gli Uffici della Curia Patriarcale di Venezia saranno chiusi al pubblico, per la consueta pausa estiva, da gioved\u00ec 3 a mercoled\u00ec 23 agosto pp.vv. compresi. Le attivit\u00e0 dei vari Uffici riprenderanno, pertanto, la loro regolare attivit\u00e0 a partire da gioved\u00ec 24 agosto 2017 [genteveneta.it] &nbsp; &nbsp;<\/p>\n","protected":false},"author":0,"featured_media":1730,"comment_status":"closed","ping_status":"closed","sticky":false,"template":"","format":"standard","meta":{"_acf_changed":false,"ip_address":"","user_agent":"","level":"","revision":"","cookie_id":"","page_referer":"","html_form":"","footnotes":""},"categories":[1],"tags":[],"class_list":["post-1727","post","type-post","status-publish","format-standard","has-post-thumbnail","hentry","category-news"],"acf":[],"_links":{"self":[{"href":"https:\/\/www.patriarcatovenezia.it\/pastorale-giovanile\/wp-json\/wp\/v2\/posts\/1727"}],"collection":[{"href":"https:\/\/www.patriarcatovenezia.it\/pastorale-giovanile\/wp-json\/wp\/v2\/posts"}],"about":[{"href":"https:\/\/www.patriarcatovenezia.it\/pastorale-giovanile\/wp-json\/wp\/v2\/types\/post"}],"author":[{"embeddable":true,"href":"https:\/\/www.patriarcatovenezia.it\/pastorale-giovanile\/wp-json\/wp\/v2\/users\/10"}],"replies":[{"embeddable":true,"href":"https:\/\/www.patriarcatovenezia.it\/pastorale-giovanile\/wp-json\/wp\/v2\/comments?post=1727"}],"version-history":[{"count":3,"href":"https:\/\/www.patriarcatovenezia.it\/pastorale-giovanile\/wp-json\/wp\/v2\/posts\/1727\/revisions"}],"predecessor-version":[{"id":1739,"href":"https:\/\/www.patriarcatovenezia.it\/pastorale-giovanile\/wp-json\/wp\/v2\/posts\/1727\/revisions\/1739"}],"wp:featuredmedia":[{"embeddable":true,"href":"https:\/\/www.patriarcatovenezia.it\/pastorale-giovanile\/wp-json\/wp\/v2\/media\/1730"}],"wp:attachment":[{"href":"https:\/\/www.patriarcatovenezia.it\/pastorale-giovanile\/wp-json\/wp\/v2\/media?parent=1727"}],"wp:term":[{"taxonomy":"category","embeddable":true,"href":"https:\/\/www.patriarcatovenezia.it\/pastorale-giovanile\/wp-json\/wp\/v2\/categories?post=1727"},{"taxonomy":"post_tag","embeddable":true,"href":"https:\/\/www.patriarcatovenezia.it\/pastorale-giovanile\/wp-json\/wp\/v2\/tags?post=1727"}],"curies":[{"name":"wp","href":"https:\/\/api.w.org\/{rel}","templated":true}]}}