{"id":1687,"date":"2017-07-26T14:33:59","date_gmt":"2017-07-26T12:33:59","guid":{"rendered":"https:\/\/venezia.webdiocesi.it\/pastorale-giovanile\/?p=1687"},"modified":"2017-07-26T14:33:59","modified_gmt":"2017-07-26T12:33:59","slug":"i-luoghi-di-panama-2019","status":"publish","type":"post","link":"https:\/\/www.patriarcatovenezia.it\/pastorale-giovanile\/2017\/07\/26\/i-luoghi-di-panama-2019\/","title":{"rendered":"I luoghi di Panama 2019"},"content":{"rendered":"<p>L&#8217;Arcidiocesi di Panama, attraverso il Comitato Organizzatore Locale della GMG 2019, che si terr\u00e0 a Panam\u00e1\u00a0dal 22 al 27 gennaio 2019, ha annunciato che il luogo scelto per gli Atti centrali e dunque per gli incontri con il Santo Padre, sar\u00e0 la Cinta Costera Uno, situato lungo l&#8217;Avenida Balboa a Panama City.<br \/>\nIl COL ha fatto presente che a seguito della consultazione avvenuta tra le Conferenze Episcopali del mondo, la Cinta Costera \u00e8 stata considerata la scelta migliore e pi\u00f9 vicina agli spazi utilizzati per le altre Giornate Mondiali della Giovent\u00f9.<\/p>\n<p style=\"text-align: right\">[tratto da <a href=\"http:\/\/banchedati.chiesacattolica.it\/pls\/cci_new_v3\/V3_S2EW_CONSULTAZIONE.mostra_pagina?id_pagina=91317&amp;rifi=guest&amp;rifp=guest\">Servizio Nazionale per la Pastorale Giovanile<\/a>]<\/p>\n","protected":false},"excerpt":{"rendered":"<p>L&#8217;Arcidiocesi di Panama, attraverso il Comitato Organizzatore Locale della GMG 2019, che si terr\u00e0 a Panam\u00e1\u00a0dal 22 al 27 gennaio 2019, ha annunciato che il luogo scelto per gli Atti centrali e dunque per gli incontri con il Santo Padre, sar\u00e0 la Cinta Costera Uno, situato lungo l&#8217;Avenida Balboa a Panama City. Il COL ha [&hellip;]<\/p>\n","protected":false},"author":0,"featured_media":1688,"comment_status":"closed","ping_status":"closed","sticky":false,"template":"","format":"standard","meta":{"_acf_changed":false,"ip_address":"","user_agent":"","level":"","revision":"","cookie_id":"","page_referer":"","html_form":"","footnotes":""},"categories":[106,1],"tags":[],"class_list":["post-1687","post","type-post","status-publish","format-standard","has-post-thumbnail","hentry","category-gmg","category-news"],"acf":[],"_links":{"self":[{"href":"https:\/\/www.patriarcatovenezia.it\/pastorale-giovanile\/wp-json\/wp\/v2\/posts\/1687"}],"collection":[{"href":"https:\/\/www.patriarcatovenezia.it\/pastorale-giovanile\/wp-json\/wp\/v2\/posts"}],"about":[{"href":"https:\/\/www.patriarcatovenezia.it\/pastorale-giovanile\/wp-json\/wp\/v2\/types\/post"}],"author":[{"embeddable":true,"href":"https:\/\/www.patriarcatovenezia.it\/pastorale-giovanile\/wp-json\/wp\/v2\/users\/10"}],"replies":[{"embeddable":true,"href":"https:\/\/www.patriarcatovenezia.it\/pastorale-giovanile\/wp-json\/wp\/v2\/comments?post=1687"}],"version-history":[{"count":1,"href":"https:\/\/www.patriarcatovenezia.it\/pastorale-giovanile\/wp-json\/wp\/v2\/posts\/1687\/revisions"}],"predecessor-version":[{"id":1689,"href":"https:\/\/www.patriarcatovenezia.it\/pastorale-giovanile\/wp-json\/wp\/v2\/posts\/1687\/revisions\/1689"}],"wp:featuredmedia":[{"embeddable":true,"href":"https:\/\/www.patriarcatovenezia.it\/pastorale-giovanile\/wp-json\/wp\/v2\/media\/1688"}],"wp:attachment":[{"href":"https:\/\/www.patriarcatovenezia.it\/pastorale-giovanile\/wp-json\/wp\/v2\/media?parent=1687"}],"wp:term":[{"taxonomy":"category","embeddable":true,"href":"https:\/\/www.patriarcatovenezia.it\/pastorale-giovanile\/wp-json\/wp\/v2\/categories?post=1687"},{"taxonomy":"post_tag","embeddable":true,"href":"https:\/\/www.patriarcatovenezia.it\/pastorale-giovanile\/wp-json\/wp\/v2\/tags?post=1687"}],"curies":[{"name":"wp","href":"https:\/\/api.w.org\/{rel}","templated":true}]}}