{"id":1666,"date":"2017-07-06T12:57:17","date_gmt":"2017-07-06T10:57:17","guid":{"rendered":"https:\/\/venezia.webdiocesi.it\/pastorale-giovanile\/?p=1666"},"modified":"2017-07-06T12:58:49","modified_gmt":"2017-07-06T10:58:49","slug":"inno-ufficiale-gmg-panama-2019","status":"publish","type":"post","link":"https:\/\/www.patriarcatovenezia.it\/pastorale-giovanile\/2017\/07\/06\/inno-ufficiale-gmg-panama-2019\/","title":{"rendered":"Inno ufficiale GMG Panama 2019"},"content":{"rendered":"<p lang=\"it-IT\">\u00c8 stato presentato ufficialmente ieri, a Panama, l\u2019inno ufficiale della 34<sup>a<\/sup>\u00a0GMG che avr\u00e0 luogo nel paese centroamericano dal 22 al 27 gennaio 2019. Il canto \u2013 che prende l\u2019ispirazione dalle parole della Vergine Maria nel Vangelo di Luca: \u201cEcco la serva del Signore; avvenga per me secondo la tua parola\u201d (Lc 1,38) \u2013 \u00e8 stato composto da Abdiel Jim\u00e9nez, catechista della parrocchia di Cristo Risorto di Panama City. Una giuria composta da musicisti esperti e professionisti del settore, ha selezionato, da oltre cinquanta proposte giunte dopo un appello pubblico, tre composizioni e le ha presentate al Comitato Organizzatore Locale, il quale insieme al Dicastero per i Laici, la Famiglia e la Vita, ha scelto il canto di Abdiel Jim\u00e9nez.<\/p>\n<p lang=\"it-IT\">Un ritornello semplice, ben orecchiabile e facilmente cantabile aiuter\u00e0 i giovani partecipanti a far proprie le parole di Maria all\u2019Annunciazione della nascita del Signore Ges\u00f9: accogliere la parola di Dio e realizzarla nella propria vita. L\u2019arcivescovo di Panama, mons.\u00a0Jos\u00e9 Domingo Ulloa Mendieta, ha detto che l\u2019inno \u201cesprime la missione alla quale siamo chiamati come discepoli e missionari in questo nostro tempo, seguendo l\u2019esempio della Vergine\u201d.<\/p>\n<p lang=\"it-IT\" style=\"text-align: right\">[fonte <a href=\"http:\/\/www.laityfamilylife.va\/\">www.laityfamilylife.va<\/a>]<\/p>\n<p>&nbsp;<\/p>\n<p><iframe loading=\"lazy\" title=\"Himno Oficial de la JMJ Panam\u00e1 2019 - H\u00e1gase en m\u00ed, seg\u00fan tu palabra\" width=\"500\" height=\"281\" src=\"https:\/\/www.youtube.com\/embed\/lN6nErqWPuk?feature=oembed\" frameborder=\"0\" allow=\"accelerometer; autoplay; clipboard-write; encrypted-media; gyroscope; picture-in-picture; web-share\" referrerpolicy=\"strict-origin-when-cross-origin\" allowfullscreen><\/iframe><\/p>\n","protected":false},"excerpt":{"rendered":"<p>\u00c8 stato presentato ufficialmente ieri, a Panama, l\u2019inno ufficiale della 34a\u00a0GMG che avr\u00e0 luogo nel paese centroamericano dal 22 al 27 gennaio 2019. Il canto \u2013 che prende l\u2019ispirazione dalle parole della Vergine Maria nel Vangelo di Luca: \u201cEcco la serva del Signore; avvenga per me secondo la tua parola\u201d (Lc 1,38) \u2013 \u00e8 stato [&hellip;]<\/p>\n","protected":false},"author":0,"featured_media":1667,"comment_status":"closed","ping_status":"closed","sticky":false,"template":"","format":"standard","meta":{"_acf_changed":false,"ip_address":"","user_agent":"","level":"","revision":"","cookie_id":"","page_referer":"","html_form":"","footnotes":""},"categories":[106,1],"tags":[],"class_list":["post-1666","post","type-post","status-publish","format-standard","has-post-thumbnail","hentry","category-gmg","category-news"],"acf":[],"_links":{"self":[{"href":"https:\/\/www.patriarcatovenezia.it\/pastorale-giovanile\/wp-json\/wp\/v2\/posts\/1666"}],"collection":[{"href":"https:\/\/www.patriarcatovenezia.it\/pastorale-giovanile\/wp-json\/wp\/v2\/posts"}],"about":[{"href":"https:\/\/www.patriarcatovenezia.it\/pastorale-giovanile\/wp-json\/wp\/v2\/types\/post"}],"author":[{"embeddable":true,"href":"https:\/\/www.patriarcatovenezia.it\/pastorale-giovanile\/wp-json\/wp\/v2\/users\/10"}],"replies":[{"embeddable":true,"href":"https:\/\/www.patriarcatovenezia.it\/pastorale-giovanile\/wp-json\/wp\/v2\/comments?post=1666"}],"version-history":[{"count":1,"href":"https:\/\/www.patriarcatovenezia.it\/pastorale-giovanile\/wp-json\/wp\/v2\/posts\/1666\/revisions"}],"predecessor-version":[{"id":1668,"href":"https:\/\/www.patriarcatovenezia.it\/pastorale-giovanile\/wp-json\/wp\/v2\/posts\/1666\/revisions\/1668"}],"wp:featuredmedia":[{"embeddable":true,"href":"https:\/\/www.patriarcatovenezia.it\/pastorale-giovanile\/wp-json\/wp\/v2\/media\/1667"}],"wp:attachment":[{"href":"https:\/\/www.patriarcatovenezia.it\/pastorale-giovanile\/wp-json\/wp\/v2\/media?parent=1666"}],"wp:term":[{"taxonomy":"category","embeddable":true,"href":"https:\/\/www.patriarcatovenezia.it\/pastorale-giovanile\/wp-json\/wp\/v2\/categories?post=1666"},{"taxonomy":"post_tag","embeddable":true,"href":"https:\/\/www.patriarcatovenezia.it\/pastorale-giovanile\/wp-json\/wp\/v2\/tags?post=1666"}],"curies":[{"name":"wp","href":"https:\/\/api.w.org\/{rel}","templated":true}]}}