{"id":1620,"date":"2017-06-09T13:51:08","date_gmt":"2017-06-09T11:51:08","guid":{"rendered":"https:\/\/venezia.webdiocesi.it\/pastorale-giovanile\/?p=1620"},"modified":"2017-06-09T13:51:08","modified_gmt":"2017-06-09T11:51:08","slug":"fttr-seminario-laboratorio-e-sinodo-giovani","status":"publish","type":"post","link":"https:\/\/www.patriarcatovenezia.it\/pastorale-giovanile\/2017\/06\/09\/fttr-seminario-laboratorio-e-sinodo-giovani\/","title":{"rendered":"FTTR: seminario-laboratorio e Sinodo giovani"},"content":{"rendered":"<p style=\"text-align: left\"><span style=\"color: #003300\">La <strong>Facolt\u00e0 teologica del Triveneto<\/strong> ha scelto di dedicare un <strong>seminario-laboratorio interdisciplinare del ciclo di licenza<\/strong> al tema:<\/span><\/p>\n<p style=\"text-align: left\"><span style=\"color: #003300\"><strong><em>Scelte di vita e vocazione. Accompagnare nel discernimento il cammino dei giovani<\/em><\/strong>\u00a0(indirizzo di teologia pastorale)<\/span><\/p>\n<p style=\"text-align: left\"><span style=\"color: #003300\">In allegato il prospetto dettagliato del seminario, che si svolger\u00e0 il marted\u00ec pomeriggio, dalle 14.15 alle 16.35 nel primo semestre, dalle 14.15 alle 15.50 nel secondo semestre, a partire dal 10 ottobre p.v..\u00a0<\/span><\/p>\n<p style=\"text-align: left\"><span style=\"color: #003300\">\u00c8 possibile iscriversi come uditori, partecipando o meno alla parte laboratoriale del secondo semestre, che per\u00f2 \u00e8 vivamente raccomandata: il confronto con la prassi aiuta a dare concretezza a quanto approfondito teoreticamente e a verificare se e come le comunit\u00e0 locali diano corpo a questa dimensione della vita ecclesiale.<\/span><\/p>\n<hr \/>\n<p style=\"text-align: right\"><span style=\"color: #003366\">COMUNICATO STAMPA 31\/2017<\/span><\/p>\n<p style=\"text-align: right\"><span style=\"color: #003366\">Padova, 8 giugno 2017<\/span><\/p>\n<p><span style=\"color: #003366\"><strong>\u00a0<\/strong><\/span><\/p>\n<p><span style=\"color: #003366\"><strong>I GIOVANI, LA FEDE, LA TEOLOGIA<\/strong><\/span><\/p>\n<p><span style=\"color: #003366\"><strong>IL SINODO INTERPELLA GLI STUDENTI DELLA FACOLT\u00c0 TEOLOGICA DEL TRIVENETO<\/strong><\/span><\/p>\n<p><span style=\"color: #003366\"><strong>\u00a0<\/strong><\/span><\/p>\n<p><span style=\"color: #003366\"><em>Nel nuovo numero della <\/em>News Letter <em>\u00e8 pubblicato un ampio approfondimento, frutto dell\u2019ascolto degli studenti della Facolt\u00e0, su <strong>ci\u00f2 che i giovani cercano per la propria vita, chiedono alla chiesa, si attendono dal percorso di studi teologici<\/strong>. Alcuni docenti intervengono sul <strong>modo di comunicare della teologia<\/strong>, sull\u2019<strong>azione pastorale e la formazione spirituale verso giovani (iper)connessi<\/strong>.<\/em><\/span><\/p>\n<p>&nbsp;<\/p>\n<p>&nbsp;<\/p>\n<p><span style=\"color: #003366\"><em>Quali sono le domande che orientano la vostra vita? Che cosa chiedete alla chiesa? Che cosa vi aspettate dallo studio della teologia? Come dovrebbe essere integrato, negli studi teologici, il cambiamento culturale determinato dallo sviluppo del mondo digitale? La proposta formativa della Facolt\u00e0 \u00e8 in grado di parlare alla vostra vita?<\/em><\/span><\/p>\n<p><span style=\"color: #003366\">Sono <strong>cinque<\/strong> le <strong>domande<\/strong> che la Facolt\u00e0 teologica del Triveneto ha rivolto ai propri studenti delle diverse sedi, in sintonia con le altre componenti della chiesa che hanno accolto l\u2019invito a mettersi in ascolto del mondo giovanile in vista del Sinodo dei vescovi del 2018, che avr\u00e0 per tema: <em>I giovani, la fede e il discernimento vocazionale<\/em>.<\/span><\/p>\n<p><span style=\"color: #003366\">Le risposte \u2013 arrivate da <strong>Padova<\/strong>, <strong>Verona<\/strong>, <strong>Vicenza<\/strong>, <strong>Pordenone<\/strong>, <strong>Treviso<\/strong> e <strong>Vittorio Veneto<\/strong> \u2013 hanno restituito un campione significativo dei pensieri, dei desideri e delle attese dei giovani che frequentano i percorsi di studio di Teologia e di Scienze religiose negli Istituti in rete. La sintesi di quanto raccolto \u00e8 pubblicata nel <strong>nuovo numero della <em>News Letter<\/em> della Facolt\u00e0<\/strong>, scaricabile dal sito <a style=\"color: #003366\" href=\"http:\/\/www.fttr.it\">www.fttr.it<\/a> (link diretto: <a style=\"color: #003366\" href=\"http:\/\/www.fttr.it\/wp-content\/uploads\/2011\/03\/NL_17_giugno_2017.pdf\">http:\/\/www.fttr.it\/wp-content\/uploads\/2011\/03\/NL_17_giugno_2017.pdf<\/a>).<\/span><\/p>\n<p>&nbsp;<\/p>\n<p><span style=\"color: #003366\"><strong>LE DOMANDE.<\/strong> Il senso della vita, il perch\u00e9 delle cose, la relazione con Dio e la responsabilit\u00e0 verso i fratelli sono le questioni profonde che animano questi giovani. Emerge forte la <strong>domanda di identit\u00e0 e di significato<\/strong> da dare alla propria vita in un cammino di crescita e di fede, con lo sguardo rivolto a se stessi e allo stesso tempo proiettato fuori di s\u00e9, alla ricerca di vivere relazioni autentiche, di capire che cosa significa amare veramente. \u00abSiamo costantemente <strong>minati da domande e provocazioni<\/strong> che chiedono di sapere chi siamo e dove andiamo \u2013 affermano \u2013 e non possiamo farci trovare impreparati, vagare senza <strong>punti di riferimento<\/strong> essenziali per la nostra vita\u00bb.<\/span><\/p>\n<p>&nbsp;<\/p>\n<p><span style=\"color: #003366\"><strong>LA CHIESA. <\/strong>Alla chiesa i giovani chiedono innanzitutto di <strong>essere conosciuti<\/strong>: \u00abnon siamo persone da riempire con mille proposte \u2013 spiegano \u2013 ma persone che hanno bisogno di essere ascoltate, accolte nei nostri dubbi e nelle nostre contraddizioni\u00bb. Alla chiesa chiedono anche <strong>coerenza<\/strong> con il messaggio evangelico, e <strong>trasparenza<\/strong> viene invocata anche rispetto alle questioni gravi della pedofilia e, in genere, nell\u2019ambito dell\u2019affettivit\u00e0\/sessualit\u00e0.<\/span><\/p>\n<p><span style=\"color: #003366\">Nella chiesa i giovani vorrebbero avere un ruolo come laici, un impegno di corresponsbailt\u00e0 nelle parrocchie, <strong>un lavoro<\/strong> che valorizzi le competenze maturate e che sia <strong>retribuito<\/strong>, perch\u00e9 non si pu\u00f2 non fare i conti con la concretezza del vivere.<\/span><\/p>\n<p>&nbsp;<\/p>\n<p><span style=\"color: #003366\"><strong>LA TEOLOGIA. <\/strong>Lo studio della teologia appare \u00abun\u2019occasione, forse unica, per <strong>guardare all\u2019uomo da un punto di vista nuovo<\/strong>\u00bb, perch\u00e9 offre \u00abuna fonte di conoscenze, di strumenti e modalit\u00e0 di comprensione, di ragionamento e di argomentazione che aprono a una maggiore consapevolezza e responsabilit\u00e0 nei confronti di s\u00e9 stessi, di quanti ci circondano, dell\u2019intero creato\u00bb.<\/span><\/p>\n<p><span style=\"color: #003366\">Sono chiare \u2013 e alte \u2013 anche le spettative sui <strong>docenti<\/strong>, che sanno parlare alle vite degli studenti nella misura in cui si fanno modello degli alti valori che professano, e mirano, oltre che a trasmettere nozioni e concetti, soprattutto a favorire la crescita vera, sostanziale, delle persone.<\/span><\/p>\n<p><span style=\"color: #003366\">Alla <strong>teologia<\/strong> i giovani chiedono di non preoccuparsi di speculazioni intellettualistiche, ma di <strong>calarsi nel proprio tempo<\/strong>, di inserirsi <strong>nei contesti di vita reale<\/strong> delle persone, di non avere paura di utilizzare le potenzialit\u00e0 tecnologiche attuali, ma piuttosto di <strong>fare proprio il linguaggio digitale<\/strong> e di trovare nei <em>social<\/em> dei buoni alleati alla diffusione delle informazioni teologiche. Se la maggior parte dei giovani si sente integrata nel mondo digitale, divenuto ormai ambiente di vita, al tempo stesso c\u2019\u00e8 per\u00f2 il desiderio di mantenere su di esso \u00abuno <strong>sguardo positivamente critico, per non tradire la nostra identit\u00e0 di cristiani<\/strong>\u00bb.<\/span><\/p>\n<p><span style=\"color: #003366\">Infine, la teologia non \u00e8 percepita come un percorso di studio soltanto per credenti, ma anche \u00abper <strong>persone atee<\/strong> che vivono in una societ\u00e0 che, in qualsiasi parte del mondo, pullula di religiosit\u00e0: come non essere interessati a ci\u00f2 che ci circonda e al suo fondamento?\u00bb.<\/span><\/p>\n<p>&nbsp;<\/p>\n<p><span style=\"color: #003366\"><strong>GIOVANI (IPER)CONNESSI: OPPORTUNIT\u00c0 E SFIDE. <\/strong>Nella <em>News Letter<\/em> \u00e8 riportata anche una seconda parte di questo percorso di avvicinamento al Sinodo, con <strong>tre interviste a docenti della Facolt\u00e0 <\/strong>che approfondiscono alcuni passaggi del Documento preparatorio al Sinodo, selezionati come i pi\u00f9 significativi in relazione all\u2019indagine fatta tra gli studenti.<\/span><\/p>\n<p><span style=\"color: #003366\">In particolare, ci si \u00e8 soffermati sul punto che evidenzia come <strong>il mondo dei <em>new media<\/em> <\/strong>sia ormai divenuto \u00abun luogo di vita\u00bb per le giovani generazioni, mentre \u00abla comunit\u00e0 cristiana sta ancora costruendo la propria presenza in questo nuovo areopago, dove i giovani hanno certamente qualcosa da insegnarle\u00bb. Questo passaggio ha stimolato a interrogare i professori su alcuni aspetti particolari legati a un mondo giovanile \u201ciperconnesso\u201d: <strong>i linguaggi e la comunicazione della teologia<\/strong> (<strong><em>Andrea Vaona<\/em><\/strong>, docente di Storia della chiesa nella sede di Padova), <strong>l\u2019azione pastorale<\/strong> (<strong><em>Giovanni Giuffrida<\/em><\/strong>, docente di Teologia pastorale all\u2019Ita e Issr di Treviso-Vittorio Veneto), la <strong>dimensione spirituale<\/strong> (<strong><em>Antonio Bertazzo<\/em><\/strong>, docente di Psicologia delle relazioni e comunicazione della fede nella sede Facolt\u00e0).<\/span><\/p>\n<p>&nbsp;<\/p>\n<p><span style=\"color: #003366\"><strong>In allegato la <em>News Letter.<\/em> <\/strong><\/span><\/p>\n<p>&nbsp;<\/p>\n","protected":false},"excerpt":{"rendered":"<p>La Facolt\u00e0 teologica del Triveneto ha scelto di dedicare un seminario-laboratorio interdisciplinare del ciclo di licenza al tema: Scelte di vita e vocazione. Accompagnare nel discernimento il cammino dei giovani\u00a0(indirizzo di teologia pastorale) In allegato il prospetto dettagliato del seminario, che si svolger\u00e0 il marted\u00ec pomeriggio, dalle 14.15 alle 16.35 nel primo semestre, dalle 14.15 [&hellip;]<\/p>\n","protected":false},"author":0,"featured_media":1603,"comment_status":"closed","ping_status":"closed","sticky":false,"template":"","format":"standard","meta":{"_acf_changed":false,"ip_address":"","user_agent":"","level":"","revision":"","cookie_id":"","page_referer":"","html_form":"","footnotes":""},"categories":[1],"tags":[],"class_list":["post-1620","post","type-post","status-publish","format-standard","has-post-thumbnail","hentry","category-news"],"acf":[],"_links":{"self":[{"href":"https:\/\/www.patriarcatovenezia.it\/pastorale-giovanile\/wp-json\/wp\/v2\/posts\/1620"}],"collection":[{"href":"https:\/\/www.patriarcatovenezia.it\/pastorale-giovanile\/wp-json\/wp\/v2\/posts"}],"about":[{"href":"https:\/\/www.patriarcatovenezia.it\/pastorale-giovanile\/wp-json\/wp\/v2\/types\/post"}],"author":[{"embeddable":true,"href":"https:\/\/www.patriarcatovenezia.it\/pastorale-giovanile\/wp-json\/wp\/v2\/users\/10"}],"replies":[{"embeddable":true,"href":"https:\/\/www.patriarcatovenezia.it\/pastorale-giovanile\/wp-json\/wp\/v2\/comments?post=1620"}],"version-history":[{"count":2,"href":"https:\/\/www.patriarcatovenezia.it\/pastorale-giovanile\/wp-json\/wp\/v2\/posts\/1620\/revisions"}],"predecessor-version":[{"id":1625,"href":"https:\/\/www.patriarcatovenezia.it\/pastorale-giovanile\/wp-json\/wp\/v2\/posts\/1620\/revisions\/1625"}],"wp:featuredmedia":[{"embeddable":true,"href":"https:\/\/www.patriarcatovenezia.it\/pastorale-giovanile\/wp-json\/wp\/v2\/media\/1603"}],"wp:attachment":[{"href":"https:\/\/www.patriarcatovenezia.it\/pastorale-giovanile\/wp-json\/wp\/v2\/media?parent=1620"}],"wp:term":[{"taxonomy":"category","embeddable":true,"href":"https:\/\/www.patriarcatovenezia.it\/pastorale-giovanile\/wp-json\/wp\/v2\/categories?post=1620"},{"taxonomy":"post_tag","embeddable":true,"href":"https:\/\/www.patriarcatovenezia.it\/pastorale-giovanile\/wp-json\/wp\/v2\/tags?post=1620"}],"curies":[{"name":"wp","href":"https:\/\/api.w.org\/{rel}","templated":true}]}}