{"id":1589,"date":"2017-05-29T15:13:05","date_gmt":"2017-05-29T13:13:05","guid":{"rendered":"https:\/\/venezia.webdiocesi.it\/pastorale-giovanile\/?p=1589"},"modified":"2017-05-29T15:13:05","modified_gmt":"2017-05-29T13:13:05","slug":"bagnasco-cari-giovani-la-chiesa-vi-vuole-bene","status":"publish","type":"post","link":"https:\/\/www.patriarcatovenezia.it\/pastorale-giovanile\/2017\/05\/29\/bagnasco-cari-giovani-la-chiesa-vi-vuole-bene\/","title":{"rendered":"Bagnasco: cari giovani la Chiesa vi vuole bene"},"content":{"rendered":"<hr \/>\n<p>Il Card. Bagnasco, al termine del proprio mandato alla guida della CEI, consegna ai Vescovi alcune priorit\u00e0: la missione della Chiesa, la famiglia, i poveri e i sofferenti, i sacerdoti e i &#8216;cari giovani&#8217;.<br \/>\nQuesta Assemblea Generale dei Vescovi\u00a0ha infatti messo al centro dei lavori il prossimo Sinodo dei Giovani tracciando un percorso che \u00e8 gi\u00e0 cominciato e che ha\u00a0l&#8217;importante compito di guardare le pratiche pastorali gi\u00e0 presenti nelle ralt\u00e0 giovanili ecclesiali per capire cosa manca e di\u00a0cosa i giovani hanno bisogno.<br \/>\n&#8220;Adulti e giovani &#8211; ha detto\u00a0il cardinale &#8211;\u00a0hanno bisogno gli uni degli altri. Si tratta di favorire un ponte tra generazioni, che \u2013 ci diceva ancora Papa Francesco \u2013 congiunga soprattutto anziani e ragazzi, a beneficio di entrambi. \u00c8 stata significativa anche la consegna a non lasciare gli Oratori, ma a viverli con una presenza che sappia ascoltare, motivare e coinvolgere i giovani, rendendoli protagonisti di iniziative fatte insieme&#8221;.<\/p>\n<p>Poi, rivolgendosi direttamente ai &#8216;cari giovani&#8217;: &#8220;vogliamo dire una parola da Pastori e \u2013 se volete \u2013 da amici. La vostra \u00e8 l\u2019et\u00e0\u00a0 degli slanci e dei sogni; nel vostro ardore pieno di energie, siete protesi verso un futuro carico di speranze, spesso ancora indeterminate ma attraenti; avete la forza dell\u2019ardimento, l\u2019immaginazione creativa, il coraggio e la voglia di osare, di scoprire strade nuove.<br \/>\nNoi \u2013 come gli Apostoli, dei quali siamo successori \u2013 non abbiamo n\u00e9 oro n\u00e9 argento, ma abbiamo il tesoro che vale pi\u00f9 di ogni cosa: si chiama Ges\u00f9. Voi ne avete sentito parlare, forse gi\u00e0 lo conoscete, ma \u2013 vi preghiamo, in forza dell\u2019amore che vi portiamo \u2013 lasciatelo sempre pi\u00f9 entrare nella vostra vita. Egli, con discrezione divina, bussa alla porta del vostro cuore: fategli posto ed egli si metter\u00e0 a tavola nel convito dell\u2019amicizia e dell\u2019amore. Insieme con lui, voi \u2013 impazienti amanti della vita \u2013 ne troverete la via e scoprirete la verit\u00e0 di chi siete, la bellezza della vostra anima, il destino del vostro andare terreno. Diventerete cos\u00ec portatori della luce, messaggeri di speranza in un mondo attraversato dall\u2019angoscia. A nostra volta, come vorremmo non deludervi mai! Sappiate che, se a volte \u2013 in forza del mandato di Cristo \u2013 diciamo dei \u201cno\u201d, essi sono sempre il risvolto di grandiosi \u201cs\u00ec\u201d alla bellezza sublime che il vostro cuore cerca e all\u2019eroismo che affascina&#8221;.<br \/>\nE per concludere: &#8220;Molte volte abbiamo sollecitato la politica e la societ\u00e0 civile perch\u00e9 abbiano una pi\u00f9 giusta e concreta attenzione verso di voi: l\u2019educazione integrale, l\u2019accesso al lavoro, l\u2019ascolto della vostra et\u00e0, leggi che abbiano a cuore il futuro della societ\u00e0 \u2013 un futuro che siete anzitutto voi stessi \u2013\u2026 Tutto questo e altro ancora ci sta a cuore. \u00c8 voce, la nostra, che resta spesso inascoltata, proprio come quella dei profeti di un tempo, ma noi continueremo a parlare. Ricordate: la Chiesa vi \u00e8 vicina e vi vuole bene, vuole il vostro bene e sul suo volto \u2013 nonostante i peccati di noi uomini \u2013fiammeggia il volto del Signore&#8221;.<\/p>\n","protected":false},"excerpt":{"rendered":"<p>Il Card. Bagnasco, al termine del proprio mandato alla guida della CEI, consegna ai Vescovi alcune priorit\u00e0: la missione della Chiesa, la famiglia, i poveri e i sofferenti, i sacerdoti e i &#8216;cari giovani&#8217;. Questa Assemblea Generale dei Vescovi\u00a0ha infatti messo al centro dei lavori il prossimo Sinodo dei Giovani tracciando un percorso che \u00e8 [&hellip;]<\/p>\n","protected":false},"author":0,"featured_media":1590,"comment_status":"closed","ping_status":"closed","sticky":false,"template":"","format":"standard","meta":{"_acf_changed":false,"ip_address":"","user_agent":"","level":"","revision":"","cookie_id":"","page_referer":"","html_form":"","footnotes":""},"categories":[1],"tags":[],"class_list":["post-1589","post","type-post","status-publish","format-standard","has-post-thumbnail","hentry","category-news"],"acf":[],"_links":{"self":[{"href":"https:\/\/www.patriarcatovenezia.it\/pastorale-giovanile\/wp-json\/wp\/v2\/posts\/1589"}],"collection":[{"href":"https:\/\/www.patriarcatovenezia.it\/pastorale-giovanile\/wp-json\/wp\/v2\/posts"}],"about":[{"href":"https:\/\/www.patriarcatovenezia.it\/pastorale-giovanile\/wp-json\/wp\/v2\/types\/post"}],"author":[{"embeddable":true,"href":"https:\/\/www.patriarcatovenezia.it\/pastorale-giovanile\/wp-json\/wp\/v2\/users\/10"}],"replies":[{"embeddable":true,"href":"https:\/\/www.patriarcatovenezia.it\/pastorale-giovanile\/wp-json\/wp\/v2\/comments?post=1589"}],"version-history":[{"count":1,"href":"https:\/\/www.patriarcatovenezia.it\/pastorale-giovanile\/wp-json\/wp\/v2\/posts\/1589\/revisions"}],"predecessor-version":[{"id":1591,"href":"https:\/\/www.patriarcatovenezia.it\/pastorale-giovanile\/wp-json\/wp\/v2\/posts\/1589\/revisions\/1591"}],"wp:featuredmedia":[{"embeddable":true,"href":"https:\/\/www.patriarcatovenezia.it\/pastorale-giovanile\/wp-json\/wp\/v2\/media\/1590"}],"wp:attachment":[{"href":"https:\/\/www.patriarcatovenezia.it\/pastorale-giovanile\/wp-json\/wp\/v2\/media?parent=1589"}],"wp:term":[{"taxonomy":"category","embeddable":true,"href":"https:\/\/www.patriarcatovenezia.it\/pastorale-giovanile\/wp-json\/wp\/v2\/categories?post=1589"},{"taxonomy":"post_tag","embeddable":true,"href":"https:\/\/www.patriarcatovenezia.it\/pastorale-giovanile\/wp-json\/wp\/v2\/tags?post=1589"}],"curies":[{"name":"wp","href":"https:\/\/api.w.org\/{rel}","templated":true}]}}