{"id":1578,"date":"2017-05-29T14:50:58","date_gmt":"2017-05-29T12:50:58","guid":{"rendered":"https:\/\/venezia.webdiocesi.it\/pastorale-giovanile\/?p=1578"},"modified":"2017-05-29T14:52:08","modified_gmt":"2017-05-29T12:52:08","slug":"1578","status":"publish","type":"post","link":"https:\/\/www.patriarcatovenezia.it\/pastorale-giovanile\/2017\/05\/29\/1578\/","title":{"rendered":"Lettera ai partecipanti al 5\u00b0 Appuntamento mondiale dei Giovani della Pace"},"content":{"rendered":"<hr \/>\n<p style=\"text-align: left\"><strong><img loading=\"lazy\" decoding=\"async\" class=\"wp-image-1579 alignleft\" src=\"https:\/\/venezia.webdiocesi.it\/pastorale-giovanile\/wp-content\/uploads\/sites\/6\/2017\/05\/33824036233_2d8c5c358d_b.jpg\" alt=\"\" width=\"411\" height=\"274\" \/><\/strong>Cari amici,<br \/>\nho ancora nella mente, nel cuore e negli occhi le immagini, i volti, le parole e le emozioni che abbiamo vissuto insieme a Padova, sabato 13 maggio, in occasione del 5\u00b0 Appuntamento Mondiale &#8220;Giovani della Pace&#8221;. Per tutti noi \u00e8 stata una giornata indimenticabile, un&#8217;occasione vera di cambiamento. Ho visto una piazza piena all&#8217;inverosimile. A tratti era difficile vederne la fine. Eravate in tantissimi, ma \u00e8 come se mi fossi sentito cuore a cuore con ognuno di voi. Mi avete commosso nel profondo.<\/p>\n<p style=\"text-align: left\"><strong>Mi hanno commosso i vostri sogni,<\/strong> i vostri impegni di bene, ma soprattutto la vostra capacit\u00e0 di ascoltare. Vi ho visto in silenzio di fronte a una mamma a cui la mafia ha ucciso il marito e padre del suo bambino di quattro mesi. Una mamma che oggi non odia nessuno, ma invita solo ad amare.<br \/>\nVi ho visto colpiti di fronte a una ragazza, viva per miracolo dopo aver assunto mezza pasticca di ecstasy. Una giovane donna che oggi dice: \u201cIo ho avuto una seconda possibilit\u00e0, ma quando vi drogate non tutti possono averla\u201d.<br \/>\nVi ho visto emozionati e disponibili ad accogliere lo straniero, dopo aver ascoltato un giovane uomo della Somalia diventato oggi un cittadino italiano come voi.<img loading=\"lazy\" decoding=\"async\" class=\"alignleft size-full wp-image-1580\" src=\"https:\/\/venezia.webdiocesi.it\/pastorale-giovanile\/wp-content\/uploads\/sites\/6\/2017\/05\/33790857734_df654eb3cc_b-e1496062088570.jpg\" alt=\"\" width=\"700\" height=\"467\" \/><\/p>\n<p><strong>Vi ho visto pieni di speranza<\/strong> di fronte a un ventenne come voi che ama pazzamente la vita, nonostante una malattia genetica gravissima.<br \/>\nCi siamo detti insieme che l&#8217;odio non ci fermer\u00e0 e che siamo disponibili a ripartire dall&#8217;amore. Un amore concreto, un amore che non \u00e8 mai un sorriso, una parola, un sentimento, ma un fatto di giustizia, di speranza. Questi fatti li ho visti nei centinaia di punti di pace che avete portato in piazza, nel vostro s\u00ec agli impegni della &#8220;Carta dei Giovani&#8221; che se diventeranno vita, daranno inizio a una rivoluzione di bene che nemmeno immaginate. L\u00ec dove siete: a scuola, sul lavoro, in famiglia, nella societ\u00e0.<\/p>\n<p><strong><img loading=\"lazy\" decoding=\"async\" class=\"size-full wp-image-1579 alignright\" src=\"https:\/\/venezia.webdiocesi.it\/pastorale-giovanile\/wp-content\/uploads\/sites\/6\/2017\/05\/33824036233_2d8c5c358d_b-e1496062128547.jpg\" alt=\"\" width=\"700\" height=\"467\" \/>Come vi ho detto in piazza,<\/strong> vedo gi\u00e0 tantissimi di voi pronti ad entrare in politica ma solo per servire. A diventare sacerdoti, imam, rabbini per essere semplicemente di Dio, economisti per costruire la giustizia, imprenditori per creare lavoro. A sposarsi per costruire famiglie aperte ai pi\u00f9 poveri e credibili. Non \u00e8 utopia: \u00e8 possibile! Possiamo davvero cambiare il mondo. Non siete superuomini, so bene che dentro di voi ci sono anche fatiche e dubbi come in tutti, ma il domani sar\u00e0 di chi amer\u00e0 di pi\u00f9, di chi non avr\u00e0 paura della propria debolezza, una debolezza da avvolgere di amore, di speranza, di fiducia per poter cambiare veramente le cose. I vostri volti, il vostro entusiasmo, la vostra gioia serena mi hanno ricordato la frase che mi disse tanti anni fa fr\u00e9re Roger di Taiz\u00e9: \u201cBasta un pugno di giovani per cambiare il corso della storia di una citt\u00e0, di un paese, del mondo intero\u201d. Io ci ho creduto allora e continuo a crederci. E siamo in tanti!<\/p>\n<p><strong><img loading=\"lazy\" decoding=\"async\" class=\"alignleft size-full wp-image-1582\" src=\"https:\/\/venezia.webdiocesi.it\/pastorale-giovanile\/wp-content\/uploads\/sites\/6\/2017\/05\/33821824693_f80e95ec0e_b.jpg\" alt=\"\" width=\"1024\" height=\"683\" srcset=\"https:\/\/www.patriarcatovenezia.it\/pastorale-giovanile\/wp-content\/uploads\/sites\/6\/2017\/05\/33821824693_f80e95ec0e_b.jpg 1024w, https:\/\/www.patriarcatovenezia.it\/pastorale-giovanile\/wp-content\/uploads\/sites\/6\/2017\/05\/33821824693_f80e95ec0e_b-300x200.jpg 300w, https:\/\/www.patriarcatovenezia.it\/pastorale-giovanile\/wp-content\/uploads\/sites\/6\/2017\/05\/33821824693_f80e95ec0e_b-768x512.jpg 768w, https:\/\/www.patriarcatovenezia.it\/pastorale-giovanile\/wp-content\/uploads\/sites\/6\/2017\/05\/33821824693_f80e95ec0e_b-360x240.jpg 360w\" sizes=\"(max-width: 1024px) 100vw, 1024px\" \/>Ringrazio insieme a voi soprattutto il nostro Presidente della Repubblica<\/strong>, Sergio Mattarella, che ha seguito passo, passo il cammino che ci ha portato a Padova e ha voluto essere presente con un videomessaggio che ci porteremo sempre nel cuore. Grazie a lui, grazie a tutte le persone che hanno reso possibile questa giornata, a chi ha restituito tempo, risorse, capacit\u00e0. Un movimento di bene e di gratuit\u00e0 che si alimenta grazie al contributo di tutti. Anche per questo vi chiedo di non dimenticarci. Sappiate che gli Arsenali da oggi sono ancora di pi\u00f9 la vostra casa, il posto in cui tornare. E casa significa cura, sicurezza, ma anche responsabilit\u00e0.<\/p>\n<p><strong>Spero che ognuno di voi,<\/strong> nella misura possibile, senta questa sollecitudine, la responsabilit\u00e0 di poter contribuire nella forma che desidera a tenere viva un&#8217;avventura che non sento mia, ma di Dio.<br \/>\nCari amici, Padova non \u00e8 stato l&#8217;evento di una giornata, ma la tappa di un cammino. L&#8217;Appuntamento Mondiale adesso continua nelle vostre realt\u00e0. Voi potete cambiare il vostro pezzo di mondo! Anche io ci provo ogni giorno insieme ai miei amici. Vi voglio bene! E questo bene \u00e8 per sempre.<\/p>\n<p>Torino, 18 maggio 2017<\/p>\n<p>&nbsp;<\/p>\n<p><em>Ernesto Olivero<\/em><\/p>\n<p>&nbsp;<\/p>\n<p style=\"text-align: left\"><em><a href=\"http:\/\/www.sermig.org\/images\/stories\/PDF\/LETTERA-AI-GIOVANI.pdf\" target=\"_blank\">versione pdf\u00a0<\/a><\/em><\/p>\n<p>&nbsp;<\/p>\n<p><img loading=\"lazy\" decoding=\"async\" class=\"size-full wp-image-1581 aligncenter\" src=\"https:\/\/venezia.webdiocesi.it\/pastorale-giovanile\/wp-content\/uploads\/sites\/6\/2017\/05\/33818204023_8247d31c8b_b.jpg\" alt=\"\" width=\"350\" height=\"500\" srcset=\"https:\/\/www.patriarcatovenezia.it\/pastorale-giovanile\/wp-content\/uploads\/sites\/6\/2017\/05\/33818204023_8247d31c8b_b.jpg 350w, https:\/\/www.patriarcatovenezia.it\/pastorale-giovanile\/wp-content\/uploads\/sites\/6\/2017\/05\/33818204023_8247d31c8b_b-210x300.jpg 210w, https:\/\/www.patriarcatovenezia.it\/pastorale-giovanile\/wp-content\/uploads\/sites\/6\/2017\/05\/33818204023_8247d31c8b_b-196x280.jpg 196w\" sizes=\"(max-width: 350px) 100vw, 350px\" \/><\/p>\n<hr \/>\n<p><a href=\"http:\/\/www.sermig.org\/it\/mondiale-dei-giovani\">Foto, video e altro<\/a><\/p>\n<p>&nbsp;<\/p>\n","protected":false},"excerpt":{"rendered":"<p>Cari amici, ho ancora nella mente, nel cuore e negli occhi le immagini, i volti, le parole e le emozioni che abbiamo vissuto insieme a Padova, sabato 13 maggio, in occasione del 5\u00b0 Appuntamento Mondiale &#8220;Giovani della Pace&#8221;. Per tutti noi \u00e8 stata una giornata indimenticabile, un&#8217;occasione vera di cambiamento. Ho visto una piazza piena [&hellip;]<\/p>\n","protected":false},"author":0,"featured_media":1583,"comment_status":"closed","ping_status":"closed","sticky":false,"template":"","format":"standard","meta":{"_acf_changed":false,"ip_address":"","user_agent":"","level":"","revision":"","cookie_id":"","page_referer":"","html_form":"","footnotes":""},"categories":[88],"tags":[],"class_list":["post-1578","post","type-post","status-publish","format-standard","has-post-thumbnail","hentry","category-attivita"],"acf":[],"_links":{"self":[{"href":"https:\/\/www.patriarcatovenezia.it\/pastorale-giovanile\/wp-json\/wp\/v2\/posts\/1578"}],"collection":[{"href":"https:\/\/www.patriarcatovenezia.it\/pastorale-giovanile\/wp-json\/wp\/v2\/posts"}],"about":[{"href":"https:\/\/www.patriarcatovenezia.it\/pastorale-giovanile\/wp-json\/wp\/v2\/types\/post"}],"author":[{"embeddable":true,"href":"https:\/\/www.patriarcatovenezia.it\/pastorale-giovanile\/wp-json\/wp\/v2\/users\/10"}],"replies":[{"embeddable":true,"href":"https:\/\/www.patriarcatovenezia.it\/pastorale-giovanile\/wp-json\/wp\/v2\/comments?post=1578"}],"version-history":[{"count":3,"href":"https:\/\/www.patriarcatovenezia.it\/pastorale-giovanile\/wp-json\/wp\/v2\/posts\/1578\/revisions"}],"predecessor-version":[{"id":1588,"href":"https:\/\/www.patriarcatovenezia.it\/pastorale-giovanile\/wp-json\/wp\/v2\/posts\/1578\/revisions\/1588"}],"wp:featuredmedia":[{"embeddable":true,"href":"https:\/\/www.patriarcatovenezia.it\/pastorale-giovanile\/wp-json\/wp\/v2\/media\/1583"}],"wp:attachment":[{"href":"https:\/\/www.patriarcatovenezia.it\/pastorale-giovanile\/wp-json\/wp\/v2\/media?parent=1578"}],"wp:term":[{"taxonomy":"category","embeddable":true,"href":"https:\/\/www.patriarcatovenezia.it\/pastorale-giovanile\/wp-json\/wp\/v2\/categories?post=1578"},{"taxonomy":"post_tag","embeddable":true,"href":"https:\/\/www.patriarcatovenezia.it\/pastorale-giovanile\/wp-json\/wp\/v2\/tags?post=1578"}],"curies":[{"name":"wp","href":"https:\/\/api.w.org\/{rel}","templated":true}]}}