{"id":1549,"date":"2017-05-18T15:45:25","date_gmt":"2017-05-18T13:45:25","guid":{"rendered":"https:\/\/venezia.webdiocesi.it\/pastorale-giovanile\/?p=1549"},"modified":"2017-05-18T15:45:25","modified_gmt":"2017-05-18T13:45:25","slug":"jmj-panama-il-logo-ufficiale","status":"publish","type":"post","link":"https:\/\/www.patriarcatovenezia.it\/pastorale-giovanile\/2017\/05\/18\/jmj-panama-il-logo-ufficiale\/","title":{"rendered":"JMJ Panama: il logo ufficiale"},"content":{"rendered":"<p>Un <b>cuore stilizzato<\/b>, una parte del quale forma la lettera \u201cM\u201d. E poi il\u00a0<b><\/b>Canale di<b> Panama<\/b>, che simboleggia il cammino del pellegrino che scopre in Maria il tramite per incontrarsi con Ges\u00f9; l\u2019istmo stilizzato, emblema della terra panamense; sulla sinistra la croce pellegrina; a destra, la silhouette della Vergine, accompagnata da cinque punti bianchi, come segni della corona di Maria, ma anche dei pellegrini provenienti dai cinque continenti. Infine, i colori della bandiera del Paese organizzatore. \u00c8 questo il<b> logo<\/b> della <b>Gmg<\/b> <b>2019<\/b>, che si terr\u00e0 a <b>Panama<\/b> dal <b>22 al 27 gennaio 2019<\/b>.<\/p>\n<p>La vincitrice del concorso \u00e8 Ambar Calvo, ventenne studentessa di architettura all&#8217;Universit\u00e0 di Panama. Il logo \u00e8 stato scelto tra 103 proposte inviate al Comitato esecutivo per la Gmg e al Dicastero vaticano per i laici, la famiglia e la vita. Ieri la presentazione, nel corso delle celebrazioni che hanno accolto l\u2019arrivo a Panama<b> <\/b>della Croce pellegrina del Gmg.<\/p>\n<p>L\u2019arcivescovo di Panama, monsignor Jos\u00e9 Domingo Ulloa Mendieta, ha detto di sentirsi emozionato per il talento dimostrato dai giovani panamensi e in particolare da Ambar, \u00abche \u00e8 riuscita a captare il messaggio che desideriamo inviare ai giovani del mondo, le ridotte dimensioni del nostro Paese ma anche la grandezza del nostro cuore, aperto a tutti e tutte senza alcuna esclusione, per mano della Vergine Maria, una giovane coraggiosa, impegnata e generosa, che ha saputo dire S\u00ec di fronte alla chiamata di Dio\u00bb. \u00abI giovani sono la riserva morale e umana delle nostre societ\u00e0 e della stessa Chiesa \u2013 ha aggiunto -, sono capaci di trasformarlo completamente e positivamente, rischiando come fece l\u2019adolescente Maria di Nazaret, se solo siamo capaci di insegnare loro ad amare come Ges\u00f9 ci ha amato\u00bb.<\/p>\n<p>La giovane vincitrice ha spiegato di aver voluto mostrare attraverso il logo<b> <\/b>\u00abla tenerezza e l\u2019affidamento di Maria\u00bb nel momento in cui dice \u00abSia fatta la tua volont\u00e0\u00bb.<\/p>\n<p style=\"text-align: right\">[fonte: Avvenire 15\/05\/2017]<\/p>\n<p><img loading=\"lazy\" decoding=\"async\" class=\"size-full wp-image-1552 aligncenter\" src=\"https:\/\/venezia.webdiocesi.it\/pastorale-giovanile\/wp-content\/uploads\/sites\/6\/2017\/05\/logo-jmj-panamc3a1-2019-1.jpg\" alt=\"\" width=\"350\" height=\"314\" srcset=\"https:\/\/www.patriarcatovenezia.it\/pastorale-giovanile\/wp-content\/uploads\/sites\/6\/2017\/05\/logo-jmj-panamc3a1-2019-1.jpg 350w, https:\/\/www.patriarcatovenezia.it\/pastorale-giovanile\/wp-content\/uploads\/sites\/6\/2017\/05\/logo-jmj-panamc3a1-2019-1-300x269.jpg 300w, https:\/\/www.patriarcatovenezia.it\/pastorale-giovanile\/wp-content\/uploads\/sites\/6\/2017\/05\/logo-jmj-panamc3a1-2019-1-312x280.jpg 312w\" sizes=\"(max-width: 350px) 100vw, 350px\" \/> <img loading=\"lazy\" decoding=\"async\" class=\"size-full wp-image-1553 aligncenter\" src=\"https:\/\/venezia.webdiocesi.it\/pastorale-giovanile\/wp-content\/uploads\/sites\/6\/2017\/05\/logo-jmj-panamc3a1-2019-2.jpg\" alt=\"\" width=\"262\" height=\"294\" srcset=\"https:\/\/www.patriarcatovenezia.it\/pastorale-giovanile\/wp-content\/uploads\/sites\/6\/2017\/05\/logo-jmj-panamc3a1-2019-2.jpg 262w, https:\/\/www.patriarcatovenezia.it\/pastorale-giovanile\/wp-content\/uploads\/sites\/6\/2017\/05\/logo-jmj-panamc3a1-2019-2-250x280.jpg 250w\" sizes=\"(max-width: 262px) 100vw, 262px\" \/> <img loading=\"lazy\" decoding=\"async\" class=\"size-full wp-image-1554 aligncenter\" src=\"https:\/\/venezia.webdiocesi.it\/pastorale-giovanile\/wp-content\/uploads\/sites\/6\/2017\/05\/logo-jmj-panamc3a1-2019-3.jpg\" alt=\"\" width=\"264\" height=\"294\" srcset=\"https:\/\/www.patriarcatovenezia.it\/pastorale-giovanile\/wp-content\/uploads\/sites\/6\/2017\/05\/logo-jmj-panamc3a1-2019-3.jpg 264w, https:\/\/www.patriarcatovenezia.it\/pastorale-giovanile\/wp-content\/uploads\/sites\/6\/2017\/05\/logo-jmj-panamc3a1-2019-3-251x280.jpg 251w\" sizes=\"(max-width: 264px) 100vw, 264px\" \/> <img loading=\"lazy\" decoding=\"async\" class=\"size-full wp-image-1555 aligncenter\" src=\"https:\/\/venezia.webdiocesi.it\/pastorale-giovanile\/wp-content\/uploads\/sites\/6\/2017\/05\/logo-jmj-panamc3a1-2019-4.jpg\" alt=\"\" width=\"210\" height=\"237\" \/> <img loading=\"lazy\" decoding=\"async\" class=\"size-full wp-image-1556 aligncenter\" src=\"https:\/\/venezia.webdiocesi.it\/pastorale-giovanile\/wp-content\/uploads\/sites\/6\/2017\/05\/logo-jmj-panamc3a1-2019-5.jpg\" alt=\"\" width=\"195\" height=\"294\" srcset=\"https:\/\/www.patriarcatovenezia.it\/pastorale-giovanile\/wp-content\/uploads\/sites\/6\/2017\/05\/logo-jmj-panamc3a1-2019-5.jpg 195w, https:\/\/www.patriarcatovenezia.it\/pastorale-giovanile\/wp-content\/uploads\/sites\/6\/2017\/05\/logo-jmj-panamc3a1-2019-5-186x280.jpg 186w\" sizes=\"(max-width: 195px) 100vw, 195px\" \/> <img loading=\"lazy\" decoding=\"async\" class=\"size-full wp-image-1557 aligncenter\" src=\"https:\/\/venezia.webdiocesi.it\/pastorale-giovanile\/wp-content\/uploads\/sites\/6\/2017\/05\/logo-jmj-panamc3a1-2019-6.jpg\" alt=\"\" width=\"209\" height=\"238\" \/> <img loading=\"lazy\" decoding=\"async\" class=\"size-full wp-image-1558 aligncenter\" src=\"https:\/\/venezia.webdiocesi.it\/pastorale-giovanile\/wp-content\/uploads\/sites\/6\/2017\/05\/logo-jmj-panamc3a1-2019-7.jpg\" alt=\"\" width=\"500\" height=\"431\" srcset=\"https:\/\/www.patriarcatovenezia.it\/pastorale-giovanile\/wp-content\/uploads\/sites\/6\/2017\/05\/logo-jmj-panamc3a1-2019-7.jpg 500w, https:\/\/www.patriarcatovenezia.it\/pastorale-giovanile\/wp-content\/uploads\/sites\/6\/2017\/05\/logo-jmj-panamc3a1-2019-7-300x259.jpg 300w, https:\/\/www.patriarcatovenezia.it\/pastorale-giovanile\/wp-content\/uploads\/sites\/6\/2017\/05\/logo-jmj-panamc3a1-2019-7-325x280.jpg 325w\" sizes=\"(max-width: 500px) 100vw, 500px\" \/><\/p>\n","protected":false},"excerpt":{"rendered":"<p>Un cuore stilizzato, una parte del quale forma la lettera \u201cM\u201d. E poi il\u00a0Canale di Panama, che simboleggia il cammino del pellegrino che scopre in Maria il tramite per incontrarsi con Ges\u00f9; l\u2019istmo stilizzato, emblema della terra panamense; sulla sinistra la croce pellegrina; a destra, la silhouette della Vergine, accompagnata da cinque punti bianchi, come [&hellip;]<\/p>\n","protected":false},"author":0,"featured_media":1551,"comment_status":"closed","ping_status":"closed","sticky":false,"template":"","format":"standard","meta":{"_acf_changed":false,"ip_address":"","user_agent":"","level":"","revision":"","cookie_id":"","page_referer":"","html_form":"","footnotes":""},"categories":[106],"tags":[],"class_list":["post-1549","post","type-post","status-publish","format-standard","has-post-thumbnail","hentry","category-gmg"],"acf":[],"_links":{"self":[{"href":"https:\/\/www.patriarcatovenezia.it\/pastorale-giovanile\/wp-json\/wp\/v2\/posts\/1549"}],"collection":[{"href":"https:\/\/www.patriarcatovenezia.it\/pastorale-giovanile\/wp-json\/wp\/v2\/posts"}],"about":[{"href":"https:\/\/www.patriarcatovenezia.it\/pastorale-giovanile\/wp-json\/wp\/v2\/types\/post"}],"author":[{"embeddable":true,"href":"https:\/\/www.patriarcatovenezia.it\/pastorale-giovanile\/wp-json\/wp\/v2\/users\/10"}],"replies":[{"embeddable":true,"href":"https:\/\/www.patriarcatovenezia.it\/pastorale-giovanile\/wp-json\/wp\/v2\/comments?post=1549"}],"version-history":[{"count":1,"href":"https:\/\/www.patriarcatovenezia.it\/pastorale-giovanile\/wp-json\/wp\/v2\/posts\/1549\/revisions"}],"predecessor-version":[{"id":1559,"href":"https:\/\/www.patriarcatovenezia.it\/pastorale-giovanile\/wp-json\/wp\/v2\/posts\/1549\/revisions\/1559"}],"wp:featuredmedia":[{"embeddable":true,"href":"https:\/\/www.patriarcatovenezia.it\/pastorale-giovanile\/wp-json\/wp\/v2\/media\/1551"}],"wp:attachment":[{"href":"https:\/\/www.patriarcatovenezia.it\/pastorale-giovanile\/wp-json\/wp\/v2\/media?parent=1549"}],"wp:term":[{"taxonomy":"category","embeddable":true,"href":"https:\/\/www.patriarcatovenezia.it\/pastorale-giovanile\/wp-json\/wp\/v2\/categories?post=1549"},{"taxonomy":"post_tag","embeddable":true,"href":"https:\/\/www.patriarcatovenezia.it\/pastorale-giovanile\/wp-json\/wp\/v2\/tags?post=1549"}],"curies":[{"name":"wp","href":"https:\/\/api.w.org\/{rel}","templated":true}]}}