{"id":1464,"date":"2017-04-24T11:23:47","date_gmt":"2017-04-24T09:23:47","guid":{"rendered":"https:\/\/venezia.webdiocesi.it\/pastorale-giovanile\/?p=1464"},"modified":"2017-04-24T11:33:44","modified_gmt":"2017-04-24T09:33:44","slug":"0904-consulta-pgve","status":"publish","type":"post","link":"https:\/\/www.patriarcatovenezia.it\/pastorale-giovanile\/2017\/04\/24\/0904-consulta-pgve\/","title":{"rendered":"09\/04 Consulta PGVE"},"content":{"rendered":"<p><strong>Marted\u00ec\u00a0<\/strong><strong>9 maggio<\/strong> alle ore <strong>19.30<\/strong>\u00a0presso il\u00a0<strong>Centro Urbani di Zelarino<\/strong>\u00a0si terr\u00e0 la prossima\u00a0<strong>CONSULTA DELLA PASTORALE GIOVANILE DIOCESANA.<\/strong><\/p>\n<p>Questo sar\u00e0 l&#8217;ordine del giorno:<\/p>\n<ul>\n<li>il Sinodo 2018 <em>I giovani, la fede e il discernimento vocazionale<\/em>: le tappe di preparazione al Sinodo e la vostra necessaria collaborazione in riferimento alle realt\u00e0 locali e associative di appartenenza<\/li>\n<li>verifica delle attivit\u00e0 dell&#8217;anno in corso<\/li>\n<li>prossimi appuntamenti anno pastorale 2017-2018<\/li>\n<\/ul>\n<p>Vista l&#8217;attualit\u00e0 del primo punto e l&#8217;opportunit\u00e0 che le informazioni sul Sinodo raggiungano il pi\u00f9 possibile tutte le realt\u00e0 della diocesi che si occupano dei giovani, chiediamo a tutti i referenti (zone, movimenti, associazioni, ecc.) di fare il possibile per essere presenti o di mandare almeno qualcuno in vostra sostituzione, nel caso proprio non poteste venire.<\/p>\n<p>Alleghiamo il testo del documento preparatorio del Sinodo, contenente un questionario che la diocesi \u00e8 chiamata a compilare con il vostro aiuto e che poi sar\u00e0 inviato alla CEI in vista del Sinodo. Dateci un&#8217;occhiata, poi all&#8217;incontro riceverete ogni spiegazione.<\/p>\n","protected":false},"excerpt":{"rendered":"<p>Marted\u00ec\u00a09 maggio alle ore 19.30\u00a0presso il\u00a0Centro Urbani di Zelarino\u00a0si terr\u00e0 la prossima\u00a0CONSULTA DELLA PASTORALE GIOVANILE DIOCESANA. Questo sar\u00e0 l&#8217;ordine del giorno: il Sinodo 2018 I giovani, la fede e il discernimento vocazionale: le tappe di preparazione al Sinodo e la vostra necessaria collaborazione in riferimento alle realt\u00e0 locali e associative di appartenenza verifica delle attivit\u00e0 [&hellip;]<\/p>\n","protected":false},"author":0,"featured_media":1423,"comment_status":"closed","ping_status":"closed","sticky":false,"template":"","format":"standard","meta":{"_acf_changed":false,"ip_address":"","user_agent":"","level":"","revision":"","cookie_id":"","page_referer":"","html_form":"","footnotes":""},"categories":[304,311],"tags":[],"class_list":["post-1464","post","type-post","status-publish","format-standard","has-post-thumbnail","hentry","category-equipe-e-consulta","category-pgve"],"acf":[],"_links":{"self":[{"href":"https:\/\/www.patriarcatovenezia.it\/pastorale-giovanile\/wp-json\/wp\/v2\/posts\/1464"}],"collection":[{"href":"https:\/\/www.patriarcatovenezia.it\/pastorale-giovanile\/wp-json\/wp\/v2\/posts"}],"about":[{"href":"https:\/\/www.patriarcatovenezia.it\/pastorale-giovanile\/wp-json\/wp\/v2\/types\/post"}],"author":[{"embeddable":true,"href":"https:\/\/www.patriarcatovenezia.it\/pastorale-giovanile\/wp-json\/wp\/v2\/users\/10"}],"replies":[{"embeddable":true,"href":"https:\/\/www.patriarcatovenezia.it\/pastorale-giovanile\/wp-json\/wp\/v2\/comments?post=1464"}],"version-history":[{"count":4,"href":"https:\/\/www.patriarcatovenezia.it\/pastorale-giovanile\/wp-json\/wp\/v2\/posts\/1464\/revisions"}],"predecessor-version":[{"id":1471,"href":"https:\/\/www.patriarcatovenezia.it\/pastorale-giovanile\/wp-json\/wp\/v2\/posts\/1464\/revisions\/1471"}],"wp:featuredmedia":[{"embeddable":true,"href":"https:\/\/www.patriarcatovenezia.it\/pastorale-giovanile\/wp-json\/wp\/v2\/media\/1423"}],"wp:attachment":[{"href":"https:\/\/www.patriarcatovenezia.it\/pastorale-giovanile\/wp-json\/wp\/v2\/media?parent=1464"}],"wp:term":[{"taxonomy":"category","embeddable":true,"href":"https:\/\/www.patriarcatovenezia.it\/pastorale-giovanile\/wp-json\/wp\/v2\/categories?post=1464"},{"taxonomy":"post_tag","embeddable":true,"href":"https:\/\/www.patriarcatovenezia.it\/pastorale-giovanile\/wp-json\/wp\/v2\/tags?post=1464"}],"curies":[{"name":"wp","href":"https:\/\/api.w.org\/{rel}","templated":true}]}}