{"id":1445,"date":"2017-04-19T15:28:55","date_gmt":"2017-04-19T13:28:55","guid":{"rendered":"https:\/\/venezia.webdiocesi.it\/pastorale-giovanile\/?p=1445"},"modified":"2017-04-19T15:28:55","modified_gmt":"2017-04-19T13:28:55","slug":"2304-cena-dei-popoli-a-zelarino","status":"publish","type":"post","link":"https:\/\/www.patriarcatovenezia.it\/pastorale-giovanile\/2017\/04\/19\/2304-cena-dei-popoli-a-zelarino\/","title":{"rendered":"23\/04 Cena dei popoli a Zelarino"},"content":{"rendered":"<h4>Un altra Cena dei popoli\u00a0lungo il cammino verso il Mondiale dei giovani della pace del prossimo 13 maggio a Padova.<\/h4>\n<h4>E non una &#8220;semplice&#8221; cena!\u00a0Piuttosto un&#8217;occasione speciale per\u00a0parlare di distribuzione delle risorse, di povert\u00e0 e ricchezza, di sobriet\u00e0, solidariet\u00e0 e pregiudizi. Non ci credete?\u00a0Partecipate anche voi, sar\u00e0 un ristoro soprattutto per gli occhi e il cuore \ud83d\ude09<\/h4>\n","protected":false},"excerpt":{"rendered":"<p>Un altra Cena dei popoli\u00a0lungo il cammino verso il Mondiale dei giovani della pace del prossimo 13 maggio a Padova. E non una &#8220;semplice&#8221; cena!\u00a0Piuttosto un&#8217;occasione speciale per\u00a0parlare di distribuzione delle risorse, di povert\u00e0 e ricchezza, di sobriet\u00e0, solidariet\u00e0 e pregiudizi. Non ci credete?\u00a0Partecipate anche voi, sar\u00e0 un ristoro soprattutto per gli occhi e il [&hellip;]<\/p>\n","protected":false},"author":0,"featured_media":1446,"comment_status":"closed","ping_status":"closed","sticky":false,"template":"","format":"standard","meta":{"_acf_changed":false,"ip_address":"","user_agent":"","level":"","revision":"","cookie_id":"","page_referer":"","html_form":"","footnotes":""},"categories":[306,1],"tags":[],"class_list":["post-1445","post","type-post","status-publish","format-standard","has-post-thumbnail","hentry","category-adolescenti","category-news"],"acf":[],"_links":{"self":[{"href":"https:\/\/www.patriarcatovenezia.it\/pastorale-giovanile\/wp-json\/wp\/v2\/posts\/1445"}],"collection":[{"href":"https:\/\/www.patriarcatovenezia.it\/pastorale-giovanile\/wp-json\/wp\/v2\/posts"}],"about":[{"href":"https:\/\/www.patriarcatovenezia.it\/pastorale-giovanile\/wp-json\/wp\/v2\/types\/post"}],"author":[{"embeddable":true,"href":"https:\/\/www.patriarcatovenezia.it\/pastorale-giovanile\/wp-json\/wp\/v2\/users\/10"}],"replies":[{"embeddable":true,"href":"https:\/\/www.patriarcatovenezia.it\/pastorale-giovanile\/wp-json\/wp\/v2\/comments?post=1445"}],"version-history":[{"count":1,"href":"https:\/\/www.patriarcatovenezia.it\/pastorale-giovanile\/wp-json\/wp\/v2\/posts\/1445\/revisions"}],"predecessor-version":[{"id":1447,"href":"https:\/\/www.patriarcatovenezia.it\/pastorale-giovanile\/wp-json\/wp\/v2\/posts\/1445\/revisions\/1447"}],"wp:featuredmedia":[{"embeddable":true,"href":"https:\/\/www.patriarcatovenezia.it\/pastorale-giovanile\/wp-json\/wp\/v2\/media\/1446"}],"wp:attachment":[{"href":"https:\/\/www.patriarcatovenezia.it\/pastorale-giovanile\/wp-json\/wp\/v2\/media?parent=1445"}],"wp:term":[{"taxonomy":"category","embeddable":true,"href":"https:\/\/www.patriarcatovenezia.it\/pastorale-giovanile\/wp-json\/wp\/v2\/categories?post=1445"},{"taxonomy":"post_tag","embeddable":true,"href":"https:\/\/www.patriarcatovenezia.it\/pastorale-giovanile\/wp-json\/wp\/v2\/tags?post=1445"}],"curies":[{"name":"wp","href":"https:\/\/api.w.org\/{rel}","templated":true}]}}