{"id":1375,"date":"2017-03-21T08:49:07","date_gmt":"2017-03-21T07:49:07","guid":{"rendered":"https:\/\/venezia.webdiocesi.it\/pastorale-giovanile\/?p=1375"},"modified":"2017-03-21T08:49:07","modified_gmt":"2017-03-21T07:49:07","slug":"diario-quasi-segreto-di-un-prof","status":"publish","type":"post","link":"https:\/\/www.patriarcatovenezia.it\/pastorale-giovanile\/2017\/03\/21\/diario-quasi-segreto-di-un-prof\/","title":{"rendered":"Diario (quasi segreto) di un prof."},"content":{"rendered":"<p>Un prof. Un sogno. Una scatola bianca. Gli studenti, la passione educativa, un diario personale, tanto divertimento. Questi, se ben dosati come in una pozione, possono essere gli ingredienti per fare di un anno scolastico un tempo speciale, persino magico e creativo.<br \/>\nNel pentolone si mescolano sapientemente la vita del prof. e quella degli studenti, il desiderio di far toccare il cielo con un dito attraverso l&#8217;affezione allo studio e la fatica quotidiana dello stare sui libri, la consapevolezza di svolgere una delle professioni pi\u00f9 belle al mondo e la difficolt\u00e0 di entrare nel vissuto degli adolescenti. Il tutto con pi\u00f9 di un pizzico di Letteratura di ieri e di oggi insieme a una goccia di cinematografia. Prefazione di Diego Fusaro.<\/p>\n<p><strong>Marco Pappalardo<\/strong>, trentasette anni, Salesiano Cooperatore di Catania. Gi\u00e0 membro della Consulta per la Pastorale Giovanile della CEI e dell&#8217;Ufficio per le Comunicazioni Sociali dell&#8217;Arcidiocesi di Catania. Pubblicista: collaboratore di <em>Avvenire<\/em>, del mensile <em>Mondo Erre<\/em>, del settimanale <em>Prospettive<\/em>, di emittenti televisive e radiofoniche siciliane, di siti web di rilevanza nazionale per adolescenti, giovani e educatori. Docente di Lettere presso il liceo &#8220;Don Bosco&#8221;, collabora con il corso di laurea in Scienze della Comunicazione di Catania. Ha pubblicato diversi libri: per Effat\u00e0: nel 2006 <em>Sono Messaggi Speciali<\/em>, nel 2007 la biografia di San Giuseppe da Copertino, nel 2008 <em>La pedagogia del <\/em><em>quotidiano<\/em>; nel 2011 <em>La vostra forza \u00e8 pi\u00f9 grande della pioggia. Pensieri commentati di Benedetto XVI<\/em>; per la Libreria Editrice Vaticana: nel 2009 <em>Quaresima e Pasqua con i Padri della Chiesa <\/em>e <em>Avvento e Natale con i Padri della Chiesa<\/em>, nel 2010 <em>Pensieri mariani dei Padri della Chiesa<\/em>; per Elledici: nel 2009 la <em>Via crucis con i Santi Salesiani<\/em>, nel 2010 <em>FaceGod: una vita &#8220;taggata&#8221; da Dio. Sussidio di animazione per adolescenti<\/em>, nel 2012 <em>FaceGod 2: ragazzi &#8220;quotati&#8221; da <\/em><em>Dio<\/em>. I libri pubblicati con l&#8217;Editrice Vaticana sono stati tradotti in diverse lingue e pubblicati in undici Paesi. Nel 2013 ha pubblicato, con le Edizioni San Paolo, <em>Nelle &#8220;Terre dell&#8217;educazione&#8221;. Non si educa bene che col cuore<\/em>.<\/p>\n<p>1\u00aa edizione febbraio 2017<br \/>\nEdizioni San Paolo &#8211; Collana LE VELE<br \/>\nNumero pagine 216<br \/>\nCDU 82L 324<br \/>\nISBN\/EAN 9788821599675<\/p>\n","protected":false},"excerpt":{"rendered":"<p>Un prof. Un sogno. Una scatola bianca. Gli studenti, la passione educativa, un diario personale, tanto divertimento. Questi, se ben dosati come in una pozione, possono essere gli ingredienti per fare di un anno scolastico un tempo speciale, persino magico e creativo. Nel pentolone si mescolano sapientemente la vita del prof. e quella degli studenti, [&hellip;]<\/p>\n","protected":false},"author":0,"featured_media":1376,"comment_status":"closed","ping_status":"closed","sticky":false,"template":"","format":"standard","meta":{"_acf_changed":false,"ip_address":"","user_agent":"","level":"","revision":"","cookie_id":"","page_referer":"","html_form":"","footnotes":""},"categories":[306,1],"tags":[],"class_list":["post-1375","post","type-post","status-publish","format-standard","has-post-thumbnail","hentry","category-adolescenti","category-news"],"acf":[],"_links":{"self":[{"href":"https:\/\/www.patriarcatovenezia.it\/pastorale-giovanile\/wp-json\/wp\/v2\/posts\/1375"}],"collection":[{"href":"https:\/\/www.patriarcatovenezia.it\/pastorale-giovanile\/wp-json\/wp\/v2\/posts"}],"about":[{"href":"https:\/\/www.patriarcatovenezia.it\/pastorale-giovanile\/wp-json\/wp\/v2\/types\/post"}],"author":[{"embeddable":true,"href":"https:\/\/www.patriarcatovenezia.it\/pastorale-giovanile\/wp-json\/wp\/v2\/users\/10"}],"replies":[{"embeddable":true,"href":"https:\/\/www.patriarcatovenezia.it\/pastorale-giovanile\/wp-json\/wp\/v2\/comments?post=1375"}],"version-history":[{"count":1,"href":"https:\/\/www.patriarcatovenezia.it\/pastorale-giovanile\/wp-json\/wp\/v2\/posts\/1375\/revisions"}],"predecessor-version":[{"id":1377,"href":"https:\/\/www.patriarcatovenezia.it\/pastorale-giovanile\/wp-json\/wp\/v2\/posts\/1375\/revisions\/1377"}],"wp:featuredmedia":[{"embeddable":true,"href":"https:\/\/www.patriarcatovenezia.it\/pastorale-giovanile\/wp-json\/wp\/v2\/media\/1376"}],"wp:attachment":[{"href":"https:\/\/www.patriarcatovenezia.it\/pastorale-giovanile\/wp-json\/wp\/v2\/media?parent=1375"}],"wp:term":[{"taxonomy":"category","embeddable":true,"href":"https:\/\/www.patriarcatovenezia.it\/pastorale-giovanile\/wp-json\/wp\/v2\/categories?post=1375"},{"taxonomy":"post_tag","embeddable":true,"href":"https:\/\/www.patriarcatovenezia.it\/pastorale-giovanile\/wp-json\/wp\/v2\/tags?post=1375"}],"curies":[{"name":"wp","href":"https:\/\/api.w.org\/{rel}","templated":true}]}}