{"id":1289,"date":"2017-02-14T12:06:13","date_gmt":"2017-02-14T11:06:13","guid":{"rendered":"https:\/\/venezia.webdiocesi.it\/pastorale-giovanile\/?p=1289"},"modified":"2017-02-14T12:06:13","modified_gmt":"2017-02-14T11:06:13","slug":"1103-the-sun-a-bassano","status":"publish","type":"post","link":"https:\/\/www.patriarcatovenezia.it\/pastorale-giovanile\/2017\/02\/14\/1103-the-sun-a-bassano\/","title":{"rendered":"11\/03 The Sun a Bassano"},"content":{"rendered":"<div>La Sezione Triveneta dell&#8217;U.N.I.T.A.L.S.I., presenta: <strong>&#8220;Insieme a Te&#8221;, The Sun in concerto<\/strong>. Non potete mancare!<\/div>\n<div>\u00c8 un&#8217;occasione per la nostra associazione di farsi conoscere in tutta la sua essenza e bellezza e per riscoprire, ancora una volta la gioia di essere famiglia e farci prossimo &#8230; in maniera irriverente!<\/div>\n<div>&#8220;Cantare \u00e8 pi\u00f9 che ricordare, pi\u00f9 che vivere, pi\u00f9 che sognare&#8221; &#8230; \u00c8 testimoniare!<\/div>\n<div>Quindi vi aspettiamo s<strong>abato 11 marzo, alle\u00a0ore 20.30, al\u00a0Palabassano 2, Via C\u00e0 Dolfin 27, Bassano del Grappa (VI).<\/strong><\/div>\n<div><strong>Il costo del biglietto \u00e8 di\u00a0\u20ac 10,00<\/strong>, e sono in vendita tramite due agenzie nazionali,\u00a0<a href=\"http:\/\/www.vivaticket.it\/ita\/event\/the-sun-insieme-a-te\/94089\">Vivaticket<\/a>\u00a0e\u00a0<a href=\"http:\/\/www.iconamusic.it\/evento.php?id=287\">iCona<\/a>\u00a0e tramite\u00a0numerosi punti vendita adibiti, che trovate entrando nelle pagine\u00a0 delle agenzie che vi abbiamo indicato. Si potr\u00e0 inoltre acquistare i biglietti anche il giorno del concerto nei punti predisposti (la priorit\u00e0 per l&#8217;accesso sar\u00e0 comunque riservata alle prevendite). \u00c8 previsto posto unico in piedi per il parterre, mentre i posti a sedere sono fino ad esaurimento.<\/div>\n<div>Sono previsti anche\u00a0posti riservati per disabili:\u00a0per qualsiasi informazione potete contattare direttamente la segreteria (tel:\u00a00424 503859, fax:\u00a00424 500558, email:\u00a0<a href=\"mailto:segreteria@unitalsitriveneta.it\">segreteria@unitalsitriveneta.it<\/a>).<\/div>\n<div>In questo concerto saranno previsti anche dei\u00a0#punti di ristoro, e inoltre sar\u00e0 possibile acquistare anche la\u00a0#maglietta ufficiale\u00a0del concerto (le magliette sono gi\u00e0 in vendita presso la sede dell&#8217;U.N.I.T.A.L.S.I. Triveneto e si possono acquistare telefonando al numero\u00a00424 503859).<\/div>\n<div><\/div>\n<div>Tutte le informazioni sul concerto le potete trovare anche nella pagina dell&#8217;<a href=\"https:\/\/www.facebook.com\/events\/1778356362490467\/\">evento ufficiale Facebook<\/a>.<\/div>\n<div><\/div>\n<div><strong>La Commissione Giovani<\/strong><\/div>\n<div><strong>U.N.I.T.A.L.S.I. TRIVENETA<\/strong><\/div>\n<div>via Marco Sasso, 1<\/div>\n<div>36061 Bassano del Grappa (VI)<\/div>\n<div><a href=\"mailto:giovani@unitalsitriveneta.it\">giovani@unitalsitriveneta.it<\/a><\/div>\n","protected":false},"excerpt":{"rendered":"<p>La Sezione Triveneta dell&#8217;U.N.I.T.A.L.S.I., presenta: &#8220;Insieme a Te&#8221;, The Sun in concerto. Non potete mancare! \u00c8 un&#8217;occasione per la nostra associazione di farsi conoscere in tutta la sua essenza e bellezza e per riscoprire, ancora una volta la gioia di essere famiglia e farci prossimo &#8230; in maniera irriverente! &#8220;Cantare \u00e8 pi\u00f9 che ricordare, pi\u00f9 [&hellip;]<\/p>\n","protected":false},"author":0,"featured_media":1290,"comment_status":"closed","ping_status":"closed","sticky":false,"template":"","format":"standard","meta":{"_acf_changed":false,"ip_address":"","user_agent":"","level":"","revision":"","cookie_id":"","page_referer":"","html_form":"","footnotes":""},"categories":[88,1],"tags":[],"class_list":["post-1289","post","type-post","status-publish","format-standard","has-post-thumbnail","hentry","category-attivita","category-news"],"acf":[],"_links":{"self":[{"href":"https:\/\/www.patriarcatovenezia.it\/pastorale-giovanile\/wp-json\/wp\/v2\/posts\/1289"}],"collection":[{"href":"https:\/\/www.patriarcatovenezia.it\/pastorale-giovanile\/wp-json\/wp\/v2\/posts"}],"about":[{"href":"https:\/\/www.patriarcatovenezia.it\/pastorale-giovanile\/wp-json\/wp\/v2\/types\/post"}],"author":[{"embeddable":true,"href":"https:\/\/www.patriarcatovenezia.it\/pastorale-giovanile\/wp-json\/wp\/v2\/users\/10"}],"replies":[{"embeddable":true,"href":"https:\/\/www.patriarcatovenezia.it\/pastorale-giovanile\/wp-json\/wp\/v2\/comments?post=1289"}],"version-history":[{"count":1,"href":"https:\/\/www.patriarcatovenezia.it\/pastorale-giovanile\/wp-json\/wp\/v2\/posts\/1289\/revisions"}],"predecessor-version":[{"id":1294,"href":"https:\/\/www.patriarcatovenezia.it\/pastorale-giovanile\/wp-json\/wp\/v2\/posts\/1289\/revisions\/1294"}],"wp:featuredmedia":[{"embeddable":true,"href":"https:\/\/www.patriarcatovenezia.it\/pastorale-giovanile\/wp-json\/wp\/v2\/media\/1290"}],"wp:attachment":[{"href":"https:\/\/www.patriarcatovenezia.it\/pastorale-giovanile\/wp-json\/wp\/v2\/media?parent=1289"}],"wp:term":[{"taxonomy":"category","embeddable":true,"href":"https:\/\/www.patriarcatovenezia.it\/pastorale-giovanile\/wp-json\/wp\/v2\/categories?post=1289"},{"taxonomy":"post_tag","embeddable":true,"href":"https:\/\/www.patriarcatovenezia.it\/pastorale-giovanile\/wp-json\/wp\/v2\/tags?post=1289"}],"curies":[{"name":"wp","href":"https:\/\/api.w.org\/{rel}","templated":true}]}}