{"id":1230,"date":"2017-01-11T14:10:08","date_gmt":"2017-01-11T13:10:08","guid":{"rendered":"https:\/\/venezia.webdiocesi.it\/pastorale-giovanile\/?p=1230"},"modified":"2017-01-11T14:10:08","modified_gmt":"2017-01-11T13:10:08","slug":"frarifuori-2017","status":"publish","type":"post","link":"https:\/\/www.patriarcatovenezia.it\/pastorale-giovanile\/2017\/01\/11\/frarifuori-2017\/","title":{"rendered":"FrariFuori 2017"},"content":{"rendered":"<p style=\"text-align: justify\">Dal 14 al 28 gennaio si rinnova il tradizionale appuntamento veneziano con <span style=\"color: #008000\"><strong>FrariFuori<\/strong><\/span>, rassegna di musica, danza, cinema, teatro e incontri che giunge quest&#8217;anno alla <strong>15ma<\/strong><b>\u00a0edizione<\/b>. <b>FrariFuori 2017<\/b>, lasciandosi ispirare dal discorso di<b> Papa Francesco<\/b> a Cracovia, in occasione della Giornata mondiale della giovent\u00f9, quando chiese agli oltre 2 milioni di giovani radunati: <b>&#8220;Siete capaci di sognare?&#8221;<\/b>, ha deciso di legare insieme i propri eventi con il sottile fil rouge dei &#8220;Sogni&#8221;. \u00abTutti abbiamo un sogno, tutti siamo in cerca di un sogno da realizzare, vogliamo che i sogni pi\u00f9 belli diventino realt\u00e0.<\/p>\n<p style=\"text-align: justify\">FrariFuori vuole raccontare e condividere questi sogni, attraverso la musica, la danza, il cinema, il teatro, ascoltando i sogni dei ragazzi e, con l&#8217;aiuto di esperti, aiutando i genitori a interpretarli\u00bb.<br \/>\nNella ferma convinzione del potere dell&#8217;aggregazione e della socialit\u00e0, <b>FrariFuori<\/b> presenta un fitto programma di appuntamenti dedicati alla cittadinanza tutta, che \u00e8 invitata a partecipare e ad appendere i propri sogni all&#8217;<b>Albero dei Sogni<\/b>, perch\u00e9 se condiviso con gli altri anche il sogno pi\u00f9 ardito pu\u00f2 realizzarsi!<\/p>\n<p style=\"text-align: left\"><span style=\"color: #008000\"><strong>Appuntamenti in Teatro<\/strong><\/span><br \/>\n<span style=\"color: #008000\"><strong>RASSEGNA DI EVENTI PER PICCOLI E GRANDI<\/strong><\/span><br \/>\n<span style=\"color: #008000\"><strong>MUSICA DANZA CINEMA TEATRO INCONTRI SPETTACOLI<\/strong><\/span><br \/>\n<strong>Patronato dei Frari &#8211; Venezia<\/strong><br \/>\n<strong>Calle drio l\u2019Archivio, 2464\/Q Venezia &#8211; T. 041 710487<\/strong><br \/>\n<strong>patronatofrari@tiscali.it<br \/>\n<img loading=\"lazy\" decoding=\"async\" class=\"wp-image-1234 alignleft\" src=\"https:\/\/venezia.webdiocesi.it\/pastorale-giovanile\/wp-content\/uploads\/sites\/6\/2017\/01\/facebook.png\" alt=\"facebook\" width=\"32\" height=\"32\" \/><\/strong><\/p>\n<p style=\"text-align: left\"><strong>patronatodeifrari<\/strong><\/p>\n<p>Tutti gli eventi sono presenti nella pagina <a class=\"moz-txt-link-abbreviated\" href=\"http:\/\/www.facebook.com\/frarifuori\" target=\"_blank\" rel=\"noreferrer\">www.facebook.com\/frarifuori<\/a><\/p>\n<p>&nbsp;<\/p>\n","protected":false},"excerpt":{"rendered":"<p>Dal 14 al 28 gennaio si rinnova il tradizionale appuntamento veneziano con FrariFuori, rassegna di musica, danza, cinema, teatro e incontri che giunge quest&#8217;anno alla 15ma\u00a0edizione. FrariFuori 2017, lasciandosi ispirare dal discorso di Papa Francesco a Cracovia, in occasione della Giornata mondiale della giovent\u00f9, quando chiese agli oltre 2 milioni di giovani radunati: &#8220;Siete capaci [&hellip;]<\/p>\n","protected":false},"author":0,"featured_media":1233,"comment_status":"closed","ping_status":"closed","sticky":false,"template":"","format":"standard","meta":{"_acf_changed":false,"ip_address":"","user_agent":"","level":"","revision":"","cookie_id":"","page_referer":"","html_form":"","footnotes":""},"categories":[306,88,307,1],"tags":[],"class_list":["post-1230","post","type-post","status-publish","format-standard","has-post-thumbnail","hentry","category-adolescenti","category-attivita","category-giovani","category-news"],"acf":[],"_links":{"self":[{"href":"https:\/\/www.patriarcatovenezia.it\/pastorale-giovanile\/wp-json\/wp\/v2\/posts\/1230"}],"collection":[{"href":"https:\/\/www.patriarcatovenezia.it\/pastorale-giovanile\/wp-json\/wp\/v2\/posts"}],"about":[{"href":"https:\/\/www.patriarcatovenezia.it\/pastorale-giovanile\/wp-json\/wp\/v2\/types\/post"}],"author":[{"embeddable":true,"href":"https:\/\/www.patriarcatovenezia.it\/pastorale-giovanile\/wp-json\/wp\/v2\/users\/10"}],"replies":[{"embeddable":true,"href":"https:\/\/www.patriarcatovenezia.it\/pastorale-giovanile\/wp-json\/wp\/v2\/comments?post=1230"}],"version-history":[{"count":2,"href":"https:\/\/www.patriarcatovenezia.it\/pastorale-giovanile\/wp-json\/wp\/v2\/posts\/1230\/revisions"}],"predecessor-version":[{"id":1236,"href":"https:\/\/www.patriarcatovenezia.it\/pastorale-giovanile\/wp-json\/wp\/v2\/posts\/1230\/revisions\/1236"}],"wp:featuredmedia":[{"embeddable":true,"href":"https:\/\/www.patriarcatovenezia.it\/pastorale-giovanile\/wp-json\/wp\/v2\/media\/1233"}],"wp:attachment":[{"href":"https:\/\/www.patriarcatovenezia.it\/pastorale-giovanile\/wp-json\/wp\/v2\/media?parent=1230"}],"wp:term":[{"taxonomy":"category","embeddable":true,"href":"https:\/\/www.patriarcatovenezia.it\/pastorale-giovanile\/wp-json\/wp\/v2\/categories?post=1230"},{"taxonomy":"post_tag","embeddable":true,"href":"https:\/\/www.patriarcatovenezia.it\/pastorale-giovanile\/wp-json\/wp\/v2\/tags?post=1230"}],"curies":[{"name":"wp","href":"https:\/\/api.w.org\/{rel}","templated":true}]}}