{"id":1198,"date":"2017-01-17T09:12:08","date_gmt":"2017-01-17T08:12:08","guid":{"rendered":"https:\/\/venezia.webdiocesi.it\/pastorale-giovanile\/?p=1198"},"modified":"2017-02-14T12:09:46","modified_gmt":"2017-02-14T11:09:46","slug":"xv-convegno-nazionale-pg","status":"publish","type":"post","link":"https:\/\/www.patriarcatovenezia.it\/pastorale-giovanile\/2017\/01\/17\/xv-convegno-nazionale-pg\/","title":{"rendered":"Verso il XV Convegno nazionale PG"},"content":{"rendered":"<p style=\"text-align: justify\">Il <strong>XV convegno nazionale <\/strong>di Pastorale Giovanile si svolger\u00e0 a <strong>Bologna<\/strong> dal <strong>20 al 23 febbraio 2017<\/strong>\u00a0e avr\u00e0 come tema <strong>&#8216;<em>La cura e l&#8217;attesa<\/em>. Il buon educatore e la comunit\u00e0 cristiana&#8217;.<\/strong><br \/>\nObiettivo del convegno \u00e8 capire il ruolo centrale della<strong> figura dell&#8217;educatore <\/strong>che non si &#8216;auto genera&#8217;, ma si costruisce attraverso un sistema educativo integrato a pi\u00f9 voci. Far l&#8217;animatore ed essere educatori sono due momenti diversi, un passaggio che non deve essere sottovalutato.\u00a0A breve, verr\u00e0 distribuito\u00a0il programma definitivo.<\/p>\n<p style=\"text-align: justify\">Il convegno ha ottenuto <strong><a href=\"http:\/\/www.chiesacattolica.it\/cci_new_v3\/allegati\/86224\/ESONERO_MIUR.AOODGPER.REGISTRO_UFFICIALE(U).0040184.20-12-20161.pdf\">l&#8217;esonero del MIUR <\/a><\/strong>per tutto il personale docente <span style=\"color: #000000\">(nota protocollo 0040184 del 20.12.2016).<\/span><\/p>\n<hr \/>\n<p style=\"text-align: justify\"><a href=\"http:\/\/www.chiesacattolica.it\/giovani\/siti_di_uffici_e_servizi\/servizio_nazionale_per_la_pastorale_giovanile\/00087534_Verso_il_convegno__1___la_gratuita_dell_educare.html\" target=\"_blank\" rel=\"noreferrer\">Verso il convegno (1): la gratuit\u00e0 dell&#8217;educare<\/a><\/p>\n<p style=\"text-align: justify\"><a href=\"http:\/\/www.chiesacattolica.it\/pls\/cci_new_v3\/V3_S2EW_CONSULTAZIONE.mostra_pagina?id_pagina=87654&amp;rifi=guest&amp;rifp=guest\" target=\"_blank\" rel=\"noreferrer\">Verso il convegno (2): l&#8217;educatore espressione della comunit\u00e0<\/a><\/p>\n<p style=\"text-align: justify\"><a href=\"http:\/\/www.chiesacattolica.it\/pls\/cci_new_v3\/V3_S2EW_CONSULTAZIONE.mostra_pagina?id_pagina=87949&amp;rifi=guest&amp;rifp=guest\" target=\"_blank\" rel=\"noreferrer\">Verso il convegno (3): l&#8217;educatore e il mandato<\/a><\/p>\n<p style=\"text-align: justify\"><a href=\"http:\/\/www.chiesacattolica.it\/pls\/cci_new_v3\/V3_S2EW_CONSULTAZIONE.mostra_pagina?id_pagina=87955&amp;rifi=guest&amp;rifp=guest\" target=\"_blank\" rel=\"noreferrer\">I relatori<\/a><\/p>\n<p style=\"text-align: justify\"><a href=\"http:\/\/www.chiesacattolica.it\/pls\/cci_new_v3\/V3_S2EW_CONSULTAZIONE.mostra_pagina?id_pagina=87956&amp;rifi=guest&amp;rifp=guest\" target=\"_blank\" rel=\"noreferrer\">Il convegno &#8216;social&#8217;<\/a><\/p>\n","protected":false},"excerpt":{"rendered":"<p>Il XV convegno nazionale di Pastorale Giovanile si svolger\u00e0 a Bologna dal 20 al 23 febbraio 2017\u00a0e avr\u00e0 come tema &#8216;La cura e l&#8217;attesa. Il buon educatore e la comunit\u00e0 cristiana&#8217;. Obiettivo del convegno \u00e8 capire il ruolo centrale della figura dell&#8217;educatore che non si &#8216;auto genera&#8217;, ma si costruisce attraverso un sistema educativo integrato [&hellip;]<\/p>\n","protected":false},"author":0,"featured_media":1199,"comment_status":"closed","ping_status":"closed","sticky":false,"template":"","format":"standard","meta":{"_acf_changed":false,"ip_address":"","user_agent":"","level":"","revision":"","cookie_id":"","page_referer":"","html_form":"","footnotes":""},"categories":[1,311],"tags":[],"class_list":["post-1198","post","type-post","status-publish","format-standard","has-post-thumbnail","hentry","category-news","category-pgve"],"acf":[],"_links":{"self":[{"href":"https:\/\/www.patriarcatovenezia.it\/pastorale-giovanile\/wp-json\/wp\/v2\/posts\/1198"}],"collection":[{"href":"https:\/\/www.patriarcatovenezia.it\/pastorale-giovanile\/wp-json\/wp\/v2\/posts"}],"about":[{"href":"https:\/\/www.patriarcatovenezia.it\/pastorale-giovanile\/wp-json\/wp\/v2\/types\/post"}],"author":[{"embeddable":true,"href":"https:\/\/www.patriarcatovenezia.it\/pastorale-giovanile\/wp-json\/wp\/v2\/users\/10"}],"replies":[{"embeddable":true,"href":"https:\/\/www.patriarcatovenezia.it\/pastorale-giovanile\/wp-json\/wp\/v2\/comments?post=1198"}],"version-history":[{"count":4,"href":"https:\/\/www.patriarcatovenezia.it\/pastorale-giovanile\/wp-json\/wp\/v2\/posts\/1198\/revisions"}],"predecessor-version":[{"id":1297,"href":"https:\/\/www.patriarcatovenezia.it\/pastorale-giovanile\/wp-json\/wp\/v2\/posts\/1198\/revisions\/1297"}],"wp:featuredmedia":[{"embeddable":true,"href":"https:\/\/www.patriarcatovenezia.it\/pastorale-giovanile\/wp-json\/wp\/v2\/media\/1199"}],"wp:attachment":[{"href":"https:\/\/www.patriarcatovenezia.it\/pastorale-giovanile\/wp-json\/wp\/v2\/media?parent=1198"}],"wp:term":[{"taxonomy":"category","embeddable":true,"href":"https:\/\/www.patriarcatovenezia.it\/pastorale-giovanile\/wp-json\/wp\/v2\/categories?post=1198"},{"taxonomy":"post_tag","embeddable":true,"href":"https:\/\/www.patriarcatovenezia.it\/pastorale-giovanile\/wp-json\/wp\/v2\/tags?post=1198"}],"curies":[{"name":"wp","href":"https:\/\/api.w.org\/{rel}","templated":true}]}}