{"id":1187,"date":"2016-12-09T12:39:13","date_gmt":"2016-12-09T11:39:13","guid":{"rendered":"https:\/\/venezia.webdiocesi.it\/pastorale-giovanile\/?p=1187"},"modified":"2016-12-09T12:39:13","modified_gmt":"2016-12-09T11:39:13","slug":"temi-delle-prossime-gmg-2017-2018-2019-panama","status":"publish","type":"post","link":"https:\/\/www.patriarcatovenezia.it\/pastorale-giovanile\/2016\/12\/09\/temi-delle-prossime-gmg-2017-2018-2019-panama\/","title":{"rendered":"Temi delle prossime GMG (2017 &#8211; 2018 &#8211; 2019 Panama)"},"content":{"rendered":"<p style=\"text-align: justify\">XXXII Giornata Mondiale della Giovent\u00f9, 2017<br \/>\n<strong>\u201cGrandi cose ha fatto per me l\u2019Onnipotente\u201d (Lc 1,49)<\/strong><\/p>\n<p style=\"text-align: justify\">XXXIII Giornata Mondiale della Giovent\u00f9, 2018<br \/>\n<strong>\u201cNon temere, Maria, perch\u00e9 hai trovato grazia presso Dio\u201d (Lc 1,30)<\/strong><\/p>\n<p style=\"text-align: justify\">XXXIV Giornata Mondiale della Giovent\u00f9, 2019 (Panama)<br \/>\n<strong>\u201cEcco la serva del Signore; avvenga per me secondo la tua parola\u201d (Lc 1,38)<\/strong><\/p>\n<p style=\"text-align: justify\">Questi i temi scelti da Papa Francesco per il percorso triennale delle Giornate Mondiali della Giovent\u00f9, che culminer\u00e0 nella celebrazione internazionale dell\u2019evento, in programma a Panama per il 2019.<br \/>\nIl cammino spirituale indicato dal Santo Padre prosegue con coerenza la riflessione avviata con le ultime tre Giornate Mondiali della Giovent\u00f9 (2014-16), incentrate sulle Beatitudini. Come sappiamo, Maria \u00e8 colei che tutte le generazioni chiameranno beata (cfr. Lc 1, 49). Nel discorso preparato per l\u2019incontro con i volontari della GMG di Cracovia, Papa Francesco illustrava gli atteggiamenti della Madre di Ges\u00f9 indicandola come modello da imitare. Poi, parlando a braccio in quell\u2019occasione, il Santo Padre ha invitato i giovani a far memoria del passato, avere coraggio nel presente e avere\/essere speranza per il futuro.<br \/>\nI tre temi sopra annunciati mirano dunque a dare all\u2019itinerario spirituale delle prossime GMG una forte <em>connotazione mariana<\/em>, richiamando al tempo stesso l\u2019immagine di una giovent\u00f9 in cammino tra passato (2017), presente (2018) e futuro (2019), animata dalle tre virt\u00f9 teologali: fede, carit\u00e0 e speranza.<br \/>\nIl cammino proposto ai giovani mostra anche un\u2019evidente sintonia con la riflessione che Papa Francesco ha affidato al prossimo Sinodo dei Vescovi: <em>I giovani, la fede e il discernimento vocazionale.<\/em><\/p>\n","protected":false},"excerpt":{"rendered":"<p>XXXII Giornata Mondiale della Giovent\u00f9, 2017 \u201cGrandi cose ha fatto per me l\u2019Onnipotente\u201d (Lc 1,49) XXXIII Giornata Mondiale della Giovent\u00f9, 2018 \u201cNon temere, Maria, perch\u00e9 hai trovato grazia presso Dio\u201d (Lc 1,30) XXXIV Giornata Mondiale della Giovent\u00f9, 2019 (Panama) \u201cEcco la serva del Signore; avvenga per me secondo la tua parola\u201d (Lc 1,38) Questi i [&hellip;]<\/p>\n","protected":false},"author":0,"featured_media":1188,"comment_status":"closed","ping_status":"closed","sticky":false,"template":"","format":"standard","meta":{"_acf_changed":false,"ip_address":"","user_agent":"","level":"","revision":"","cookie_id":"","page_referer":"","html_form":"","footnotes":""},"categories":[106,1],"tags":[],"class_list":["post-1187","post","type-post","status-publish","format-standard","has-post-thumbnail","hentry","category-gmg","category-news"],"acf":[],"_links":{"self":[{"href":"https:\/\/www.patriarcatovenezia.it\/pastorale-giovanile\/wp-json\/wp\/v2\/posts\/1187"}],"collection":[{"href":"https:\/\/www.patriarcatovenezia.it\/pastorale-giovanile\/wp-json\/wp\/v2\/posts"}],"about":[{"href":"https:\/\/www.patriarcatovenezia.it\/pastorale-giovanile\/wp-json\/wp\/v2\/types\/post"}],"author":[{"embeddable":true,"href":"https:\/\/www.patriarcatovenezia.it\/pastorale-giovanile\/wp-json\/wp\/v2\/users\/10"}],"replies":[{"embeddable":true,"href":"https:\/\/www.patriarcatovenezia.it\/pastorale-giovanile\/wp-json\/wp\/v2\/comments?post=1187"}],"version-history":[{"count":1,"href":"https:\/\/www.patriarcatovenezia.it\/pastorale-giovanile\/wp-json\/wp\/v2\/posts\/1187\/revisions"}],"predecessor-version":[{"id":1189,"href":"https:\/\/www.patriarcatovenezia.it\/pastorale-giovanile\/wp-json\/wp\/v2\/posts\/1187\/revisions\/1189"}],"wp:featuredmedia":[{"embeddable":true,"href":"https:\/\/www.patriarcatovenezia.it\/pastorale-giovanile\/wp-json\/wp\/v2\/media\/1188"}],"wp:attachment":[{"href":"https:\/\/www.patriarcatovenezia.it\/pastorale-giovanile\/wp-json\/wp\/v2\/media?parent=1187"}],"wp:term":[{"taxonomy":"category","embeddable":true,"href":"https:\/\/www.patriarcatovenezia.it\/pastorale-giovanile\/wp-json\/wp\/v2\/categories?post=1187"},{"taxonomy":"post_tag","embeddable":true,"href":"https:\/\/www.patriarcatovenezia.it\/pastorale-giovanile\/wp-json\/wp\/v2\/tags?post=1187"}],"curies":[{"name":"wp","href":"https:\/\/api.w.org\/{rel}","templated":true}]}}