{"id":1308,"date":"2024-12-08T14:30:40","date_gmt":"2024-12-08T13:30:40","guid":{"rendered":"https:\/\/www.patriarcatovenezia.it\/insegnamento-religione-cattolica\/?p=1308"},"modified":"2024-12-08T14:33:01","modified_gmt":"2024-12-08T13:33:01","slug":"admirabile-signum-2024","status":"publish","type":"post","link":"https:\/\/www.patriarcatovenezia.it\/insegnamento-religione-cattolica\/2024\/12\/08\/admirabile-signum-2024\/","title":{"rendered":"Admirabile Signum 2024"},"content":{"rendered":"<p style=\"text-align: justify\">Venezia rivive la magia del presepe con la seconda edizione di\u00a0<em>Admirabile Signum<\/em>, in ricordo del primo\u00a0presepe realizzato da San Francesco a Greccio,\u00a0un progetto che riunisce le rappresentazioni della Nativit\u00e0 presenti sul territorio cittadino.<\/p>\n<p style=\"text-align: justify\">In occasione delle celebrazioni per gli 800 anni del presepe realizzato da San Francesco a Greccio, il Comune di Venezia e il Patriarcato, in \u201cgemellaggio\u201d con Greccio e la Santa Sede, nel 2023 hanno dato vita ad\u00a0<strong>Admirabile Signum<\/strong>, un progetto che ha coinvolto tutto il territorio con l\u2019obiettivo di diffondere il tema della Nativit\u00e0 e la sua valenza di pace e speranza.<\/p>\n<p style=\"text-align: justify\">Anche quest&#8217;anno durante le festivit\u00e0 sar\u00e0 possibile visitare i presepi nei vari siti e nelle parrocchie del territorio della Citt\u00e0 Metropolitana che hanno preso parte al progetto, oltre naturalmente alla riproduzione di\u00a0<em>Admirabile Signum<\/em>. Si tratta di un\u00a0<strong>itinerario\u00a0<\/strong>che vuole unire e riunire le diverse espressioni artistiche della Nativit\u00e0, offrendo al cittadino opportunit\u00e0 di visita e di approfondimento attraverso il\u00a0<strong>sito internet<\/strong>\u00a0dedicato e la\u00a0<strong>mappa interattiva<\/strong>.<\/p>\n<p style=\"text-align: justify\">Nel 2023, per volont\u00e0 della Diocesi di Rieti, in occasione dell\u2019ottavo centenario, il presepe di Piazza San Pietro \u00e8 stato realizzato come omaggio al primo presepe vivente di San Francesco del 1223. L\u2019intuizione del santo di Assisi, che ha determinato nel tempo il significato del presepe, \u00e8 stata interpretata come un\u2019istallazione artistica che prendeva la forma di una scenografia teatrale, frutto del lavoro degli artigiani di Cinecitt\u00e0. L\u2019opera d\u2019arte \u00e8 stata poi riprodotta in scala ridotta dagli stessi maestri artigiani per un\u2019iniziativa che ha visto coinvolti Fondaco Italia (curatore del progetto originale di Roma), il Comune di Venezia e il Patriarcato di Venezia, in \u201cgemellaggio\u201d con la Valle del primo presepe e la Santa Sede.<\/p>\n<p style=\"text-align: justify\">Quest\u2019anno il Comune di Venezia esporr\u00e0 la\u00a0<a href=\"https:\/\/www.comune.venezia.it\/it\/content\/esposizione-presepe-admirabile-signum-0\" target=\"_blank\" rel=\"noopener\"><strong>prestigiosa riproduzione di\u00a0<em>Admirabile Signum<\/em><\/strong><\/a>\u00a0di Piazza San Pietro, dal 6 al 16 dicembre, nella Parrocchia della Madonna della Salute di Catene, dal 16 al 21 dicembre nella Municipalit\u00e0 di Favaro Veneto, dal 21 dicembre al 3 gennaio nella Scuola Grande di San Marco a Venezia, dal 3 al\u20198 gennaio al Tempio Votivo del Lido. \u201cPossediamo l\u2019unica autentica copia di \u2018Admirabile Signum\u2019 \u2013 ha spiegato l\u2019assessore Mar \u2013 che occupa uno spazio di 3 metri per 1,40 e grazie alla collaborazione dello Iuav \u00e8 custodita in una bacheca creata appositamente. Quest\u2019anno l\u2019opera d\u2019arte toccher\u00e0 le Municipalit\u00e0 in cui non era stata l\u2019anno scorso e, a questo tour, si affiancheranno anche molti altri e suggestivi presepi. Il presepe \u00e8 un simbolo di pace che rappresenta il\u00a0Natale in famiglia fin da quando siamo bambini. Un ricordo d\u2019infanzia carico di significati che ci accompagna per tutta la vita\u201d.<\/p>\n<p style=\"text-align: justify\">Grazie alla collaborazione della Municipalit\u00e0 di Mestre Carpenedo, al terzo piano del\u00a0<a href=\"https:\/\/www.comune.venezia.it\/it\/content\/esposizione-presepi-ca-mestre\" target=\"_blank\" rel=\"noopener\"><strong>Centro commerciale Ca&#8217; Mestre<\/strong><\/a>, dal 6 dicembre al 6 gennaio, a cura dell\u2019Associazione Amici dei Presepi Spinea, Anffas e Cooperativa Realt\u00e0, sar\u00e0 allestita una mostra di presepi e, sempre dal 6 dicembre, un particolare presepe realizzato con materiale di riciclo, dall\u2019artista Sergio Dalla Mora di Jesolo, sar\u00e0 allestito all\u2019<a href=\"https:\/\/www.comune.venezia.it\/it\/content\/esposizione-presepe-ospedale-dellangelo\" target=\"_blank\" rel=\"noopener\"><strong>Ospedale dell\u2019Angelo di Mestre<\/strong><\/a>\u00a0a cura dell\u2019Associazione Assoarma. Inoltre il Comando regionale della Guardia di Finanza del Veneto, a\u00a0<a href=\"https:\/\/www.comune.venezia.it\/it\/content\/esposizione-presepi-artigianali\" target=\"_blank\" rel=\"noopener\"><strong>Palazzo Corner Mocenigo<\/strong><\/a>\u00a0a San Polo, come ogni anno accoglier\u00e0 un\u2019esposizione di presepi realizzati da artigiani veneti e friulani, ispirati alla tradizione locale e che rappresentano scorci della citt\u00e0 di Venezia. A Forte Gazzera invece si potranno ammirare i presepi di Gianni Favaretto, frutto di un lavoro manuale lungo quasi 20 anni, e di Andrea Mauceri, presepista\u00a0 della parrocchia di Santa Barbara.<\/p>\n<p style=\"text-align: justify\">Il 7 dicembre alle ore 11.30 alla<a href=\"https:\/\/www.comune.venezia.it\/it\/content\/esposizione-presepe-monumentale-agrestini\" target=\"_blank\" rel=\"noopener\"><strong>\u00a0Basilica della Salute di Venezia<\/strong><\/a>, il patriarca Francesco Moraglia benedir\u00e0 il presepe realizzato da Marco Agrestini e dalla sua famiglia, un\u2019opera composta di 22 statue a grandezza naturale che arriveranno alla Basilica con uno scenografico corteo acqueo. Si tratta di una parte di un grande presepe, unico in Europa come dimensioni, allestito in anni di lavoro e in maniera permanente a Viterbo dalla famiglia Agrestini. Infine la Fondazione Musei Civici di Venezia, durante tutto l\u2019arco delle feste, offrir\u00e0 un itinerario speciale: tredici opere in otto musei, in un itinerario inedito tra dipinti, sculture, lavori su carta e su vetro, ricamo e fotografia, che ha come filo conduttore la Nativit\u00e0. Capolavori da scoprire e riscoprire, tra Palazzo Ducale, Museo Correr, Ca\u2019 Pesaro, Museo Fortuny, Palazzo Mocenigo, Ca\u2019 Rezzonico, Casa di Carlo Goldoni, Museo del Vetro di Murano.<\/p>\n<p style=\"text-align: justify\">Tutte le\u00a0<strong>informazioni\u00a0<\/strong>sul percorso dei presepi, sugli orari di visita e sugli appuntamenti correlati si possono consultare su questo sito\u00a0dove \u00e8 presente la\u00a0<a href=\"https:\/\/www.comune.venezia.it\/content\/i-presepi\" target=\"_blank\" rel=\"noopener\"><strong>mappa georeferenziata<\/strong><\/a>.<\/p>\n<p style=\"text-align: justify\"><strong>Ulteriori informazioni sul sito<\/strong><br \/>\n<a href=\"https:\/\/www.comune.venezia.it\/it\/content\/presepi\" target=\"_blank\" rel=\"noopener\"><strong>https:\/\/www.comune.venezia.it\/it\/content\/presepi<\/strong><\/a><\/p>\n","protected":false},"excerpt":{"rendered":"<p>Venezia rivive la magia del presepe con la seconda edizione di\u00a0Admirabile Signum, in ricordo del primo\u00a0presepe realizzato da San Francesco a Greccio,\u00a0un progetto che riunisce le rappresentazioni della Nativit\u00e0 presenti sul territorio cittadino. In occasione delle celebrazioni per gli 800 anni del presepe realizzato da San Francesco a Greccio, il Comune di Venezia e il [&hellip;]<\/p>\n","protected":false},"author":0,"featured_media":1309,"comment_status":"closed","ping_status":"closed","sticky":false,"template":"","format":"standard","meta":{"_acf_changed":false,"ip_address":"","user_agent":"","level":"","revision":"","cookie_id":"","page_referer":"","html_form":"","footnotes":""},"categories":[1],"tags":[167,165,169,168,166],"class_list":["post-1308","post","type-post","status-publish","format-standard","has-post-thumbnail","hentry","category-notizie","tag-167","tag-admirabile","tag-natale","tag-presepi","tag-signum"],"acf":[],"_links":{"self":[{"href":"https:\/\/www.patriarcatovenezia.it\/insegnamento-religione-cattolica\/wp-json\/wp\/v2\/posts\/1308"}],"collection":[{"href":"https:\/\/www.patriarcatovenezia.it\/insegnamento-religione-cattolica\/wp-json\/wp\/v2\/posts"}],"about":[{"href":"https:\/\/www.patriarcatovenezia.it\/insegnamento-religione-cattolica\/wp-json\/wp\/v2\/types\/post"}],"author":[{"embeddable":true,"href":"https:\/\/www.patriarcatovenezia.it\/insegnamento-religione-cattolica\/wp-json\/wp\/v2\/users\/31"}],"replies":[{"embeddable":true,"href":"https:\/\/www.patriarcatovenezia.it\/insegnamento-religione-cattolica\/wp-json\/wp\/v2\/comments?post=1308"}],"version-history":[{"count":3,"href":"https:\/\/www.patriarcatovenezia.it\/insegnamento-religione-cattolica\/wp-json\/wp\/v2\/posts\/1308\/revisions"}],"predecessor-version":[{"id":1312,"href":"https:\/\/www.patriarcatovenezia.it\/insegnamento-religione-cattolica\/wp-json\/wp\/v2\/posts\/1308\/revisions\/1312"}],"wp:featuredmedia":[{"embeddable":true,"href":"https:\/\/www.patriarcatovenezia.it\/insegnamento-religione-cattolica\/wp-json\/wp\/v2\/media\/1309"}],"wp:attachment":[{"href":"https:\/\/www.patriarcatovenezia.it\/insegnamento-religione-cattolica\/wp-json\/wp\/v2\/media?parent=1308"}],"wp:term":[{"taxonomy":"category","embeddable":true,"href":"https:\/\/www.patriarcatovenezia.it\/insegnamento-religione-cattolica\/wp-json\/wp\/v2\/categories?post=1308"},{"taxonomy":"post_tag","embeddable":true,"href":"https:\/\/www.patriarcatovenezia.it\/insegnamento-religione-cattolica\/wp-json\/wp\/v2\/tags?post=1308"}],"curies":[{"name":"wp","href":"https:\/\/api.w.org\/{rel}","templated":true}]}}