{"id":1098,"date":"2024-11-29T23:48:10","date_gmt":"2024-11-29T22:48:10","guid":{"rendered":"https:\/\/www.patriarcatovenezia.it\/insegnamento-religione-cattolica\/?p=1098"},"modified":"2024-11-29T23:48:10","modified_gmt":"2024-11-29T22:48:10","slug":"456-ragazze-i-riflettono-sul-bullismo","status":"publish","type":"post","link":"https:\/\/www.patriarcatovenezia.it\/insegnamento-religione-cattolica\/2024\/11\/29\/456-ragazze-i-riflettono-sul-bullismo\/","title":{"rendered":"456 Ragazze\/i riflettono sul bullismo"},"content":{"rendered":"<p style=\"text-align: justify\">Il Progetto \u201cNeve\u201d \u00e8 cominciato: 456 ragazze\/i provenienti dagli II.CC. Baseggio, Don Milani; dall\u2019Istituto Farina e una classe del liceo Benedetti-Tommaseo hanno partecipato alla proiezione del film \u201cNeve\u201d e al dibattito che ne \u00e8 seguito con i protagonisti. L\u2019iniziativa, promossa dagli Uffici di Pastorale Giovanile e dell\u2019Insegnamento della Religione Cattolica del Patriarcato di Venezia, ha trovato ospitalit\u00e0 nei locali dell\u2019Auditorium M9 di Mestre e del teatro parrocchiale di Malcontenta.<\/p>\n<p style=\"text-align: justify\">L\u2019opera cinematografica mira a promuovere una riflessione attenta e partecipativa sul triste fenomeno del bullismo e cyberbullismo, sovente presente nella quotidianit\u00e0 dei nostri ragazzi e a volte non opportunamente riconosciuto e contrastato. Nel nostro tempo presente, infatti, occorre rendersi consapevoli di come taluni si rendono interpreti di reiterati gesti o messaggi offensivi che calunniano e intimidiscono gli altri, creando complesse situazioni di disagio relazionale.<\/p>\n<p style=\"text-align: justify\">Simone Riccioni, regista e protagonista del film, parte da un suo vissuto personale per costruire e mettere in scena una storia del tutto singolare, che mette al centro il vissuto travagliato e sorprendente di Neve (Azzurra Lo Pipero). In un giorno come tanti tra i banchi di scuola, la ragazza legge e condivide un tema personale, in cui racconta del suo rapporto speciale con la madre. Tuttavia, da questo momento in poi, diviene oggetto di scherno e derisione da parte dei compagni, che ridicolizzano il lavoro svolto dalla mamma di Neve, allevatrice di un trotificio. Neve cade nel mutismo.<\/p>\n<p style=\"text-align: justify\">Il suo cammino di vita, per\u00f2, sar\u00e0 impreziosito dalla presenza di Leonardo Riccioni, maestro di teatro, che diviene per lei una persona estremamente importante: \u201cnessun incontro \u00e8 casuale quando \u00e8 l\u2019amore ad incontrare il destino\u201d. Tra i due scaturisce immediatamente un\u2019amicizia, che conduce entrambi a maturare, tra stupori, disavventure, decisioni e ripartenze.<\/p>\n<p style=\"text-align: justify\">Commovente \u00e8 la cornice in cui Neve, superata ormai ogni difficolt\u00e0, si rivolge ai professori durante l\u2019esame di stato, riuscendo a raccontare il suo dolore: \u201cMi sentivo esclusa proprio come ci si sente quando i pi\u00f9 forti scelgono le loro squadre e tu rimani sempre l\u2019ultima e sai che non c\u2019\u00e8 nulla che puoi fare per cambiare le cose perch\u00e9 ai loro occhi rimarrai sempre la pi\u00f9 sfigata\u201d. Neve, tuttavia, cade e si rialza, lanciando un messaggio di speranza per ciascuno di noi: \u201cAnche quando ti senti solo, escluso e sconfitto la vita non chiude mai il sipario, ti riserva sempre qualche sorpresa\u201d.<\/p>\n<p style=\"text-align: justify\">Dopo aver vissuto questa esperienza, arricchita dalla presenza degli attori Simone e Azzurra, auspichiamo che i nostri ragazzi di fronte a qualsiasi difficolt\u00e0 della vita possano non nascondersi, non avere mai sensi di colpa o di impotenza. Possano essere vivificati dall\u2019amore, cos\u00ec da percepire come propri i bisogni e le esigenze altrui, perch\u00e9, come abbiamo imparato, \u201cnon siamo responsabili solo di ci\u00f2 che facciamo, ma anche di quello che non facciamo\u201d. Appuntamento allora a febbraio per la seconda tornata di proiezioni.<\/p>\n<p style=\"text-align: right\"><em>Prof. Giuseppe Albanese<\/em><\/p>\n<div id='gallery-1' class='gallery galleryid-1098 gallery-columns-4 gallery-size-thumbnail'><figure class='gallery-item'>\n\t\t\t<div class='gallery-icon portrait'>\n\t\t\t\t<a href='https:\/\/www.patriarcatovenezia.it\/insegnamento-religione-cattolica\/wp-content\/uploads\/sites\/5\/2024\/11\/Progetto-neve-1.jpg' title=\"\" data-rl_title=\"\" class=\"rl-gallery-link\" data-rl_caption=\"\" data-rel=\"lightbox-gallery-1\"><img loading=\"lazy\" decoding=\"async\" width=\"150\" height=\"150\" src=\"https:\/\/www.patriarcatovenezia.it\/insegnamento-religione-cattolica\/wp-content\/uploads\/sites\/5\/2024\/11\/Progetto-neve-1-150x150.jpg\" class=\"attachment-thumbnail size-thumbnail\" alt=\"\" \/><\/a>\n\t\t\t<\/div><\/figure><figure class='gallery-item'>\n\t\t\t<div class='gallery-icon portrait'>\n\t\t\t\t<a href='https:\/\/www.patriarcatovenezia.it\/insegnamento-religione-cattolica\/wp-content\/uploads\/sites\/5\/2024\/11\/Progetto-neve-2.jpg' title=\"\" data-rl_title=\"\" class=\"rl-gallery-link\" data-rl_caption=\"\" data-rel=\"lightbox-gallery-1\"><img loading=\"lazy\" decoding=\"async\" width=\"150\" height=\"150\" src=\"https:\/\/www.patriarcatovenezia.it\/insegnamento-religione-cattolica\/wp-content\/uploads\/sites\/5\/2024\/11\/Progetto-neve-2-150x150.jpg\" class=\"attachment-thumbnail size-thumbnail\" alt=\"\" \/><\/a>\n\t\t\t<\/div><\/figure><figure class='gallery-item'>\n\t\t\t<div class='gallery-icon landscape'>\n\t\t\t\t<a href='https:\/\/www.patriarcatovenezia.it\/insegnamento-religione-cattolica\/wp-content\/uploads\/sites\/5\/2024\/11\/Progetto-neve-3.jpg' title=\"\" data-rl_title=\"\" class=\"rl-gallery-link\" data-rl_caption=\"\" data-rel=\"lightbox-gallery-1\"><img loading=\"lazy\" decoding=\"async\" width=\"150\" height=\"150\" src=\"https:\/\/www.patriarcatovenezia.it\/insegnamento-religione-cattolica\/wp-content\/uploads\/sites\/5\/2024\/11\/Progetto-neve-3-150x150.jpg\" class=\"attachment-thumbnail size-thumbnail\" alt=\"\" \/><\/a>\n\t\t\t<\/div><\/figure><figure class='gallery-item'>\n\t\t\t<div class='gallery-icon landscape'>\n\t\t\t\t<a href='https:\/\/www.patriarcatovenezia.it\/insegnamento-religione-cattolica\/wp-content\/uploads\/sites\/5\/2024\/11\/Progetto-neve-4.jpeg' title=\"\" data-rl_title=\"\" class=\"rl-gallery-link\" data-rl_caption=\"\" data-rel=\"lightbox-gallery-1\"><img loading=\"lazy\" decoding=\"async\" width=\"150\" height=\"150\" src=\"https:\/\/www.patriarcatovenezia.it\/insegnamento-religione-cattolica\/wp-content\/uploads\/sites\/5\/2024\/11\/Progetto-neve-4-150x150.jpeg\" class=\"attachment-thumbnail size-thumbnail\" alt=\"\" \/><\/a>\n\t\t\t<\/div><\/figure>\n\t\t<\/div>\n\n","protected":false},"excerpt":{"rendered":"<p>Il Progetto \u201cNeve\u201d \u00e8 cominciato: 456 ragazze\/i provenienti dagli II.CC. Baseggio, Don Milani; dall\u2019Istituto Farina e una classe del liceo Benedetti-Tommaseo hanno partecipato alla proiezione del film \u201cNeve\u201d e al dibattito che ne \u00e8 seguito con i protagonisti. L\u2019iniziativa, promossa dagli Uffici di Pastorale Giovanile e dell\u2019Insegnamento della Religione Cattolica del Patriarcato di Venezia, ha [&hellip;]<\/p>\n","protected":false},"author":0,"featured_media":1099,"comment_status":"closed","ping_status":"closed","sticky":false,"template":"","format":"standard","meta":{"_acf_changed":false,"ip_address":"","user_agent":"","level":"","revision":"","cookie_id":"","page_referer":"","html_form":"","footnotes":""},"categories":[1],"tags":[162,163,161,160],"class_list":["post-1098","post","type-post","status-publish","format-standard","has-post-thumbnail","hentry","category-notizie","tag-bullismo","tag-cyberbullismo","tag-neve","tag-progetto"],"acf":[],"_links":{"self":[{"href":"https:\/\/www.patriarcatovenezia.it\/insegnamento-religione-cattolica\/wp-json\/wp\/v2\/posts\/1098"}],"collection":[{"href":"https:\/\/www.patriarcatovenezia.it\/insegnamento-religione-cattolica\/wp-json\/wp\/v2\/posts"}],"about":[{"href":"https:\/\/www.patriarcatovenezia.it\/insegnamento-religione-cattolica\/wp-json\/wp\/v2\/types\/post"}],"author":[{"embeddable":true,"href":"https:\/\/www.patriarcatovenezia.it\/insegnamento-religione-cattolica\/wp-json\/wp\/v2\/users\/31"}],"replies":[{"embeddable":true,"href":"https:\/\/www.patriarcatovenezia.it\/insegnamento-religione-cattolica\/wp-json\/wp\/v2\/comments?post=1098"}],"version-history":[{"count":2,"href":"https:\/\/www.patriarcatovenezia.it\/insegnamento-religione-cattolica\/wp-json\/wp\/v2\/posts\/1098\/revisions"}],"predecessor-version":[{"id":1105,"href":"https:\/\/www.patriarcatovenezia.it\/insegnamento-religione-cattolica\/wp-json\/wp\/v2\/posts\/1098\/revisions\/1105"}],"wp:featuredmedia":[{"embeddable":true,"href":"https:\/\/www.patriarcatovenezia.it\/insegnamento-religione-cattolica\/wp-json\/wp\/v2\/media\/1099"}],"wp:attachment":[{"href":"https:\/\/www.patriarcatovenezia.it\/insegnamento-religione-cattolica\/wp-json\/wp\/v2\/media?parent=1098"}],"wp:term":[{"taxonomy":"category","embeddable":true,"href":"https:\/\/www.patriarcatovenezia.it\/insegnamento-religione-cattolica\/wp-json\/wp\/v2\/categories?post=1098"},{"taxonomy":"post_tag","embeddable":true,"href":"https:\/\/www.patriarcatovenezia.it\/insegnamento-religione-cattolica\/wp-json\/wp\/v2\/tags?post=1098"}],"curies":[{"name":"wp","href":"https:\/\/api.w.org\/{rel}","templated":true}]}}