{"id":6876,"date":"2025-11-25T15:51:28","date_gmt":"2025-11-25T14:51:28","guid":{"rendered":"https:\/\/www.patriarcatovenezia.it\/evangelizzazione-e-catechesi\/?p=6876"},"modified":"2025-11-25T15:53:56","modified_gmt":"2025-11-25T14:53:56","slug":"persone-con-disabilita-nelle-nostre-parrocchie-quale-inclusione","status":"publish","type":"post","link":"https:\/\/www.patriarcatovenezia.it\/evangelizzazione-e-catechesi\/2025\/11\/25\/persone-con-disabilita-nelle-nostre-parrocchie-quale-inclusione\/","title":{"rendered":"Persone con disabilit\u00e0 nelle nostre parrocchie: quale inclusione?"},"content":{"rendered":"<p>Una comunit\u00e0 pu\u00f2 dirsi tale quando davvero \u00e8 accessibile e valorizza tutti, ha una proposta per tutti e tutti si sentono &#8220;a casa&#8221;.<br \/>\nMa quanto riescono ad essere <em>inclusive<\/em> le nostre comunit\u00e0 parrocchiali? Forse abbiamo un&#8217;attenzione nei confronti dei ragazzi, mentre sono nel cammino dell&#8217;iniziazione cristiana e poi, quando si cresce, le persone disabili trovano spazi e proposte in cui vivere la fede accanto ai fratelli e alle sorelle?<\/p>\n<p>Con questo desiderio di interrogarsi seriamente e di non farsi sconti, l&#8217;Azione Cattolica diocesana propone una serata in cui dialogare assieme, prima di tutto per ascoltare le testimonianze di famiglie e persone che vivono una qualche disabilit\u00e0 e che possano raccontare cosa percepiscono della comunit\u00e0 cristiana.<br \/>\nLa voglia di trovare vie per rendere sempre pi\u00f9 le nostre parrocchie luoghi accoglienti aprir\u00e0 il dibattito e le proposte.<br \/>\nL&#8217;Ufficio catechistico diocesano accoglie questo stimolo come un tema fondamentale per poter avviare, anche nella nostra diocesi, un settore specifico che aiuti le comunit\u00e0 a maturare attenzioni e percorsi.<\/p>\n<p>Appuntamento <strong>mercoled\u00ec 3 dicembre presso la parrocchia di Altobello, alle ore 20:45.<\/strong><\/p>\n<p>Catechisti, famiglie, educatori, sacerdoti&#8230; e tutti quelli che si sentono chiamati in causa per gettare IL SASSO NELLO STAGNO<\/p>\n<p><img loading=\"lazy\" decoding=\"async\" class=\"wp-image-6880 alignleft\" src=\"https:\/\/www.patriarcatovenezia.it\/evangelizzazione-e-catechesi\/wp-content\/uploads\/sites\/17\/2025\/11\/Il_sasso_nello_stagno-212x300.jpg\" alt=\"\" width=\"421\" height=\"596\" srcset=\"https:\/\/www.patriarcatovenezia.it\/evangelizzazione-e-catechesi\/wp-content\/uploads\/sites\/17\/2025\/11\/Il_sasso_nello_stagno-212x300.jpg 212w, https:\/\/www.patriarcatovenezia.it\/evangelizzazione-e-catechesi\/wp-content\/uploads\/sites\/17\/2025\/11\/Il_sasso_nello_stagno-724x1024.jpg 724w, https:\/\/www.patriarcatovenezia.it\/evangelizzazione-e-catechesi\/wp-content\/uploads\/sites\/17\/2025\/11\/Il_sasso_nello_stagno-768x1086.jpg 768w, https:\/\/www.patriarcatovenezia.it\/evangelizzazione-e-catechesi\/wp-content\/uploads\/sites\/17\/2025\/11\/Il_sasso_nello_stagno-1086x1536.jpg 1086w, https:\/\/www.patriarcatovenezia.it\/evangelizzazione-e-catechesi\/wp-content\/uploads\/sites\/17\/2025\/11\/Il_sasso_nello_stagno.jpg 1131w\" sizes=\"(max-width: 421px) 100vw, 421px\" \/><\/p>\n<p>&nbsp;<\/p>\n","protected":false},"excerpt":{"rendered":"<p>Una comunit\u00e0 pu\u00f2 dirsi tale quando davvero \u00e8 accessibile e valorizza tutti, ha una proposta per tutti e tutti si sentono &#8220;a casa&#8221;. Ma quanto riescono ad essere inclusive le nostre comunit\u00e0 parrocchiali? Forse abbiamo un&#8217;attenzione nei confronti dei ragazzi, mentre sono nel cammino dell&#8217;iniziazione cristiana e poi, quando si cresce, le persone disabili trovano [&hellip;]<\/p>\n","protected":false},"author":0,"featured_media":6879,"comment_status":"closed","ping_status":"open","sticky":false,"template":"","format":"standard","meta":{"_acf_changed":false,"ip_address":"","user_agent":"","level":"","revision":"","cookie_id":"","page_referer":"","html_form":"","footnotes":""},"categories":[1,100,86],"tags":[],"class_list":["post-6876","post","type-post","status-publish","format-standard","has-post-thumbnail","hentry","category-attivita","category-formazione-catechisti","category-notizie"],"acf":[],"_links":{"self":[{"href":"https:\/\/www.patriarcatovenezia.it\/evangelizzazione-e-catechesi\/wp-json\/wp\/v2\/posts\/6876"}],"collection":[{"href":"https:\/\/www.patriarcatovenezia.it\/evangelizzazione-e-catechesi\/wp-json\/wp\/v2\/posts"}],"about":[{"href":"https:\/\/www.patriarcatovenezia.it\/evangelizzazione-e-catechesi\/wp-json\/wp\/v2\/types\/post"}],"author":[{"embeddable":true,"href":"https:\/\/www.patriarcatovenezia.it\/evangelizzazione-e-catechesi\/wp-json\/wp\/v2\/users\/9"}],"replies":[{"embeddable":true,"href":"https:\/\/www.patriarcatovenezia.it\/evangelizzazione-e-catechesi\/wp-json\/wp\/v2\/comments?post=6876"}],"version-history":[{"count":3,"href":"https:\/\/www.patriarcatovenezia.it\/evangelizzazione-e-catechesi\/wp-json\/wp\/v2\/posts\/6876\/revisions"}],"predecessor-version":[{"id":6883,"href":"https:\/\/www.patriarcatovenezia.it\/evangelizzazione-e-catechesi\/wp-json\/wp\/v2\/posts\/6876\/revisions\/6883"}],"wp:featuredmedia":[{"embeddable":true,"href":"https:\/\/www.patriarcatovenezia.it\/evangelizzazione-e-catechesi\/wp-json\/wp\/v2\/media\/6879"}],"wp:attachment":[{"href":"https:\/\/www.patriarcatovenezia.it\/evangelizzazione-e-catechesi\/wp-json\/wp\/v2\/media?parent=6876"}],"wp:term":[{"taxonomy":"category","embeddable":true,"href":"https:\/\/www.patriarcatovenezia.it\/evangelizzazione-e-catechesi\/wp-json\/wp\/v2\/categories?post=6876"},{"taxonomy":"post_tag","embeddable":true,"href":"https:\/\/www.patriarcatovenezia.it\/evangelizzazione-e-catechesi\/wp-json\/wp\/v2\/tags?post=6876"}],"curies":[{"name":"wp","href":"https:\/\/api.w.org\/{rel}","templated":true}]}}