{"id":5733,"date":"2025-04-11T10:35:21","date_gmt":"2025-04-11T08:35:21","guid":{"rendered":"https:\/\/www.patriarcatovenezia.it\/evangelizzazione-e-catechesi\/?p=5733"},"modified":"2025-04-11T10:41:39","modified_gmt":"2025-04-11T08:41:39","slug":"corso-regionale-per-coordinatori-dei-catechisti-2","status":"publish","type":"post","link":"https:\/\/www.patriarcatovenezia.it\/evangelizzazione-e-catechesi\/2025\/04\/11\/corso-regionale-per-coordinatori-dei-catechisti-2\/","title":{"rendered":"CORSO REGIONALE per coordinatori dei catechisti &#8211; Nebbi\u00f9 2025"},"content":{"rendered":"<p><span style=\"font-size: 13.3333px\">Come Diocesi del Triveneto da diversi anni si \u00e8 deciso di investire su tali figure per l&#8217;affiancamento dei presbiteri nella cura della catechesi in parrocchia, nei rapporti con le famiglie, nella formazione del gruppo catechisti.\u00a0 <\/span><span style=\"font-size: 13.3333px\">Il primo anno \u00e8 quello &#8220;base&#8221; e affronta sempre le stesse tematiche, l&#8217;anno successivo (pensato per chi ha gi\u00e0 frequentato il primo anno) approfondisce le problematiche pi\u00f9 urgenti e gli sviluppi della catechesi in Italia e\/o le riflessioni che si condividono nella nostra regione ecclesiale.<br \/>\n<\/span><\/p>\n<p><span style=\"font-size: 13.3333px\">Parroci e catechisti sono chiamati a chiedersi chi nella parrocchia possa essere la persona giusta a cui proporre la partecipazione e di conseguenza <strong>contattare la segreteria dell&#8217;Ufficio catechistico<\/strong> che invier\u00e0 la scheda di iscrizione agli interessati. I posti, infatti, sono limitati e distribuiti tra le varie diocesi del Triveneto. Il corso anche quest&#8217;anno si terr\u00e0 a <strong>Nebbi\u00f9 (BL) dal 26 al 29 giugno.<\/strong><\/span><\/p>\n<p><span style=\"font-size: 13.3333px\">Per gli adulti \u00e8 certamente un investimento notevole ricavare questi giorni e sottrarli magari al lavoro o alla famiglia, ma \u00e8 la Comunit\u00e0 cristiana stessa che pu\u00f2 sostenere (anche economicamente) e incoraggia, affinch\u00e9 la formazione di una o pi\u00f9 persone torni a beneficio di tutti. <\/span><\/p>\n<p><span style=\"font-size: 13.3333px\">Scarica qui il <a href=\"https:\/\/www.patriarcatovenezia.it\/evangelizzazione-e-catechesi\/wp-content\/uploads\/sites\/17\/2025\/04\/Nebbiu-2025-def.pdf\" target=\"_blank\" rel=\"noopener\"><strong>DEPLIANT<\/strong><\/a> con il PROGRAMMA DELLE GIORNATE<\/span><\/p>\n<hr \/>\n<p><img loading=\"lazy\" decoding=\"async\" class=\"aligncenter wp-image-5738 size-full\" src=\"https:\/\/www.patriarcatovenezia.it\/evangelizzazione-e-catechesi\/wp-content\/uploads\/sites\/17\/2025\/04\/IMG-20240629-WA0030-e1744360797255.jpg\" alt=\"\" width=\"500\" height=\"411\" srcset=\"https:\/\/www.patriarcatovenezia.it\/evangelizzazione-e-catechesi\/wp-content\/uploads\/sites\/17\/2025\/04\/IMG-20240629-WA0030-e1744360797255.jpg 500w, https:\/\/www.patriarcatovenezia.it\/evangelizzazione-e-catechesi\/wp-content\/uploads\/sites\/17\/2025\/04\/IMG-20240629-WA0030-e1744360797255-300x247.jpg 300w\" sizes=\"(max-width: 500px) 100vw, 500px\" \/><\/p>\n","protected":false},"excerpt":{"rendered":"<p>Come Diocesi del Triveneto da diversi anni si \u00e8 deciso di investire su tali figure per l&#8217;affiancamento dei presbiteri nella cura della catechesi in parrocchia, nei rapporti con le famiglie, nella formazione del gruppo catechisti.\u00a0 Il primo anno \u00e8 quello &#8220;base&#8221; e affronta sempre le stesse tematiche, l&#8217;anno successivo (pensato per chi ha gi\u00e0 frequentato [&hellip;]<\/p>\n","protected":false},"author":0,"featured_media":5735,"comment_status":"closed","ping_status":"open","sticky":false,"template":"","format":"standard","meta":{"_acf_changed":false,"ip_address":"","user_agent":"","level":"","revision":"","cookie_id":"","page_referer":"","html_form":"","footnotes":""},"categories":[1,86],"tags":[],"class_list":["post-5733","post","type-post","status-publish","format-standard","has-post-thumbnail","hentry","category-attivita","category-notizie"],"acf":[],"_links":{"self":[{"href":"https:\/\/www.patriarcatovenezia.it\/evangelizzazione-e-catechesi\/wp-json\/wp\/v2\/posts\/5733"}],"collection":[{"href":"https:\/\/www.patriarcatovenezia.it\/evangelizzazione-e-catechesi\/wp-json\/wp\/v2\/posts"}],"about":[{"href":"https:\/\/www.patriarcatovenezia.it\/evangelizzazione-e-catechesi\/wp-json\/wp\/v2\/types\/post"}],"author":[{"embeddable":true,"href":"https:\/\/www.patriarcatovenezia.it\/evangelizzazione-e-catechesi\/wp-json\/wp\/v2\/users\/9"}],"replies":[{"embeddable":true,"href":"https:\/\/www.patriarcatovenezia.it\/evangelizzazione-e-catechesi\/wp-json\/wp\/v2\/comments?post=5733"}],"version-history":[{"count":5,"href":"https:\/\/www.patriarcatovenezia.it\/evangelizzazione-e-catechesi\/wp-json\/wp\/v2\/posts\/5733\/revisions"}],"predecessor-version":[{"id":5741,"href":"https:\/\/www.patriarcatovenezia.it\/evangelizzazione-e-catechesi\/wp-json\/wp\/v2\/posts\/5733\/revisions\/5741"}],"wp:featuredmedia":[{"embeddable":true,"href":"https:\/\/www.patriarcatovenezia.it\/evangelizzazione-e-catechesi\/wp-json\/wp\/v2\/media\/5735"}],"wp:attachment":[{"href":"https:\/\/www.patriarcatovenezia.it\/evangelizzazione-e-catechesi\/wp-json\/wp\/v2\/media?parent=5733"}],"wp:term":[{"taxonomy":"category","embeddable":true,"href":"https:\/\/www.patriarcatovenezia.it\/evangelizzazione-e-catechesi\/wp-json\/wp\/v2\/categories?post=5733"},{"taxonomy":"post_tag","embeddable":true,"href":"https:\/\/www.patriarcatovenezia.it\/evangelizzazione-e-catechesi\/wp-json\/wp\/v2\/tags?post=5733"}],"curies":[{"name":"wp","href":"https:\/\/api.w.org\/{rel}","templated":true}]}}