{"id":5129,"date":"2025-02-07T11:34:51","date_gmt":"2025-02-07T10:34:51","guid":{"rendered":"https:\/\/www.patriarcatovenezia.it\/evangelizzazione-e-catechesi\/?p=5129"},"modified":"2025-04-10T12:14:58","modified_gmt":"2025-04-10T10:14:58","slug":"pellegrini-di-speranza-itinerari-giubilari-a-venezia-per-gruppi-ed-eta","status":"publish","type":"post","link":"https:\/\/www.patriarcatovenezia.it\/evangelizzazione-e-catechesi\/2025\/02\/07\/pellegrini-di-speranza-itinerari-giubilari-a-venezia-per-gruppi-ed-eta\/","title":{"rendered":"PELLEGRINI di SPERANZA itinerari giubilari a Venezia per gruppi ed et\u00e0"},"content":{"rendered":"<p>Ideata per gruppi gi\u00e0 formati, la proposta offre tre itinerari tematici in citt\u00e0 per diverse fasce d&#8217;et\u00e0: percorsi con la guida di alcuni volontari appositamente formati, i tre cammini sono pensati come esperienza di fede e bellezza, per guardare con occhi nuovi i grandi capolavori artistici che Venezia custodisce, cos\u00ec da vivere il senso dell&#8217;Anno Santo con maggiore consapevolezza. Gli itinerari comprendono la Scuola Grande di San Rocco, la chiesa dei Gesuati, le Basiliche di San Marco, S. Maria della Salute, Frari.<\/p>\n<p>Il primo itinerario \u2013\u00a0<em>Amati dal Padre<\/em>\u00a0\u2013 \u00e8 pensato per ragazzi dai 12 ai 18 anni e pone al centro il tema della carit\u00e0; il secondo \u2013\u00a0<em>Felici perch\u00e9 (chi)amati\u00a0<\/em>\u2013 \u00e8 destinato a giovani dai 18 ai 25 anni: l&#8217;arte sar\u00e0 occasione per riflettere sulla vocazione di ciascuno; il terzo infine \u2013\u00a0<em>Vivere per sempre in Lui<\/em>\u00a0\u2013 \u00e8 proposto agli adulti (over 25) e si immerge nei modi con cui l&#8217;arte racconta la resurrezione e la speranza della vita eterna. Tutti e tre gli itinerari prevedono il pranzo presso i locali del Seminario e un piccolo laboratorio finale di riappropriazione personale.<\/p>\n<p>\u21d2 <a href=\"https:\/\/www.patriarcatovenezia.it\/giubileo-2025\/giubileo-2025-pellegrini-di-speranza\/ufficio-evangelizzazione-e-catechesi-pastorale-della-cultura-e-pastorale-delle-vocazioni\/\">Vai alla pagina dedicata<\/a> per la descrizione puntuale dei contenuti sviluppati in ogni itinerario<\/p>\n<p>\u21d2 <a href=\"https:\/\/www.patriarcatovenezia.it\/evangelizzazione-e-catechesi\/wp-content\/uploads\/sites\/17\/2025\/02\/locandina-itinerari-giubilari-scaled.jpg\" target=\"_blank\" rel=\"noopener\" data-rel=\"lightbox-image-0\" data-rl_title=\"\" data-rl_caption=\"\" title=\"\"><strong>Scarica la LOCANDINA<\/strong><\/a><\/p>\n<p>Per informazioni e prenotazioni: tel. <strong>041 2702419<\/strong> \/ <strong>mail: turismo@patriarcatovenezia.it<\/strong><\/p>\n","protected":false},"excerpt":{"rendered":"<p>Ideata per gruppi gi\u00e0 formati, la proposta offre tre itinerari tematici in citt\u00e0 per diverse fasce d&#8217;et\u00e0: percorsi con la guida di alcuni volontari appositamente formati, i tre cammini sono pensati come esperienza di fede e bellezza, per guardare con occhi nuovi i grandi capolavori artistici che Venezia custodisce, cos\u00ec da vivere il senso dell&#8217;Anno [&hellip;]<\/p>\n","protected":false},"author":0,"featured_media":5130,"comment_status":"closed","ping_status":"closed","sticky":false,"template":"","format":"standard","meta":{"_acf_changed":false,"ip_address":"","user_agent":"","level":"","revision":"","cookie_id":"","page_referer":"","html_form":"","footnotes":""},"categories":[90,1,86],"tags":[],"class_list":["post-5129","post","type-post","status-publish","format-standard","has-post-thumbnail","hentry","category-arte","category-attivita","category-notizie"],"acf":[],"_links":{"self":[{"href":"https:\/\/www.patriarcatovenezia.it\/evangelizzazione-e-catechesi\/wp-json\/wp\/v2\/posts\/5129"}],"collection":[{"href":"https:\/\/www.patriarcatovenezia.it\/evangelizzazione-e-catechesi\/wp-json\/wp\/v2\/posts"}],"about":[{"href":"https:\/\/www.patriarcatovenezia.it\/evangelizzazione-e-catechesi\/wp-json\/wp\/v2\/types\/post"}],"author":[{"embeddable":true,"href":"https:\/\/www.patriarcatovenezia.it\/evangelizzazione-e-catechesi\/wp-json\/wp\/v2\/users\/9"}],"replies":[{"embeddable":true,"href":"https:\/\/www.patriarcatovenezia.it\/evangelizzazione-e-catechesi\/wp-json\/wp\/v2\/comments?post=5129"}],"version-history":[{"count":6,"href":"https:\/\/www.patriarcatovenezia.it\/evangelizzazione-e-catechesi\/wp-json\/wp\/v2\/posts\/5129\/revisions"}],"predecessor-version":[{"id":5137,"href":"https:\/\/www.patriarcatovenezia.it\/evangelizzazione-e-catechesi\/wp-json\/wp\/v2\/posts\/5129\/revisions\/5137"}],"wp:featuredmedia":[{"embeddable":true,"href":"https:\/\/www.patriarcatovenezia.it\/evangelizzazione-e-catechesi\/wp-json\/wp\/v2\/media\/5130"}],"wp:attachment":[{"href":"https:\/\/www.patriarcatovenezia.it\/evangelizzazione-e-catechesi\/wp-json\/wp\/v2\/media?parent=5129"}],"wp:term":[{"taxonomy":"category","embeddable":true,"href":"https:\/\/www.patriarcatovenezia.it\/evangelizzazione-e-catechesi\/wp-json\/wp\/v2\/categories?post=5129"},{"taxonomy":"post_tag","embeddable":true,"href":"https:\/\/www.patriarcatovenezia.it\/evangelizzazione-e-catechesi\/wp-json\/wp\/v2\/tags?post=5129"}],"curies":[{"name":"wp","href":"https:\/\/api.w.org\/{rel}","templated":true}]}}