{"id":4915,"date":"2024-11-15T13:47:25","date_gmt":"2024-11-15T12:47:25","guid":{"rendered":"https:\/\/www.patriarcatovenezia.it\/evangelizzazione-e-catechesi\/2024\/11\/15\/incontro-della-carita-domenica-1-dicembre-2024\/"},"modified":"2025-04-10T12:15:31","modified_gmt":"2025-04-10T10:15:31","slug":"incontro-della-carita-domenica-1-dicembre-2024","status":"publish","type":"post","link":"https:\/\/www.patriarcatovenezia.it\/evangelizzazione-e-catechesi\/2024\/11\/15\/incontro-della-carita-domenica-1-dicembre-2024\/","title":{"rendered":"Incontro della Carit\u00e0 &#8211; domenica 1 dicembre 2024"},"content":{"rendered":"<p>Prima domenica di Avvento per iniziare bene, assieme al Patriarca Francesco, un cammino di fede e gioia verso il Natale. Un tempo di preparazione che non vuole dimenticare i pi\u00f9 poveri per vivere a pieno l&#8217;annuncio dell&#8217;incarnazione di Ges\u00f9. Questi gli ingredienti base dell&#8217;<strong>INCONTRO DELLA CARIT\u00c0<\/strong> che invita le famiglie del Patriarcato a raggiungere la Basilica di San Marco con un pomeriggio ricco e animato.<\/p>\n<p>Protagonisti come sempre i bambini dai 6 ai 10 anni (possono partecipare anche i pi\u00f9 piccoli, quelli di 5 anni!) perch\u00e9 \u00e8 prima di tutto a loro che il Vescovo desidera consegnare il <em>dono di speranza<\/em> che \u00e8 il Santo Natale per ciascun uomo. <strong>DOVE ABITA LA SPERANZA? <\/strong>Ecco la domanda che risuoner\u00e0 durante tutto l&#8217;incontro. Proveremo a trovare risposta con brevi quadri teatrali, canti allegri e coinvolgenti, messaggi importanti affidati all&#8217;intera famiglia, chiamata a condividere questo momento diocesano con i propri figli, per poi &#8220;riprenderlo&#8221; pian piano nei giorni successivi, scanditi dalla preghiera e dalla fraternit\u00e0, costruendo il presepe in casa, donando un pasto caldo a chi frequenta le mense della CARITAS veneziana.<\/p>\n<p>Le parrocchie sono chiamate a promuovere la partecipazione delle famiglie attraverso la <a href=\"https:\/\/www.patriarcatovenezia.it\/Evangelizzazione-e-Catechesi\/wp-content\/uploads\/sites\/2\/2024\/11\/loc_IdC2024_ok.pdf\" target=\"_blank\" rel=\"noopener\"><strong>LOCANDINA<\/strong><\/a> su tutti i canali a disposizione e a far conoscere l&#8217;iniziativa <strong><a href=\"https:\/\/www.patriarcatovenezia.it\/Evangelizzazione-e-Catechesi\/wp-content\/uploads\/sites\/2\/2024\/11\/promo_Aggiungi1pasto.pdf\" target=\"_blank\" rel=\"noopener\">AGGIUNGI UN PASTO IN TAVOLA<\/a>\u00a0<\/strong>che anche quest&#8217;anno ci permette di aiutare i volontari Caritas a distribuire pasti e accoglienza, piccoli gesti per ridonare speranza a chi vive in situazioni di solitudine e sofferenza.<\/p>\n<p><img loading=\"lazy\" decoding=\"async\" class=\"wp-image-5444 aligncenter\" src=\"https:\/\/www.patriarcatovenezia.it\/Evangelizzazione-e-Catechesi\/wp-content\/uploads\/sites\/2\/2024\/11\/loc_IdC2024-212x300.jpg\" alt=\"\" width=\"392\" height=\"555\" \/><\/p>\n<p><img loading=\"lazy\" decoding=\"async\" class=\"wp-image-5447 aligncenter\" src=\"https:\/\/www.patriarcatovenezia.it\/Evangelizzazione-e-Catechesi\/wp-content\/uploads\/sites\/2\/2024\/11\/promo_Aggiungi1pasto2024-300x213.jpg\" alt=\"\" width=\"624\" height=\"443\" \/><\/p>\n<p>&nbsp;<\/p>\n","protected":false},"excerpt":{"rendered":"<p>Prima domenica di Avvento per iniziare bene, assieme al Patriarca Francesco, un cammino di fede e gioia verso il Natale. Un tempo di preparazione che non vuole dimenticare i pi\u00f9 poveri per vivere a pieno l&#8217;annuncio dell&#8217;incarnazione di Ges\u00f9. Questi gli ingredienti base dell&#8217;INCONTRO DELLA CARIT\u00c0 che invita le famiglie del Patriarcato a raggiungere la [&hellip;]<\/p>\n","protected":false},"author":0,"featured_media":4917,"comment_status":"closed","ping_status":"closed","sticky":false,"template":"","format":"standard","meta":{"_acf_changed":false,"ip_address":"","user_agent":"","level":"","revision":"","cookie_id":"","page_referer":"","html_form":"","footnotes":""},"categories":[1,86],"tags":[],"class_list":["post-4915","post","type-post","status-publish","format-standard","has-post-thumbnail","hentry","category-attivita","category-notizie"],"acf":[],"_links":{"self":[{"href":"https:\/\/www.patriarcatovenezia.it\/evangelizzazione-e-catechesi\/wp-json\/wp\/v2\/posts\/4915"}],"collection":[{"href":"https:\/\/www.patriarcatovenezia.it\/evangelizzazione-e-catechesi\/wp-json\/wp\/v2\/posts"}],"about":[{"href":"https:\/\/www.patriarcatovenezia.it\/evangelizzazione-e-catechesi\/wp-json\/wp\/v2\/types\/post"}],"author":[{"embeddable":true,"href":"https:\/\/www.patriarcatovenezia.it\/evangelizzazione-e-catechesi\/wp-json\/wp\/v2\/users\/9"}],"replies":[{"embeddable":true,"href":"https:\/\/www.patriarcatovenezia.it\/evangelizzazione-e-catechesi\/wp-json\/wp\/v2\/comments?post=4915"}],"version-history":[{"count":1,"href":"https:\/\/www.patriarcatovenezia.it\/evangelizzazione-e-catechesi\/wp-json\/wp\/v2\/posts\/4915\/revisions"}],"predecessor-version":[{"id":4916,"href":"https:\/\/www.patriarcatovenezia.it\/evangelizzazione-e-catechesi\/wp-json\/wp\/v2\/posts\/4915\/revisions\/4916"}],"wp:featuredmedia":[{"embeddable":true,"href":"https:\/\/www.patriarcatovenezia.it\/evangelizzazione-e-catechesi\/wp-json\/wp\/v2\/media\/4917"}],"wp:attachment":[{"href":"https:\/\/www.patriarcatovenezia.it\/evangelizzazione-e-catechesi\/wp-json\/wp\/v2\/media?parent=4915"}],"wp:term":[{"taxonomy":"category","embeddable":true,"href":"https:\/\/www.patriarcatovenezia.it\/evangelizzazione-e-catechesi\/wp-json\/wp\/v2\/categories?post=4915"},{"taxonomy":"post_tag","embeddable":true,"href":"https:\/\/www.patriarcatovenezia.it\/evangelizzazione-e-catechesi\/wp-json\/wp\/v2\/tags?post=4915"}],"curies":[{"name":"wp","href":"https:\/\/api.w.org\/{rel}","templated":true}]}}