{"id":4912,"date":"2024-10-11T07:59:47","date_gmt":"2024-10-11T05:59:47","guid":{"rendered":"https:\/\/www.patriarcatovenezia.it\/evangelizzazione-e-catechesi\/2024\/10\/11\/il-battesimo-grazia-che-trasforma-giornate-di-formazione-per-catechisti\/"},"modified":"2025-04-10T12:15:26","modified_gmt":"2025-04-10T10:15:26","slug":"il-battesimo-grazia-che-trasforma-giornate-di-formazione-per-catechisti","status":"publish","type":"post","link":"https:\/\/www.patriarcatovenezia.it\/evangelizzazione-e-catechesi\/2024\/10\/11\/il-battesimo-grazia-che-trasforma-giornate-di-formazione-per-catechisti\/","title":{"rendered":"Il Battesimo: Grazia che trasforma &#8211; Giornate di formazione per catechisti 2024"},"content":{"rendered":"<p>Dopo aver vissuto il Mandato agli evangelizzatori e ai catechisti nella nostra luminosissima Basilica di San Marco, siamo pronti per dare il via alle giornate di formazione nelle 4 zone del Patriarcato.<\/p>\n<p>Nel nostro impegno vogliamo ripartire dal\u00a0<strong><em>Battesimo, Grazia che trasforma<\/em>\u00a0<\/strong><br \/>\nsulla scia del recente <a href=\"https:\/\/www.patriarcatovenezia.it\/Evangelizzazione-e-Catechesi\/convegno-regionale-catechisti-2024\/\" target=\"_blank\" rel=\"noopener\">Convegno regionale vissuto ad Aquileia <\/a>il 28 settembre con tutte le diocesi del Triveneto: <a href=\"https:\/\/www.conferenzaepiscopaletriveneto.it\/wp-content\/uploads\/sites\/2\/2024\/10\/Documento-Convegno-Triveneto-2024-con-COPERTINA.pdf\" target=\"_blank\" rel=\"noopener\"><strong>Un annuncio che incontra la vita. Riscoprire il Battesimo porta della fede<\/strong><\/a> (<em>vedi il documento finale<\/em>)<\/p>\n<p>Il calendario \u00e8 stato inviato gi\u00e0 questa estate, ma lo riportiamo di nuovo qui sotto.<br \/>\n<strong>\u21d2 SCARICA IL <a href=\"https:\/\/www.patriarcatovenezia.it\/Evangelizzazione-e-Catechesi\/wp-content\/uploads\/sites\/2\/2024\/10\/Giornate_formazione_catechisti_2024-1.pdf\" target=\"_blank\" rel=\"noopener\">VOLANTINO PROMEMORIA<\/a> <\/strong> con tutte le INFO<\/p>\n<hr \/>\n<p>RIVIERA \u21d2 Parrocchia di S. Giovanni Battista, Gambarare<br \/>\n<strong>Sabato 19 ottobre<\/strong><\/p>\n<p>MESTRE &#8211; FAVARO &#8211; MARGHERA \u21d2 Centro pastorale \u201cCard. Urbani\u201d, Zelarino<br \/>\n<strong>Domenica 20 ottobre<\/strong><\/p>\n<p>VENEZIA e ISOLE \u21d2 Seminario Patriarcale, Venezia<br \/>\n<strong>Sabato 26 ottobre<\/strong><\/p>\n<p>LITORALE \u21d2 Parrocchia dei Ss. Liberale e Mauro, Jesolo Lido<br \/>\n<strong>Domenica 27 ottobre<\/strong><\/p>\n<p><em>Ciascuno pu\u00f2 partecipare anche in una zona differente dalla sua, se la data \u00e8 libera dagli impegni. Non ci sono limiti geografici di appartenenza! Purch\u00e9 si tenga a curare la propria crescita spirituale e di servizio. Il programma, infatti, verr\u00e0 ripetuto con piccolissime variazioni in ogni zona.<\/em><\/p>\n<p><strong>Programma della giornata<br \/>\n<\/strong>9.30 &#8211; Accoglienza&#8230;arrivare puntuali!<br \/>\n9.45 &#8211; Saluto e introduzione ai lavori<br \/>\n10.00-10.40 &#8211; <em>Memoria del proprio incontro con Cristo<\/em><br \/>\n11.00-12.30 &#8211; <em>Riconoscere e affrontare gli ostacoli nell&#8217;annuncio del Vangelo<\/em><br \/>\n13-00-14.30 \u2013 Pausa pranzo <em>(19 e 20 si pu\u00f2 pranzare con prenotazione, 26 e 27 pranzo al sacco)<\/em><br \/>\n14.30-15.15 \u2013 <em>La terra buona nel cuore dell&#8217;uomo<\/em><br \/>\n15.15-16.00 \u2013 Santa Messa (domenica) o Liturgia della Parola (Sabato) con rinnovo delle promesse battesimali e memoria del Battesimo<strong><br \/>\n<\/strong><\/p>\n<h5>Per motivi organizzativi, vi chiediamo di <a href=\"https:\/\/docs.google.com\/forms\/d\/e\/1FAIpQLSfSTiJcDlDoApeNnn8-sfUsTHyw2lNoLYzbQ31VzNNAazmgng\/viewform\" target=\"_blank\" rel=\"noopener\">SEGNALARE LA PROPRIA PRESENZA nel MODULO di ADESIONE<\/a><br \/>\n<strong>ENTRO IL 15 OTTOBRE<\/strong> (soprattutto per le prime due date in cui \u00e8 possibile aderire ad un pranzo condiviso, vedi nel modulo le indicazioni sul &#8220;men\u00f9&#8221;)<\/h5>\n<p>&nbsp;<\/p>\n","protected":false},"excerpt":{"rendered":"<p>Dopo aver vissuto il Mandato agli evangelizzatori e ai catechisti nella nostra luminosissima Basilica di San Marco, siamo pronti per dare il via alle giornate di formazione nelle 4 zone del Patriarcato. Nel nostro impegno vogliamo ripartire dal\u00a0Battesimo, Grazia che trasforma\u00a0 sulla scia del recente Convegno regionale vissuto ad Aquileia il 28 settembre con tutte [&hellip;]<\/p>\n","protected":false},"author":0,"featured_media":4913,"comment_status":"closed","ping_status":"closed","sticky":false,"template":"","format":"standard","meta":{"_acf_changed":false,"ip_address":"","user_agent":"","level":"","revision":"","cookie_id":"","page_referer":"","html_form":"","footnotes":""},"categories":[1,88,86],"tags":[],"class_list":["post-4912","post","type-post","status-publish","format-standard","has-post-thumbnail","hentry","category-attivita","category-in-evidenza","category-notizie"],"acf":[],"_links":{"self":[{"href":"https:\/\/www.patriarcatovenezia.it\/evangelizzazione-e-catechesi\/wp-json\/wp\/v2\/posts\/4912"}],"collection":[{"href":"https:\/\/www.patriarcatovenezia.it\/evangelizzazione-e-catechesi\/wp-json\/wp\/v2\/posts"}],"about":[{"href":"https:\/\/www.patriarcatovenezia.it\/evangelizzazione-e-catechesi\/wp-json\/wp\/v2\/types\/post"}],"author":[{"embeddable":true,"href":"https:\/\/www.patriarcatovenezia.it\/evangelizzazione-e-catechesi\/wp-json\/wp\/v2\/users\/9"}],"replies":[{"embeddable":true,"href":"https:\/\/www.patriarcatovenezia.it\/evangelizzazione-e-catechesi\/wp-json\/wp\/v2\/comments?post=4912"}],"version-history":[{"count":1,"href":"https:\/\/www.patriarcatovenezia.it\/evangelizzazione-e-catechesi\/wp-json\/wp\/v2\/posts\/4912\/revisions"}],"predecessor-version":[{"id":5720,"href":"https:\/\/www.patriarcatovenezia.it\/evangelizzazione-e-catechesi\/wp-json\/wp\/v2\/posts\/4912\/revisions\/5720"}],"wp:featuredmedia":[{"embeddable":true,"href":"https:\/\/www.patriarcatovenezia.it\/evangelizzazione-e-catechesi\/wp-json\/wp\/v2\/media\/4913"}],"wp:attachment":[{"href":"https:\/\/www.patriarcatovenezia.it\/evangelizzazione-e-catechesi\/wp-json\/wp\/v2\/media?parent=4912"}],"wp:term":[{"taxonomy":"category","embeddable":true,"href":"https:\/\/www.patriarcatovenezia.it\/evangelizzazione-e-catechesi\/wp-json\/wp\/v2\/categories?post=4912"},{"taxonomy":"post_tag","embeddable":true,"href":"https:\/\/www.patriarcatovenezia.it\/evangelizzazione-e-catechesi\/wp-json\/wp\/v2\/tags?post=4912"}],"curies":[{"name":"wp","href":"https:\/\/api.w.org\/{rel}","templated":true}]}}