{"id":4908,"date":"2024-10-09T06:46:51","date_gmt":"2024-10-09T04:46:51","guid":{"rendered":"https:\/\/www.patriarcatovenezia.it\/evangelizzazione-e-catechesi\/2024\/10\/09\/catechesi-del-buon-pastore-la-formazione-prosegue\/"},"modified":"2024-10-09T06:46:51","modified_gmt":"2024-10-09T04:46:51","slug":"catechesi-del-buon-pastore-la-formazione-prosegue","status":"publish","type":"post","link":"https:\/\/www.patriarcatovenezia.it\/evangelizzazione-e-catechesi\/2024\/10\/09\/catechesi-del-buon-pastore-la-formazione-prosegue\/","title":{"rendered":"Catechesi del Buon pastore: la formazione prosegue"},"content":{"rendered":"<p>Lo scorso anno abbiamo fatto conoscere alla diocesi la C<strong>atechesi del Buon pastore<\/strong> che da anni \u00e8 presente a Venezia Centro storico cos\u00ec come in altre diocesi italiane, con riscontri molto positivi. Tale percorso <em>di ispirazione montessoriana<\/em>, molto attento alla Sacra Scrittura e all&#8217;educazione liturgica, \u00e8 stato presentato in linea generale in una serata nella parrocchia di San Giuseppe di Mestre nel 2023 e ha poi visto concretizzarsi una formazione di PRIMO LIVELLO (<strong>3-6 anni<\/strong>) durata tutto l&#8217;anno con la prof.ssa Cocchini.<\/p>\n<p>Siamo felici di annunciare che i partecipanti dello scorso anno hanno manifestato il desiderio di proseguire gli incontri per il <a href=\"https:\/\/www.patriarcatovenezia.it\/Evangelizzazione-e-Catechesi\/wp-content\/uploads\/sites\/2\/2024\/10\/Catechesi-Buon-Pastore-SECONDO-LIVELLO-pdf.pdf\" target=\"_blank\" rel=\"noopener\"><strong>SECONDO LIVELLO<\/strong><\/a> (fascia d&#8217;et\u00e0 <strong>6-8 anni<\/strong>) con giornate di formazione ospitate presso la parrocchia di <strong>S. Maria Goretti<\/strong> a Mestre.<\/p>\n<p>Mentre si ripropone un <a href=\"https:\/\/www.patriarcatovenezia.it\/Evangelizzazione-e-Catechesi\/wp-content\/uploads\/sites\/2\/2024\/10\/Catechesi-Buon-Pastore-PRIMO-LIVELLO-2425.pdf\" target=\"_blank\" rel=\"noopener\"><strong>PRIMO LIVELLO<\/strong><\/a>\u00a0 con lezioni ospitate a Venezia, presso il <strong>Centro Scalz<\/strong>i, per chi volesse cominciare ad approcciare questa proposta catechistica che, come abbiamo avuto pi\u00f9 volte modo di spiegare &#8211; anche alle giornate catechistiche 2023 &#8211; investe molto sulle capacit\u00e0 innate dei bambini (in et\u00e0 pre-scolare) di instaurare un rapporto con Dio in maniera autentica e personale; coinvolgendo molto la famiglia, ben disposta in questo periodo verso la crescita dei propri figli, lasciandosi provocare anche nella riscoperta della fede.<\/p>\n<p>&gt;&gt;&gt; Quanti fossero interessati a conoscere di pi\u00f9 di questa esperienza possono contattare direttamente <strong>Eleonora<\/strong>\u00a0(che sta coordinando le attivit\u00e0): <strong>348 2414096<\/strong><br \/>\ne\/o scaricare qui sotto i volantini relativi alle due proposte.<\/p>\n","protected":false},"excerpt":{"rendered":"<p>Lo scorso anno abbiamo fatto conoscere alla diocesi la Catechesi del Buon pastore che da anni \u00e8 presente a Venezia Centro storico cos\u00ec come in altre diocesi italiane, con riscontri molto positivi. Tale percorso di ispirazione montessoriana, molto attento alla Sacra Scrittura e all&#8217;educazione liturgica, \u00e8 stato presentato in linea generale in una serata nella [&hellip;]<\/p>\n","protected":false},"author":0,"featured_media":4909,"comment_status":"open","ping_status":"open","sticky":false,"template":"","format":"standard","meta":{"_acf_changed":false,"ip_address":"","user_agent":"","level":"","revision":"","cookie_id":"","page_referer":"","html_form":"","footnotes":""},"categories":[1,86],"tags":[],"class_list":["post-4908","post","type-post","status-publish","format-standard","has-post-thumbnail","hentry","category-attivita","category-notizie"],"acf":[],"_links":{"self":[{"href":"https:\/\/www.patriarcatovenezia.it\/evangelizzazione-e-catechesi\/wp-json\/wp\/v2\/posts\/4908"}],"collection":[{"href":"https:\/\/www.patriarcatovenezia.it\/evangelizzazione-e-catechesi\/wp-json\/wp\/v2\/posts"}],"about":[{"href":"https:\/\/www.patriarcatovenezia.it\/evangelizzazione-e-catechesi\/wp-json\/wp\/v2\/types\/post"}],"author":[{"embeddable":true,"href":"https:\/\/www.patriarcatovenezia.it\/evangelizzazione-e-catechesi\/wp-json\/wp\/v2\/users\/9"}],"replies":[{"embeddable":true,"href":"https:\/\/www.patriarcatovenezia.it\/evangelizzazione-e-catechesi\/wp-json\/wp\/v2\/comments?post=4908"}],"version-history":[{"count":0,"href":"https:\/\/www.patriarcatovenezia.it\/evangelizzazione-e-catechesi\/wp-json\/wp\/v2\/posts\/4908\/revisions"}],"wp:featuredmedia":[{"embeddable":true,"href":"https:\/\/www.patriarcatovenezia.it\/evangelizzazione-e-catechesi\/wp-json\/wp\/v2\/media\/4909"}],"wp:attachment":[{"href":"https:\/\/www.patriarcatovenezia.it\/evangelizzazione-e-catechesi\/wp-json\/wp\/v2\/media?parent=4908"}],"wp:term":[{"taxonomy":"category","embeddable":true,"href":"https:\/\/www.patriarcatovenezia.it\/evangelizzazione-e-catechesi\/wp-json\/wp\/v2\/categories?post=4908"},{"taxonomy":"post_tag","embeddable":true,"href":"https:\/\/www.patriarcatovenezia.it\/evangelizzazione-e-catechesi\/wp-json\/wp\/v2\/tags?post=4908"}],"curies":[{"name":"wp","href":"https:\/\/api.w.org\/{rel}","templated":true}]}}