{"id":4906,"date":"2024-09-11T13:08:07","date_gmt":"2024-09-11T11:08:07","guid":{"rendered":"https:\/\/www.patriarcatovenezia.it\/evangelizzazione-e-catechesi\/2024\/09\/11\/prendersi-cura-di-tutti-animati-dalla-speranza\/"},"modified":"2025-04-10T12:15:21","modified_gmt":"2025-04-10T10:15:21","slug":"prendersi-cura-di-tutti-animati-dalla-speranza","status":"publish","type":"post","link":"https:\/\/www.patriarcatovenezia.it\/evangelizzazione-e-catechesi\/2024\/09\/11\/prendersi-cura-di-tutti-animati-dalla-speranza\/","title":{"rendered":"Prendersi cura di tutti, animati dalla Speranza"},"content":{"rendered":"<p>Sapendo che molte comunit\u00e0 si stanno ritrovando per fare il punto della situazione e &#8220;programmare l&#8217;anno&#8221; che porta con s\u00e8 il dono grande del GIUBILEO&#8230;<br \/>\nrichiamiamo qui sotto il calendario diocesano gi\u00e0 annunciato a luglio, affinch\u00e9 quanti impegnati nell&#8217;evangelizzazione e nella catechesi siano informati e messi in grado di organizzarsi.<\/p>\n<p><span style=\"color: #ff0000\"><strong>&gt;&gt;&gt; Vi chiediamo di fare MOLTA ATTENZIONE perch\u00e9 si \u00e8 dovuto effettuare uno slittamento nella data del Mandato diocesano: DOMENICA 6 OTTOBRE<br \/>\ne rispetto alle comunicazioni di luglio una nuova proposta si \u00e8 aggiunta nel mese di NOVEMBRE proprio in preparazione all&#8217;anno giubilare, che pensiamo possa essere gradita e partecipata.<\/strong><\/span><\/p>\n<hr \/>\n<p>\u21d2 <strong>MANDATO agli EVANGELIZZATORI e ai CATECHISTI\u00a02024\u00a0<\/strong><br \/>\n<span style=\"color: #ff0000\"><strong>domenica 6 ottobre<\/strong><\/span>, ore 15.30 &#8211; Basilica di San Marco<\/p>\n<p>\u21d2 <strong>GIORNATE di FORMAZIONE per i CATECHISTI\u00a0<\/strong><br \/>\ndalle ore 9.30 alle ore 16.00 \u2013 per zone, nelle diverse sedi:<\/p>\n<ul>\n<li><strong>SABATO 19 ottobre<\/strong> \u2013 Vicariato di GAMBARARE (c\/o parrocchia di San Giovanni Battista)<\/li>\n<li><strong>DOMENICA 20 ottobre<\/strong>\u00a0\u2013 Vicariati di MESTRE \/ MARGHERA \/ FAVARO (c\/o il Centro pastorale &#8220;Card. G. Urbani&#8221;)<\/li>\n<li><strong>SABATO 26 ottobre<\/strong> \u2013 zona di VENEZIA e ISOLE (c\/o il Seminario patriarcale)<\/li>\n<li><strong>DOMENICA 27 ottobre<\/strong> \u2013 zona del LITORALE (c\/o la parrocchia dei Ss. Liberale e Mauro)<\/li>\n<\/ul>\n<p>\u21d2 <span style=\"color: #ff0000\"><strong>PREGHIERA alla SALUTE con tutti i catechisti, in preparazione all&#8217;ANNO GIUBILARE\u00a0 \u00a0<\/strong><\/span><br \/>\n<strong><span style=\"color: #ff0000\">domenica 17 novembr<\/span><span style=\"color: #ff0000\">e<\/span><\/strong><span style=\"color: #ff0000\">, ore 15.30 (orario da confermare) &#8211; Basilica della Salute<\/span><\/p>\n<p>\u21d2\u00a0<strong>INCONTRO della CARIT\u00c0\u00a0<\/strong><br \/>\ndomenica 1 dicembre, ore 15.00 &#8211; Basilica di San Marco<\/p>\n","protected":false},"excerpt":{"rendered":"<p>Sapendo che molte comunit\u00e0 si stanno ritrovando per fare il punto della situazione e &#8220;programmare l&#8217;anno&#8221; che porta con s\u00e8 il dono grande del GIUBILEO&#8230; richiamiamo qui sotto il calendario diocesano gi\u00e0 annunciato a luglio, affinch\u00e9 quanti impegnati nell&#8217;evangelizzazione e nella catechesi siano informati e messi in grado di organizzarsi. &gt;&gt;&gt; Vi chiediamo di fare [&hellip;]<\/p>\n","protected":false},"author":0,"featured_media":4907,"comment_status":"closed","ping_status":"closed","sticky":false,"template":"","format":"standard","meta":{"_acf_changed":false,"ip_address":"","user_agent":"","level":"","revision":"","cookie_id":"","page_referer":"","html_form":"","footnotes":""},"categories":[1,86],"tags":[],"class_list":["post-4906","post","type-post","status-publish","format-standard","has-post-thumbnail","hentry","category-attivita","category-notizie"],"acf":[],"_links":{"self":[{"href":"https:\/\/www.patriarcatovenezia.it\/evangelizzazione-e-catechesi\/wp-json\/wp\/v2\/posts\/4906"}],"collection":[{"href":"https:\/\/www.patriarcatovenezia.it\/evangelizzazione-e-catechesi\/wp-json\/wp\/v2\/posts"}],"about":[{"href":"https:\/\/www.patriarcatovenezia.it\/evangelizzazione-e-catechesi\/wp-json\/wp\/v2\/types\/post"}],"author":[{"embeddable":true,"href":"https:\/\/www.patriarcatovenezia.it\/evangelizzazione-e-catechesi\/wp-json\/wp\/v2\/users\/9"}],"replies":[{"embeddable":true,"href":"https:\/\/www.patriarcatovenezia.it\/evangelizzazione-e-catechesi\/wp-json\/wp\/v2\/comments?post=4906"}],"version-history":[{"count":1,"href":"https:\/\/www.patriarcatovenezia.it\/evangelizzazione-e-catechesi\/wp-json\/wp\/v2\/posts\/4906\/revisions"}],"predecessor-version":[{"id":5719,"href":"https:\/\/www.patriarcatovenezia.it\/evangelizzazione-e-catechesi\/wp-json\/wp\/v2\/posts\/4906\/revisions\/5719"}],"wp:featuredmedia":[{"embeddable":true,"href":"https:\/\/www.patriarcatovenezia.it\/evangelizzazione-e-catechesi\/wp-json\/wp\/v2\/media\/4907"}],"wp:attachment":[{"href":"https:\/\/www.patriarcatovenezia.it\/evangelizzazione-e-catechesi\/wp-json\/wp\/v2\/media?parent=4906"}],"wp:term":[{"taxonomy":"category","embeddable":true,"href":"https:\/\/www.patriarcatovenezia.it\/evangelizzazione-e-catechesi\/wp-json\/wp\/v2\/categories?post=4906"},{"taxonomy":"post_tag","embeddable":true,"href":"https:\/\/www.patriarcatovenezia.it\/evangelizzazione-e-catechesi\/wp-json\/wp\/v2\/tags?post=4906"}],"curies":[{"name":"wp","href":"https:\/\/api.w.org\/{rel}","templated":true}]}}