{"id":4694,"date":"2024-02-22T14:15:30","date_gmt":"2024-02-22T13:15:30","guid":{"rendered":"https:\/\/venezia.webdiocesi.it\/Evangelizzazione-e-Catechesi\/?p=4694"},"modified":"2024-02-22T14:17:25","modified_gmt":"2024-02-22T13:17:25","slug":"hope-2024-correre-ad-iscriversi-perche-febbraio-e-un-po-piu-lungo-del-solito-maaaaaaaaa","status":"publish","type":"post","link":"https:\/\/www.patriarcatovenezia.it\/evangelizzazione-e-catechesi\/2024\/02\/22\/hope-2024-correre-ad-iscriversi-perche-febbraio-e-un-po-piu-lungo-del-solito-maaaaaaaaa\/","title":{"rendered":"HOPe 2024 &#8230;CORRERE AD ISCRIVERSI perch\u00e9 febbraio \u00e8 un po&#8217; pi\u00f9 lungo del solito, maaaaaaaaa"},"content":{"rendered":"<h5><strong>Come? Non vi siete ancora iscritti???<br \/>\n<\/strong><\/h5>\n<h5><strong>Se sei un <\/strong><strong>ragazzo o una ragazza dagli 11 ai 14 anni <\/strong><\/h5>\n<h5><strong>e vivi nel Patriarcato di Venezia <\/strong><\/h5>\n<h5><strong>NON puoi NON rispondere a questo invito!<br \/>\n<\/strong><\/h5>\n<h5><strong>HOPe 2024 \u00e8 la mitica festa diocesana pensata apposta per te.<br \/>\n<\/strong><\/h5>\n<hr \/>\n<p>Se invece sei un\/una catechista, un animatore, un genitore che ha a cuore il bene dei ragazzi&#8230;<br \/>\nallora mettiti in moto subito e vai alla <a href=\"https:\/\/venezia.webdiocesi.it\/pastorale-giovanile\/hope-2024-festa-dei-ragazzi\/\" target=\"_blank\" rel=\"noopener\"><strong>PAGINA DEDICATA<\/strong><\/a><strong> per seguire le indicazioni per le ISCRIZIONI<\/strong><\/p>\n<p>In essa trovi il volantino personale e l\u2019accesso al <strong>modulo online per iscrivere il gruppo<\/strong> (parrocchiale o collaborazione pastorale)<br \/>\n<span style=\"color: #ff0000\"><strong>ENTRO E NON OLTRE IL 29 FEBBRAIO 2024<\/strong><\/span><\/p>\n<p>Per tutte le\u00a0<strong><a href=\"https:\/\/venezia.webdiocesi.it\/pastorale-giovanile\/wp-content\/uploads\/sites\/6\/2024\/01\/HOPe2024_INFORMAZIONI_alle_PARROCCHIE.pdf\" target=\"_blank\" rel=\"noopener\">INFORMAZIONI<\/a><\/strong>\u00a0vedi foglio di spiegazioni.<\/p>\n<p><a href=\"https:\/\/venezia.webdiocesi.it\/Evangelizzazione-e-Catechesi\/wp-content\/uploads\/sites\/17\/2024\/02\/manifesto_hope_24.pdf\" target=\"_blank\" rel=\"noopener\"><strong>SCARICA LA LOCANDINA<\/strong><\/a>, appendila in patronato, inviala a tutte le famiglie&#8230; il 14 aprile stare a casa non \u00e8 tra le opzioni!!!<br \/>\n<em>(tranne in caso di malattia&#8230; o pandemia)<\/em><\/p>\n","protected":false},"excerpt":{"rendered":"<p>Come? Non vi siete ancora iscritti??? Se sei un ragazzo o una ragazza dagli 11 ai 14 anni e vivi nel Patriarcato di Venezia NON puoi NON rispondere a questo invito! HOPe 2024 \u00e8 la mitica festa diocesana pensata apposta per te. Se invece sei un\/una catechista, un animatore, un genitore che ha a cuore [&hellip;]<\/p>\n","protected":false},"author":0,"featured_media":4693,"comment_status":"closed","ping_status":"closed","sticky":false,"template":"","format":"standard","meta":{"_acf_changed":false,"ip_address":"","user_agent":"","level":"","revision":"","cookie_id":"","page_referer":"","html_form":"","footnotes":""},"categories":[1,86],"tags":[],"class_list":["post-4694","post","type-post","status-publish","format-standard","has-post-thumbnail","hentry","category-attivita","category-notizie"],"acf":[],"_links":{"self":[{"href":"https:\/\/www.patriarcatovenezia.it\/evangelizzazione-e-catechesi\/wp-json\/wp\/v2\/posts\/4694"}],"collection":[{"href":"https:\/\/www.patriarcatovenezia.it\/evangelizzazione-e-catechesi\/wp-json\/wp\/v2\/posts"}],"about":[{"href":"https:\/\/www.patriarcatovenezia.it\/evangelizzazione-e-catechesi\/wp-json\/wp\/v2\/types\/post"}],"author":[{"embeddable":true,"href":"https:\/\/www.patriarcatovenezia.it\/evangelizzazione-e-catechesi\/wp-json\/wp\/v2\/users\/9"}],"replies":[{"embeddable":true,"href":"https:\/\/www.patriarcatovenezia.it\/evangelizzazione-e-catechesi\/wp-json\/wp\/v2\/comments?post=4694"}],"version-history":[{"count":6,"href":"https:\/\/www.patriarcatovenezia.it\/evangelizzazione-e-catechesi\/wp-json\/wp\/v2\/posts\/4694\/revisions"}],"predecessor-version":[{"id":4701,"href":"https:\/\/www.patriarcatovenezia.it\/evangelizzazione-e-catechesi\/wp-json\/wp\/v2\/posts\/4694\/revisions\/4701"}],"wp:featuredmedia":[{"embeddable":true,"href":"https:\/\/www.patriarcatovenezia.it\/evangelizzazione-e-catechesi\/wp-json\/wp\/v2\/media\/4693"}],"wp:attachment":[{"href":"https:\/\/www.patriarcatovenezia.it\/evangelizzazione-e-catechesi\/wp-json\/wp\/v2\/media?parent=4694"}],"wp:term":[{"taxonomy":"category","embeddable":true,"href":"https:\/\/www.patriarcatovenezia.it\/evangelizzazione-e-catechesi\/wp-json\/wp\/v2\/categories?post=4694"},{"taxonomy":"post_tag","embeddable":true,"href":"https:\/\/www.patriarcatovenezia.it\/evangelizzazione-e-catechesi\/wp-json\/wp\/v2\/tags?post=4694"}],"curies":[{"name":"wp","href":"https:\/\/api.w.org\/{rel}","templated":true}]}}