{"id":4350,"date":"2023-11-13T12:46:43","date_gmt":"2023-11-13T11:46:43","guid":{"rendered":"https:\/\/venezia.webdiocesi.it\/Evangelizzazione-e-Catechesi\/?p=4350"},"modified":"2023-11-14T12:41:25","modified_gmt":"2023-11-14T11:41:25","slug":"ma-come-si-fa-natale-incontro-della-carita-2023","status":"publish","type":"post","link":"https:\/\/www.patriarcatovenezia.it\/evangelizzazione-e-catechesi\/2023\/11\/13\/ma-come-si-fa-natale-incontro-della-carita-2023\/","title":{"rendered":"MA COME SI FA NATALE? Incontro della carit\u00e0 2023"},"content":{"rendered":"<p>La domanda provocatoria, titolo dell&#8217;<span style=\"color: #000000\"><strong>Incontro della carit\u00e0 2023<\/strong>,<\/span> punta a non lasciare che le famiglie vivano distrattamente un Natale di luci e addobbi, ma piuttosto a riflettere sul valore e il senso della Festa che si va a celebrare. Come molte altre feste cristiane, infatti, il rischio ai nostri giorni \u00e8 quello di conservare un luccicante incarto&#8230; e buttare via il regalo!!!<br \/>\nChe ce ne facciamo di un&#8217;atmosfera &#8220;magica&#8221; e &#8220;calda&#8221; se non sappiamo CHI ne \u00e8 la fonte?<\/p>\n<p>I bambini dai 6 ai 10 anni &#8211; quest&#8217;anno anche quelli di 5 anni sono invitati! &#8211; con i loro genitori, si recheranno<br \/>\n<strong>DOMENICA 3 DICEMBRE ORE 15:30<\/strong> nella Basilica Cattedrale di San Marco a Venezia<br \/>\nper farsi proprio questa domanda assieme al Patriarca Francesco: <strong>MA COME SI FA NATALE?<\/strong><\/p>\n<p>Accompagnati da un&#8217;animazione semplice e gioiosa, dai canti del <strong>Coro SGEV<\/strong> e dalle parole che il nostro Patriarca vorr\u00e0 regalarci&#8230; l&#8217;incontro promuover\u00e0 anche l&#8217;attivit\u00e0 della <strong>CARITAS DIOCESANA<\/strong> affinch\u00e9 il nostro Natale sia davvero annuncio della nascita di Ges\u00f9 Bambino, il Dio-con-tutti gli uomini e le donne di ogni tempo. Perch\u00e9 non ci si dimentichi del povero che frequenta le mense quotidianamente, viene lanciata la raccolta offerte:\u00a0<strong>AGGIUNGI UN PASTO&#8230; IN TAVOLA\u00a0<\/strong><\/p>\n<p>L&#8217;Avvento di fraternit\u00e0 si colora cos\u00ec di quel gesto semplice che \u00e8 la condivisione di un pasto caldo, consumato in un ambiente accogliente e tra volti che sanno di famiglia, anche per chi \u00e8 solo o vive momenti di fatica.<br \/>\n<em>Come il buon samaritano della parabola di Ges\u00f9, mosso da compassione, non passa accanto con indifferenza a chi \u00e8 incappato nei briganti, ma si china su di lui e lo affida al locandiere pagando il conto perch\u00e9 ne abbia cura&#8230;<\/em><br \/>\n<em>altrettanto noi, non potendo sedere concretamente a tavola con chi \u00e8 povero, ce ne facciamo per\u00f2 carico attraverso quanti si adoperano nelle mense dei poveri.<\/em><\/p>\n<p>Il 30 novembre (ritiro di Avvento dei preti) e all&#8217;Incontro della Carit\u00e0 stesso saranno distribuiti i <strong>salvadanai<\/strong> per la raccolta <strong><em>&#8220;Avvento di fraternit\u00e0&#8221;<\/em><\/strong><\/p>\n<hr \/>\n<p>Materiali a disposizione<\/p>\n<p><img loading=\"lazy\" decoding=\"async\" class=\" wp-image-4360 alignright\" src=\"https:\/\/venezia.webdiocesi.it\/Evangelizzazione-e-Catechesi\/wp-content\/uploads\/sites\/17\/2023\/11\/promo_Aggiungi1pAsto-1-300x213.jpg\" alt=\"\" width=\"450\" height=\"320\" srcset=\"https:\/\/www.patriarcatovenezia.it\/evangelizzazione-e-catechesi\/wp-content\/uploads\/sites\/17\/2023\/11\/promo_Aggiungi1pAsto-1-300x213.jpg 300w, https:\/\/www.patriarcatovenezia.it\/evangelizzazione-e-catechesi\/wp-content\/uploads\/sites\/17\/2023\/11\/promo_Aggiungi1pAsto-1-1024x726.jpg 1024w, https:\/\/www.patriarcatovenezia.it\/evangelizzazione-e-catechesi\/wp-content\/uploads\/sites\/17\/2023\/11\/promo_Aggiungi1pAsto-1-768x544.jpg 768w, https:\/\/www.patriarcatovenezia.it\/evangelizzazione-e-catechesi\/wp-content\/uploads\/sites\/17\/2023\/11\/promo_Aggiungi1pAsto-1-360x255.jpg 360w, https:\/\/www.patriarcatovenezia.it\/evangelizzazione-e-catechesi\/wp-content\/uploads\/sites\/17\/2023\/11\/promo_Aggiungi1pAsto-1-1536x1089.jpg 1536w, https:\/\/www.patriarcatovenezia.it\/evangelizzazione-e-catechesi\/wp-content\/uploads\/sites\/17\/2023\/11\/promo_Aggiungi1pAsto-1-2048x1451.jpg 2048w, https:\/\/www.patriarcatovenezia.it\/evangelizzazione-e-catechesi\/wp-content\/uploads\/sites\/17\/2023\/11\/promo_Aggiungi1pAsto-1-1320x936.jpg 1320w\" sizes=\"(max-width: 450px) 100vw, 450px\" \/><\/p>\n<p><strong>LOCANDINA &#8211; Incontro della carit\u00e0 2023<\/strong><\/p>\n<ul>\n<li><a href=\"https:\/\/venezia.webdiocesi.it\/Evangelizzazione-e-Catechesi\/wp-content\/uploads\/sites\/17\/2023\/11\/loc_IdC2023.pdf\" target=\"_blank\" rel=\"noopener\">pdf per la stampa<\/a><\/li>\n<li><a href=\"https:\/\/venezia.webdiocesi.it\/Evangelizzazione-e-Catechesi\/wp-content\/uploads\/sites\/17\/2023\/11\/loc_IdC2023-scaled-e1699875490822.jpg\" target=\"_blank\" rel=\"noopener\" data-rel=\"lightbox-image-0\" data-rl_title=\"\" data-rl_caption=\"\" title=\"\">locandina per la promozione social\u00a0<\/a><\/li>\n<\/ul>\n<p><strong>AGGIUNGI UN PASTO&#8230; IN TAVOLA &#8211; gesto di carit\u00e0 per le famiglie e le comunit\u00e0<\/strong><\/p>\n<ul>\n<li><a href=\"https:\/\/venezia.webdiocesi.it\/Evangelizzazione-e-Catechesi\/wp-content\/uploads\/sites\/17\/2023\/11\/promo_Aggiungi1pasto.pdf\" target=\"_blank\" rel=\"noopener\">foglio di spiegazione<\/a><\/li>\n<li><a href=\"https:\/\/venezia.webdiocesi.it\/Evangelizzazione-e-Catechesi\/wp-content\/uploads\/sites\/17\/2023\/11\/promo_Aggiungi1pAsto.jpg\" target=\"_blank\" rel=\"noopener\" data-rel=\"lightbox-image-1\" data-rl_title=\"\" data-rl_caption=\"\" title=\"\">card per la promozione<\/a><\/li>\n<\/ul>\n","protected":false},"excerpt":{"rendered":"<p>La domanda provocatoria, titolo dell&#8217;Incontro della carit\u00e0 2023, punta a non lasciare che le famiglie vivano distrattamente un Natale di luci e addobbi, ma piuttosto a riflettere sul valore e il senso della Festa che si va a celebrare. Come molte altre feste cristiane, infatti, il rischio ai nostri giorni \u00e8 quello di conservare un [&hellip;]<\/p>\n","protected":false},"author":0,"featured_media":4351,"comment_status":"closed","ping_status":"closed","sticky":false,"template":"","format":"standard","meta":{"_acf_changed":false,"ip_address":"","user_agent":"","level":"","revision":"","cookie_id":"","page_referer":"","html_form":"","footnotes":""},"categories":[1,86],"tags":[],"class_list":["post-4350","post","type-post","status-publish","format-standard","has-post-thumbnail","hentry","category-attivita","category-notizie"],"acf":[],"_links":{"self":[{"href":"https:\/\/www.patriarcatovenezia.it\/evangelizzazione-e-catechesi\/wp-json\/wp\/v2\/posts\/4350"}],"collection":[{"href":"https:\/\/www.patriarcatovenezia.it\/evangelizzazione-e-catechesi\/wp-json\/wp\/v2\/posts"}],"about":[{"href":"https:\/\/www.patriarcatovenezia.it\/evangelizzazione-e-catechesi\/wp-json\/wp\/v2\/types\/post"}],"author":[{"embeddable":true,"href":"https:\/\/www.patriarcatovenezia.it\/evangelizzazione-e-catechesi\/wp-json\/wp\/v2\/users\/9"}],"replies":[{"embeddable":true,"href":"https:\/\/www.patriarcatovenezia.it\/evangelizzazione-e-catechesi\/wp-json\/wp\/v2\/comments?post=4350"}],"version-history":[{"count":10,"href":"https:\/\/www.patriarcatovenezia.it\/evangelizzazione-e-catechesi\/wp-json\/wp\/v2\/posts\/4350\/revisions"}],"predecessor-version":[{"id":4366,"href":"https:\/\/www.patriarcatovenezia.it\/evangelizzazione-e-catechesi\/wp-json\/wp\/v2\/posts\/4350\/revisions\/4366"}],"wp:featuredmedia":[{"embeddable":true,"href":"https:\/\/www.patriarcatovenezia.it\/evangelizzazione-e-catechesi\/wp-json\/wp\/v2\/media\/4351"}],"wp:attachment":[{"href":"https:\/\/www.patriarcatovenezia.it\/evangelizzazione-e-catechesi\/wp-json\/wp\/v2\/media?parent=4350"}],"wp:term":[{"taxonomy":"category","embeddable":true,"href":"https:\/\/www.patriarcatovenezia.it\/evangelizzazione-e-catechesi\/wp-json\/wp\/v2\/categories?post=4350"},{"taxonomy":"post_tag","embeddable":true,"href":"https:\/\/www.patriarcatovenezia.it\/evangelizzazione-e-catechesi\/wp-json\/wp\/v2\/tags?post=4350"}],"curies":[{"name":"wp","href":"https:\/\/api.w.org\/{rel}","templated":true}]}}